{"id":81744,"date":"2024-11-28T10:54:54","date_gmt":"2024-11-28T15:54:54","guid":{"rendered":"https:\/\/l21.mx\/?p=81744"},"modified":"2024-11-28T10:54:54","modified_gmt":"2024-11-28T15:54:54","slug":"asiste-estefania-mercado-a-la-inauguracion-del-world-tourism-trend-summit-2024","status":"publish","type":"post","link":"https:\/\/l21.mx\/?p=81744","title":{"rendered":"Asiste Estefan\u00eda Mercado a la inauguraci\u00f3n del World Tourism Trend Summit 2024"},"content":{"rendered":"<p>&nbsp;<\/p>\n<p>\u2022 La Presidenta Municipal de Solidaridad acompa\u00f1a a la gobernadora Mara Lezama durante el evento que se lleva a cabo en la isla de Cozumel<br \/>\n\u2022 El pr\u00f3ximo 2 de diciembre se relanzar\u00e1 la marca Playa del Carmen, acorde al dinamismo que ha implementado la gobernadora Mara Lezama en materia tur\u00edstica para Quintana Roo y sus 12 destinos<\/p>\n<p><a href=\"https:\/\/l21.mx\/wp-content\/uploads\/2024\/11\/1b-12.jpg\" data-rel=\"penci-gallery-image-content\" ><img fetchpriority=\"high\" decoding=\"async\" class=\"alignnone size-medium wp-image-81745\" src=\"https:\/\/l21.mx\/wp-content\/uploads\/2024\/11\/1b-12-300x200.jpg\" alt=\"\" width=\"300\" height=\"200\" srcset=\"https:\/\/l21.mx\/wp-content\/uploads\/2024\/11\/1b-12-300x200.jpg 300w, https:\/\/l21.mx\/wp-content\/uploads\/2024\/11\/1b-12-1024x682.jpg 1024w, https:\/\/l21.mx\/wp-content\/uploads\/2024\/11\/1b-12-768x512.jpg 768w, https:\/\/l21.mx\/wp-content\/uploads\/2024\/11\/1b-12-1536x1023.jpg 1536w, https:\/\/l21.mx\/wp-content\/uploads\/2024\/11\/1b-12-1170x780.jpg 1170w, https:\/\/l21.mx\/wp-content\/uploads\/2024\/11\/1b-12-585x390.jpg 585w, https:\/\/l21.mx\/wp-content\/uploads\/2024\/11\/1b-12-263x175.jpg 263w, https:\/\/l21.mx\/wp-content\/uploads\/2024\/11\/1b-12.jpg 1600w\" sizes=\"(max-width: 300px) 100vw, 300px\" \/><\/a><\/p>\n<p>Cozumel, Quintana Roo, 27 de noviembre de 2024.- La presidenta municipal de Solidaridad, Estefan\u00eda Mercado, asisti\u00f3 hoy a la inauguraci\u00f3n del World Tourism Trend Summit (WWTS) 2024, que encabez\u00f3 la gobernadora Mara Lezama en el Centro Internacional de Convenciones de esta ciudad, en donde se dieron cita l\u00edderes, expertos y visionarios del turismo y la tecnolog\u00eda, para compartir estrategias, innovaci\u00f3n y tendencias.<\/p>\n<p>En este marco, la Alcaldesa celebr\u00f3 que Cozumel se convierta en el epicentro de la innovaci\u00f3n tur\u00edstica, a fin de fortalecer y hacer m\u00e1s competitivos los destinos del Caribe Mexicano y de todo el pa\u00eds, y con ello continuar con la transformaci\u00f3n de la industria apegada siempre a los lineamientos de sustentabilidad.<\/p>\n<p><a href=\"https:\/\/l21.mx\/wp-content\/uploads\/2024\/11\/WhatsApp-Image-2024-11-27-at-2.22.42-PM.jpeg\" data-rel=\"penci-gallery-image-content\" ><img decoding=\"async\" class=\"alignnone size-medium wp-image-81747\" src=\"https:\/\/l21.mx\/wp-content\/uploads\/2024\/11\/WhatsApp-Image-2024-11-27-at-2.22.42-PM-300x200.jpeg\" alt=\"\" width=\"300\" height=\"200\" srcset=\"https:\/\/l21.mx\/wp-content\/uploads\/2024\/11\/WhatsApp-Image-2024-11-27-at-2.22.42-PM-300x200.jpeg 300w, https:\/\/l21.mx\/wp-content\/uploads\/2024\/11\/WhatsApp-Image-2024-11-27-at-2.22.42-PM-1024x682.jpeg 1024w, https:\/\/l21.mx\/wp-content\/uploads\/2024\/11\/WhatsApp-Image-2024-11-27-at-2.22.42-PM-768x512.jpeg 768w, https:\/\/l21.mx\/wp-content\/uploads\/2024\/11\/WhatsApp-Image-2024-11-27-at-2.22.42-PM-1536x1023.jpeg 1536w, https:\/\/l21.mx\/wp-content\/uploads\/2024\/11\/WhatsApp-Image-2024-11-27-at-2.22.42-PM-1170x780.jpeg 1170w, https:\/\/l21.mx\/wp-content\/uploads\/2024\/11\/WhatsApp-Image-2024-11-27-at-2.22.42-PM-585x390.jpeg 585w, https:\/\/l21.mx\/wp-content\/uploads\/2024\/11\/WhatsApp-Image-2024-11-27-at-2.22.42-PM-263x175.jpeg 263w, https:\/\/l21.mx\/wp-content\/uploads\/2024\/11\/WhatsApp-Image-2024-11-27-at-2.22.42-PM.jpeg 1600w\" sizes=\"(max-width: 300px) 100vw, 300px\" \/><\/a><\/p>\n<p>\u00abEs importante que continuemos trabajando en equipo gobierno, iniciativa privada y sociedad en general, para que el \u00e9xito del turismo, cimentado en un nuevo modelo responsable e inclusivo, se vea reflejado en los hogares de las familias de Quintana Roo, como est\u00e1 establecido en el Nuevo Acuerdo por el Bienestar y Desarrollo que impulsa nuestra Gobernadora\u00bb, se\u00f1al\u00f3.<\/p>\n<p>Por otro lado, Estefan\u00eda Mercado aprovech\u00f3 este foro para anunciar que el pr\u00f3ximo 2 de diciembre se llevar\u00e1 a cabo el relanzamiento de la marca Playa del Carmen, para ir acordes al dinamismo que ha implementado la gobernadora Mara Lezama en materia tur\u00edstica para Quintana Roo y sus 12 destinos.<\/p>\n<p>Asimismo, inform\u00f3 que pr\u00f3ximamente presentar\u00e1 una iniciativa para que el Palacio Municipal del centro de la ciudad se convierta en un espacio cultural.<\/p>\n<p>La Presidenta Municipal dijo que para Playa del Carmen era importante estar presente en el WTTS 2024 y respaldar a Cozumel, que es un gran destino con el que, el gobierno de Solidaridad, trabajar\u00e1 de la mano en rubros como el turismo y la seguridad.<\/p>\n<p>Por su parte, la gobernadora Mara Lezama refrend\u00f3 su compromiso de impulsar el \u00e9xito tur\u00edstico sostenible y equitativo que beneficie a quienes hacen grande a esta industria en Quintana Roo.<\/p>\n<p>En este contexto, dese\u00f3 mucho \u00e9xito a los 500 l\u00edderes tur\u00edsticos, empresarios y expertos en innovaci\u00f3n que se re\u00fanen en Cozumel para transformar el futuro del turismo con tecnolog\u00eda y sostenibilidad.<\/p>\n","protected":false},"excerpt":{"rendered":"<p>&nbsp; \u2022 La Presidenta Municipal de Solidaridad acompa\u00f1a a la gobernadora Mara Lezama durante el evento&hellip;<\/p>\n","protected":false},"author":100,"featured_media":81746,"comment_status":"closed","ping_status":"closed","sticky":false,"template":"","format":"standard","meta":{"_acf_changed":false,"_lmt_disableupdate":"","_lmt_disable":"","_mbp_gutenberg_autopost":false,"footnotes":""},"categories":[1654],"tags":[],"class_list":["post-81744","post","type-post","status-publish","format-standard","has-post-thumbnail","hentry","category-solidaridad"],"acf":[],"_links":{"self":[{"href":"https:\/\/l21.mx\/index.php?rest_route=\/wp\/v2\/posts\/81744","targetHints":{"allow":["GET"]}}],"collection":[{"href":"https:\/\/l21.mx\/index.php?rest_route=\/wp\/v2\/posts"}],"about":[{"href":"https:\/\/l21.mx\/index.php?rest_route=\/wp\/v2\/types\/post"}],"author":[{"embeddable":true,"href":"https:\/\/l21.mx\/index.php?rest_route=\/wp\/v2\/users\/100"}],"replies":[{"embeddable":true,"href":"https:\/\/l21.mx\/index.php?rest_route=%2Fwp%2Fv2%2Fcomments&post=81744"}],"version-history":[{"count":0,"href":"https:\/\/l21.mx\/index.php?rest_route=\/wp\/v2\/posts\/81744\/revisions"}],"wp:featuredmedia":[{"embeddable":true,"href":"https:\/\/l21.mx\/index.php?rest_route=\/wp\/v2\/media\/81746"}],"wp:attachment":[{"href":"https:\/\/l21.mx\/index.php?rest_route=%2Fwp%2Fv2%2Fmedia&parent=81744"}],"wp:term":[{"taxonomy":"category","embeddable":true,"href":"https:\/\/l21.mx\/index.php?rest_route=%2Fwp%2Fv2%2Fcategories&post=81744"},{"taxonomy":"post_tag","embeddable":true,"href":"https:\/\/l21.mx\/index.php?rest_route=%2Fwp%2Fv2%2Ftags&post=81744"}],"curies":[{"name":"wp","href":"https:\/\/api.w.org\/{rel}","templated":true}]}}