{"id":8182,"date":"2014-10-01T13:01:27","date_gmt":"2014-10-01T18:01:27","guid":{"rendered":"http:\/\/innovatori.space\/lat21\/?p=8182"},"modified":"2014-10-01T13:40:50","modified_gmt":"2014-10-01T18:40:50","slug":"de-moda","status":"publish","type":"post","link":"https:\/\/l21.mx\/?p=8182","title":{"rendered":"De moda"},"content":{"rendered":"<p><strong><a href=\"http:\/\/l21.mx\/wp-content\/uploads\/2014\/10\/De-moda.jpg\" data-rel=\"penci-gallery-image-content\" ><img decoding=\"async\" class=\"aligncenter size-medium wp-image-8183\" title=\"De moda\" src=\"http:\/\/l21.mx\/wp-content\/uploads\/2014\/10\/De-moda-300x158.jpg\" alt=\"\" width=\"300\" height=\"158\" \/><\/a>La creciente relaci\u00f3n comercial entre el Sureste mexicano y Colombia marca una nueva etapa de bonanza con amplios beneficios tambi\u00e9n para el turismo<\/strong><\/p>\n<p>Con el traslado de m\u00e1s de 100 mil pasajeros previsto para el cierre de 2014 en la ruta Bogot\u00e1-Canc\u00fan, que cubre la aerol\u00ednea Avianca y hace un par de meses aument\u00f3 una frecuencia entre ambos destinos, para los promotores tur\u00edsticos y comerciales de la naci\u00f3n sudamericana no hay duda de que M\u00e9xico est\u00e1 de moda en Colombia y viceversa.<\/p>\n<p>La creciente relaci\u00f3n de negocios que sostienen ambos pa\u00edses desde hace algunos a\u00f1os, adem\u00e1s de las actuales condiciones de seguridad del vecino sure\u00f1o, propiciaron el resurgimiento de la actividad tur\u00edstica bilateral.<\/p>\n<p>Sergio Escobar Sol\u00f3rzano, consejero comercial de la embajada de Colombia, explic\u00f3 que \u201chace 20 a\u00f1os apenas cinco mil mexicanos visitaban Colombia y 18 mil colombianos visitaban M\u00e9xico; hace 10 a\u00f1os, la cifra subi\u00f3 a 18 mil mexicanos y 37 mil colombianos, mientras que el a\u00f1o pasado el flujo fue de\u00a0 m\u00e1s de 100 mil mexicanos que visitaron Colombia y m\u00e1s de 180 mil colombianos que vinieron a la naci\u00f3n azteca\u201d.<\/p>\n<p>Agrega que hasta hace una d\u00e9cada dos aerol\u00edneas volaban a Colombia con seis frecuencias a la semana entre ambos pa\u00edses, y actualmente son cuatro aerol\u00edneas -dos colombianas y dos mexicanas- con 11 frecuencias diarias, tres saliendo desde Canc\u00fan,\u00a0 \u201clo que significa que tenemos un puente a\u00e9reo\u201d.<\/p>\n<p>En el seminario \u201cColombia es realismo m\u00e1gico\u201d, que impartieron a agencias de viajes y touroperadores de Canc\u00fan, el consejero destac\u00f3 la importancia del Caribe mexicano y el Sureste en materia tur\u00edstica y de negocios.<\/p>\n<p>Explic\u00f3 en entrevista que adem\u00e1s del Tratado de Libre Comercio entre ambos pa\u00edses la nueva din\u00e1mica de la Alianza del Pac\u00edfico hace a las naciones m\u00e1s cercanas, hasta alcanzar en la actualidad un intercambio comercial de seis mil millones de d\u00f3lares anuales, de los cuales cinco mil son exportaciones de M\u00e9xico a Colombia y mil millones de aquella naci\u00f3n a M\u00e9xico.<\/p>\n<p>Precis\u00f3 que las exportaciones de Colombia al Sureste mexicano representan m\u00e1s o menos el 10% y de la regi\u00f3n a Colombia m\u00e1s o menos del cinco por ciento.<\/p>\n<p>\u201cLa actividad comercial motiv\u00f3 al turismo ya que en materia de negocios, a pesar de las dificultades de inseguridad por las que atraves\u00f3 el pa\u00eds sudamericano, la din\u00e1mica se mantuvo y se fueron descubriendo destinos atractivos, y despu\u00e9s de que volvi\u00f3 la calma Colombia est\u00e1 de moda en M\u00e9xico y viceversa\u201d, asever\u00f3.<\/p>\n<p>Destac\u00f3 que el v\u00ednculo comercial en el Sureste mexicano cubre desde Campeche, Villahermosa, M\u00e9rida, Canc\u00fan y la Riviera Maya, y en materia tur\u00edstica la din\u00e1mica oscila entre unos 50 mil colombianos que vienen cada a\u00f1o al Caribe mexicano y unos 20 mil mexicanos de esta \u00e1rea que van a Colombia.<\/p>\n<p>Por su parte Axel Villalobos, jefe de Ventas Interior M\u00e9xico de Avianca, quien se refiri\u00f3 a la apertura de la segunda frecuencia desde Bogot\u00e1 al aeropuerto de Canc\u00fan a partir de agosto pasado, confi\u00f3 en cerrar el periodo con m\u00e1s de 100 mil pasajeros y niveles de ocupaci\u00f3n del 80% en la ruta. \u201cEstamos muy contentos porque en un a\u00f1o hemos crecido de una manera impresionante, hay muchos colombianos viajando a Canc\u00fan\u201d.<\/p>\n<p>Las principales ciudades emisoras de turistas colombianos son Bogot\u00e1, Cali y Medell\u00edn, y destac\u00f3 como factor b\u00e1sico para el incremento en la afluencia de colombianos a M\u00e9xico la eliminaci\u00f3n de visas.<\/p>\n<p>&nbsp;<\/p>\n","protected":false},"excerpt":{"rendered":"<p>La creciente relaci\u00f3n comercial entre el Sureste mexicano y Colombia marca una nueva etapa de bonanza&hellip;<\/p>\n","protected":false},"author":69,"featured_media":8184,"comment_status":"open","ping_status":"open","sticky":false,"template":"","format":"standard","meta":{"_acf_changed":false,"_lmt_disableupdate":"","_lmt_disable":"","_mbp_gutenberg_autopost":false,"footnotes":""},"categories":[4,23],"tags":[],"class_list":["post-8182","post","type-post","status-publish","format-standard","has-post-thumbnail","hentry","category-empresas-y-negocios","category-noticias"],"acf":[],"yoast_head":"<!-- This site is optimized with the Yoast SEO plugin v27.5 - https:\/\/yoast.com\/product\/yoast-seo-wordpress\/ -->\n<title>De moda | Revista Latitud 21<\/title>\n<meta name=\"description\" content=\"L21, Emprendedores y Negocios en el Caribe Mexicano, es la revista l\u00edder entre el Sector Empresarial y Tur\u00edstico del Caribe Mexicano.\" \/>\n<meta name=\"robots\" content=\"index, follow, max-snippet:-1, max-image-preview:large, max-video-preview:-1\" \/>\n<link rel=\"canonical\" href=\"https:\/\/l21.mx\/?p=8182\" \/>\n<meta name=\"twitter:card\" content=\"summary_large_image\" \/>\n<meta name=\"twitter:title\" content=\"De moda | Revista Latitud 21\" \/>\n<meta name=\"twitter:description\" content=\"L21, Emprendedores y Negocios en el Caribe Mexicano, es la revista l\u00edder entre el Sector Empresarial y Tur\u00edstico del Caribe Mexicano.\" \/>\n<meta name=\"twitter:image\" content=\"https:\/\/l21.mx\/wp-content\/uploads\/2014\/10\/De-moda-m.jpg\" \/>\n<meta name=\"twitter:creator\" content=\"@Latitud21mx\" \/>\n<meta name=\"twitter:site\" content=\"@Latitud21mx\" \/>\n<meta name=\"twitter:label1\" content=\"Escrito por\" \/>\n\t<meta name=\"twitter:data1\" content=\"Redacci\u00f3n\" \/>\n\t<meta name=\"twitter:label2\" content=\"Tiempo de lectura\" \/>\n\t<meta name=\"twitter:data2\" content=\"3 minutos\" \/>\n<script type=\"application\/ld+json\" class=\"yoast-schema-graph\">{\"@context\":\"https:\\\/\\\/schema.org\",\"@graph\":[{\"@type\":\"Article\",\"@id\":\"https:\\\/\\\/l21.mx\\\/?p=8182#article\",\"isPartOf\":{\"@id\":\"https:\\\/\\\/l21.mx\\\/?p=8182\"},\"author\":{\"name\":\"Redacci\u00f3n\",\"@id\":\"https:\\\/\\\/l21.mx\\\/#\\\/schema\\\/person\\\/066641669c6ee7227953da2a023ebcde\"},\"headline\":\"De moda\",\"datePublished\":\"2014-10-01T18:01:27+00:00\",\"dateModified\":\"2014-10-01T18:40:50+00:00\",\"mainEntityOfPage\":{\"@id\":\"https:\\\/\\\/l21.mx\\\/?p=8182\"},\"wordCount\":609,\"commentCount\":0,\"publisher\":{\"@id\":\"https:\\\/\\\/l21.mx\\\/#organization\"},\"image\":{\"@id\":\"https:\\\/\\\/l21.mx\\\/?p=8182#primaryimage\"},\"thumbnailUrl\":\"https:\\\/\\\/l21.mx\\\/wp-content\\\/uploads\\\/2014\\\/10\\\/De-moda-m.jpg\",\"articleSection\":[\"Empresas y Negocios\",\"Noticias\"],\"inLanguage\":\"es\",\"potentialAction\":[{\"@type\":\"CommentAction\",\"name\":\"Comment\",\"target\":[\"https:\\\/\\\/l21.mx\\\/?p=8182#respond\"]}]},{\"@type\":\"WebPage\",\"@id\":\"https:\\\/\\\/l21.mx\\\/?p=8182\",\"url\":\"https:\\\/\\\/l21.mx\\\/?p=8182\",\"name\":\"De moda | Revista Latitud 21\",\"isPartOf\":{\"@id\":\"https:\\\/\\\/l21.mx\\\/#website\"},\"primaryImageOfPage\":{\"@id\":\"https:\\\/\\\/l21.mx\\\/?p=8182#primaryimage\"},\"image\":{\"@id\":\"https:\\\/\\\/l21.mx\\\/?p=8182#primaryimage\"},\"thumbnailUrl\":\"https:\\\/\\\/l21.mx\\\/wp-content\\\/uploads\\\/2014\\\/10\\\/De-moda-m.jpg\",\"datePublished\":\"2014-10-01T18:01:27+00:00\",\"dateModified\":\"2014-10-01T18:40:50+00:00\",\"description\":\"L21, Emprendedores y Negocios en el Caribe Mexicano, es la revista l\u00edder entre el Sector Empresarial y Tur\u00edstico del Caribe Mexicano.\",\"breadcrumb\":{\"@id\":\"https:\\\/\\\/l21.mx\\\/?p=8182#breadcrumb\"},\"inLanguage\":\"es\",\"potentialAction\":[{\"@type\":\"ReadAction\",\"target\":[\"https:\\\/\\\/l21.mx\\\/?p=8182\"]}]},{\"@type\":\"ImageObject\",\"inLanguage\":\"es\",\"@id\":\"https:\\\/\\\/l21.mx\\\/?p=8182#primaryimage\",\"url\":\"https:\\\/\\\/l21.mx\\\/wp-content\\\/uploads\\\/2014\\\/10\\\/De-moda-m.jpg\",\"contentUrl\":\"https:\\\/\\\/l21.mx\\\/wp-content\\\/uploads\\\/2014\\\/10\\\/De-moda-m.jpg\",\"width\":90,\"height\":60},{\"@type\":\"BreadcrumbList\",\"@id\":\"https:\\\/\\\/l21.mx\\\/?p=8182#breadcrumb\",\"itemListElement\":[{\"@type\":\"ListItem\",\"position\":1,\"name\":\"Portada\",\"item\":\"https:\\\/\\\/l21.mx\\\/\"},{\"@type\":\"ListItem\",\"position\":2,\"name\":\"De moda\"}]},{\"@type\":\"WebSite\",\"@id\":\"https:\\\/\\\/l21.mx\\\/#website\",\"url\":\"https:\\\/\\\/l21.mx\\\/\",\"name\":\"Revista Latitud 21\",\"description\":\"Emprendedores  y negocios en el Caribe Mexicano\",\"publisher\":{\"@id\":\"https:\\\/\\\/l21.mx\\\/#organization\"},\"potentialAction\":[{\"@type\":\"SearchAction\",\"target\":{\"@type\":\"EntryPoint\",\"urlTemplate\":\"https:\\\/\\\/l21.mx\\\/?s={search_term_string}\"},\"query-input\":{\"@type\":\"PropertyValueSpecification\",\"valueRequired\":true,\"valueName\":\"search_term_string\"}}],\"inLanguage\":\"es\"},{\"@type\":\"Organization\",\"@id\":\"https:\\\/\\\/l21.mx\\\/#organization\",\"name\":\"Grupo Editorial Latitud 21 SA de CV\",\"url\":\"https:\\\/\\\/l21.mx\\\/\",\"logo\":{\"@type\":\"ImageObject\",\"inLanguage\":\"es\",\"@id\":\"https:\\\/\\\/l21.mx\\\/#\\\/schema\\\/logo\\\/image\\\/\",\"url\":\"https:\\\/\\\/l21.mx\\\/wp-content\\\/uploads\\\/2020\\\/10\\\/logo-l21-baja.jpg\",\"contentUrl\":\"https:\\\/\\\/l21.mx\\\/wp-content\\\/uploads\\\/2020\\\/10\\\/logo-l21-baja.jpg\",\"width\":250,\"height\":250,\"caption\":\"Grupo Editorial Latitud 21 SA de CV\"},\"image\":{\"@id\":\"https:\\\/\\\/l21.mx\\\/#\\\/schema\\\/logo\\\/image\\\/\"},\"sameAs\":[\"https:\\\/\\\/www.facebook.com\\\/RevistaLatitud21\\\/\",\"https:\\\/\\\/x.com\\\/Latitud21mx\"]},{\"@type\":\"Person\",\"@id\":\"https:\\\/\\\/l21.mx\\\/#\\\/schema\\\/person\\\/066641669c6ee7227953da2a023ebcde\",\"name\":\"Redacci\u00f3n\",\"url\":\"https:\\\/\\\/l21.mx\\\/?author=69\"}]}<\/script>\n<!-- \/ Yoast SEO plugin. -->","yoast_head_json":{"title":"De moda | Revista Latitud 21","description":"L21, Emprendedores y Negocios en el Caribe Mexicano, es la revista l\u00edder entre el Sector Empresarial y Tur\u00edstico del Caribe Mexicano.","robots":{"index":"index","follow":"follow","max-snippet":"max-snippet:-1","max-image-preview":"max-image-preview:large","max-video-preview":"max-video-preview:-1"},"canonical":"https:\/\/l21.mx\/?p=8182","twitter_card":"summary_large_image","twitter_title":"De moda | Revista Latitud 21","twitter_description":"L21, Emprendedores y Negocios en el Caribe Mexicano, es la revista l\u00edder entre el Sector Empresarial y Tur\u00edstico del Caribe Mexicano.","twitter_image":"https:\/\/l21.mx\/wp-content\/uploads\/2014\/10\/De-moda-m.jpg","twitter_creator":"@Latitud21mx","twitter_site":"@Latitud21mx","twitter_misc":{"Escrito por":"Redacci\u00f3n","Tiempo de lectura":"3 minutos"},"schema":{"@context":"https:\/\/schema.org","@graph":[{"@type":"Article","@id":"https:\/\/l21.mx\/?p=8182#article","isPartOf":{"@id":"https:\/\/l21.mx\/?p=8182"},"author":{"name":"Redacci\u00f3n","@id":"https:\/\/l21.mx\/#\/schema\/person\/066641669c6ee7227953da2a023ebcde"},"headline":"De moda","datePublished":"2014-10-01T18:01:27+00:00","dateModified":"2014-10-01T18:40:50+00:00","mainEntityOfPage":{"@id":"https:\/\/l21.mx\/?p=8182"},"wordCount":609,"commentCount":0,"publisher":{"@id":"https:\/\/l21.mx\/#organization"},"image":{"@id":"https:\/\/l21.mx\/?p=8182#primaryimage"},"thumbnailUrl":"https:\/\/l21.mx\/wp-content\/uploads\/2014\/10\/De-moda-m.jpg","articleSection":["Empresas y Negocios","Noticias"],"inLanguage":"es","potentialAction":[{"@type":"CommentAction","name":"Comment","target":["https:\/\/l21.mx\/?p=8182#respond"]}]},{"@type":"WebPage","@id":"https:\/\/l21.mx\/?p=8182","url":"https:\/\/l21.mx\/?p=8182","name":"De moda | Revista Latitud 21","isPartOf":{"@id":"https:\/\/l21.mx\/#website"},"primaryImageOfPage":{"@id":"https:\/\/l21.mx\/?p=8182#primaryimage"},"image":{"@id":"https:\/\/l21.mx\/?p=8182#primaryimage"},"thumbnailUrl":"https:\/\/l21.mx\/wp-content\/uploads\/2014\/10\/De-moda-m.jpg","datePublished":"2014-10-01T18:01:27+00:00","dateModified":"2014-10-01T18:40:50+00:00","description":"L21, Emprendedores y Negocios en el Caribe Mexicano, es la revista l\u00edder entre el Sector Empresarial y Tur\u00edstico del Caribe Mexicano.","breadcrumb":{"@id":"https:\/\/l21.mx\/?p=8182#breadcrumb"},"inLanguage":"es","potentialAction":[{"@type":"ReadAction","target":["https:\/\/l21.mx\/?p=8182"]}]},{"@type":"ImageObject","inLanguage":"es","@id":"https:\/\/l21.mx\/?p=8182#primaryimage","url":"https:\/\/l21.mx\/wp-content\/uploads\/2014\/10\/De-moda-m.jpg","contentUrl":"https:\/\/l21.mx\/wp-content\/uploads\/2014\/10\/De-moda-m.jpg","width":90,"height":60},{"@type":"BreadcrumbList","@id":"https:\/\/l21.mx\/?p=8182#breadcrumb","itemListElement":[{"@type":"ListItem","position":1,"name":"Portada","item":"https:\/\/l21.mx\/"},{"@type":"ListItem","position":2,"name":"De moda"}]},{"@type":"WebSite","@id":"https:\/\/l21.mx\/#website","url":"https:\/\/l21.mx\/","name":"Revista Latitud 21","description":"Emprendedores  y negocios en el Caribe Mexicano","publisher":{"@id":"https:\/\/l21.mx\/#organization"},"potentialAction":[{"@type":"SearchAction","target":{"@type":"EntryPoint","urlTemplate":"https:\/\/l21.mx\/?s={search_term_string}"},"query-input":{"@type":"PropertyValueSpecification","valueRequired":true,"valueName":"search_term_string"}}],"inLanguage":"es"},{"@type":"Organization","@id":"https:\/\/l21.mx\/#organization","name":"Grupo Editorial Latitud 21 SA de CV","url":"https:\/\/l21.mx\/","logo":{"@type":"ImageObject","inLanguage":"es","@id":"https:\/\/l21.mx\/#\/schema\/logo\/image\/","url":"https:\/\/l21.mx\/wp-content\/uploads\/2020\/10\/logo-l21-baja.jpg","contentUrl":"https:\/\/l21.mx\/wp-content\/uploads\/2020\/10\/logo-l21-baja.jpg","width":250,"height":250,"caption":"Grupo Editorial Latitud 21 SA de CV"},"image":{"@id":"https:\/\/l21.mx\/#\/schema\/logo\/image\/"},"sameAs":["https:\/\/www.facebook.com\/RevistaLatitud21\/","https:\/\/x.com\/Latitud21mx"]},{"@type":"Person","@id":"https:\/\/l21.mx\/#\/schema\/person\/066641669c6ee7227953da2a023ebcde","name":"Redacci\u00f3n","url":"https:\/\/l21.mx\/?author=69"}]}},"amp_enabled":true,"_links":{"self":[{"href":"https:\/\/l21.mx\/index.php?rest_route=\/wp\/v2\/posts\/8182","targetHints":{"allow":["GET"]}}],"collection":[{"href":"https:\/\/l21.mx\/index.php?rest_route=\/wp\/v2\/posts"}],"about":[{"href":"https:\/\/l21.mx\/index.php?rest_route=\/wp\/v2\/types\/post"}],"author":[{"embeddable":true,"href":"https:\/\/l21.mx\/index.php?rest_route=\/wp\/v2\/users\/69"}],"replies":[{"embeddable":true,"href":"https:\/\/l21.mx\/index.php?rest_route=%2Fwp%2Fv2%2Fcomments&post=8182"}],"version-history":[{"count":0,"href":"https:\/\/l21.mx\/index.php?rest_route=\/wp\/v2\/posts\/8182\/revisions"}],"wp:featuredmedia":[{"embeddable":true,"href":"https:\/\/l21.mx\/index.php?rest_route=\/wp\/v2\/media\/8184"}],"wp:attachment":[{"href":"https:\/\/l21.mx\/index.php?rest_route=%2Fwp%2Fv2%2Fmedia&parent=8182"}],"wp:term":[{"taxonomy":"category","embeddable":true,"href":"https:\/\/l21.mx\/index.php?rest_route=%2Fwp%2Fv2%2Fcategories&post=8182"},{"taxonomy":"post_tag","embeddable":true,"href":"https:\/\/l21.mx\/index.php?rest_route=%2Fwp%2Fv2%2Ftags&post=8182"}],"curies":[{"name":"wp","href":"https:\/\/api.w.org\/{rel}","templated":true}]}}