{"id":82098,"date":"2024-12-02T17:45:33","date_gmt":"2024-12-02T22:45:33","guid":{"rendered":"https:\/\/l21.mx\/?p=82098"},"modified":"2024-12-02T17:45:33","modified_gmt":"2024-12-02T22:45:33","slug":"destino-medico-en-auge","status":"publish","type":"post","link":"https:\/\/l21.mx\/?p=82098","title":{"rendered":"Destino m\u00e9dico en auge"},"content":{"rendered":"<p>&nbsp;<\/p>\n<p><b>Canc\u00fan se consolida como referente global en turismo m\u00e9dico, con una creciente oferta de servicios especializados, infraestructura de primer nivel y un impacto econ\u00f3mico significativo<\/b><\/p>\n<p><b>E<\/b>l turismo m\u00e9dico en Canc\u00fan se ha convertido en una industria pujante que no solo diversifica su oferta tur\u00edstica tradicional, sino que tambi\u00e9n genera importantes beneficios econ\u00f3micos y sociales. Este sector, que combina atenci\u00f3n m\u00e9dica de alta calidad con la experiencia tur\u00edstica, fortalece el posicionamiento del destino a nivel internacional.<\/p>\n<p>Durante el Segundo Foro Canc\u00fan Turismo M\u00e9dico 2024, se destacaron los avances que este segmento ha tenido gracias a la colaboraci\u00f3n entre especialistas, instituciones y el gobierno municipal. Con 35 stands de proveedores de servicios m\u00e9dicos y tur\u00edsticos, y 13 ponencias que abarcaron desde la atenci\u00f3n intrahotelera hasta nuevas tendencias como la bariatr\u00eda, el evento consolid\u00f3 el compromiso del destino con este segmento en crecimiento.<\/p>\n<p>Crecimiento y oferta<\/p>\n<p>En la \u00faltima d\u00e9cada, Canc\u00fan ha visto un crecimiento significativo en su infraestructura m\u00e9dica. Actualmente, cuenta con m\u00e1s de 7 hospitales de alta especialidad, 35 cl\u00ednicas dentales y 10 cl\u00ednicas de especialidad m\u00e9dica, seg\u00fan Andr\u00e9s Jurado, presidente de la Comisi\u00f3n de Turismo M\u00e9dico de Coparmex Quintana Roo.<\/p>\n<p>Este crecimiento se refleja en cifras contundentes: en 2024, se registr\u00f3 un aumento del 20% en pacientes, alcanzando entre 20,000 y 25,000 visitantes que buscan tratamientos m\u00e9dicos. Estos pacientes generan una derrama econ\u00f3mica anual estimada de 180 a 200 millones de d\u00f3lares, gracias a estancias que son cuatro veces m\u00e1s largas que las de los turistas tradicionales, con un gasto promedio por persona cercano a los 10,700 d\u00f3lares.<\/p>\n<div data-sliderid=\"5278\" id=\"penci-post-gallery__5278\" class=\"penci-post-gallery-container justified column-3\" data-height=\"150\" data-margin=\"3\"><a class=\"penci-gallery-ite item-gallery-justified\" href=\"https:\/\/l21.mx\/wp-content\/uploads\/2024\/12\/turismo-medico-3.jpg\" data-rel=\"penci-gallery-image-content\" ><img decoding=\"async\" src=\"https:\/\/l21.mx\/wp-content\/uploads\/2024\/12\/turismo-medico-3-585x386.jpg\" alt=\"\" title=\"turismo-medico-(3)\"><\/a><a class=\"penci-gallery-ite item-gallery-justified\" href=\"https:\/\/l21.mx\/wp-content\/uploads\/2024\/12\/turismo-medico-1.jpg\" data-rel=\"penci-gallery-image-content\" ><img decoding=\"async\" src=\"https:\/\/l21.mx\/wp-content\/uploads\/2024\/12\/turismo-medico-1-585x390.jpg\" alt=\"\" title=\"turismo-medico-(1)\"><\/a><a class=\"penci-gallery-ite item-gallery-justified\" href=\"https:\/\/l21.mx\/wp-content\/uploads\/2024\/12\/turismo-medico-6.jpg\" data-rel=\"penci-gallery-image-content\" ><img decoding=\"async\" src=\"https:\/\/l21.mx\/wp-content\/uploads\/2024\/12\/turismo-medico-6-585x458.jpg\" alt=\"\" title=\"turismo-medico-(6)\"><\/a><\/div>\n<p>Reconocimientos<\/p>\n<p>Canc\u00fan se ha convertido en un referente de turismo m\u00e9dico gracias a su competitividad en precios y est\u00e1ndares de calidad. Tres hospitales cuentan con la prestigiosa acreditaci\u00f3n de la Joint Commission International, y dos est\u00e1n certificados por el Canadian Healthcare Council. Estas credenciales posicionan al destino como una opci\u00f3n confiable para pacientes internacionales provenientes de mercados clave como Estados Unidos y Canad\u00e1, pero tambi\u00e9n de Sudam\u00e9rica, Europa, Asia y Medio Oriente.<\/p>\n<p>Este crecimiento no solo beneficia a los turistas, sino tambi\u00e9n a la poblaci\u00f3n local, acercando servicios m\u00e9dicos de calidad a la ciudadan\u00eda y complementando los esfuerzos del gobierno estatal para garantizar la salud p\u00fablica.<\/p>\n<p>M\u00e1s all\u00e1 de sol y playa<\/p>\n<p>\u201cCanc\u00fan no es solo un destino de descanso; es un lugar donde la salud y el bienestar se integran a la experiencia de viaje\u201d, expres\u00f3 Ana Paty Peralta, presidenta municipal, durante la inauguraci\u00f3n del Foro.<span class=\"Apple-converted-space\">\u00a0<\/span><\/p>\n<p>Subray\u00f3 que este segmento no es producto de la casualidad, sino de la colaboraci\u00f3n estrat\u00e9gica entre el sector privado y el p\u00fablico, que trabajan unidos para ofrecer una experiencia integral.<\/p>\n<p>En representaci\u00f3n de la gobernadora Mara Lezama, el secretario estatal de Salud, Flavio Carlos Rosado, asegur\u00f3 que las alianzas entre ambos sectores garantizan servicios m\u00e9dicos de alta calidad y refuerzan la vigilancia epidemiol\u00f3gica, beneficiando tanto a residentes como a turistas.<\/p>\n<p>El turismo m\u00e9dico en Canc\u00fan est\u00e1 llamado a convertirse en un pilar de la econom\u00eda local. Con eventos como este foro y una infraestructura en constante evoluci\u00f3n, el destino refuerza su capacidad para atraer a m\u00e1s pacientes internacionales, diversificando su oferta tur\u00edstica y consolid\u00e1ndose como un l\u00edder en el sector.<span class=\"Apple-converted-space\">\u00a0<\/span><\/p>\n<p>&nbsp;<\/p>\n","protected":false},"excerpt":{"rendered":"<p>&nbsp; Canc\u00fan se consolida como referente global en turismo m\u00e9dico, con una creciente oferta de servicios&hellip;<\/p>\n","protected":false},"author":95,"featured_media":82100,"comment_status":"closed","ping_status":"closed","sticky":false,"template":"","format":"standard","meta":{"_acf_changed":false,"_lmt_disableupdate":"","_lmt_disable":"","_mbp_gutenberg_autopost":false,"footnotes":""},"categories":[4],"tags":[],"class_list":["post-82098","post","type-post","status-publish","format-standard","has-post-thumbnail","hentry","category-empresas-y-negocios"],"acf":[],"_links":{"self":[{"href":"https:\/\/l21.mx\/index.php?rest_route=\/wp\/v2\/posts\/82098","targetHints":{"allow":["GET"]}}],"collection":[{"href":"https:\/\/l21.mx\/index.php?rest_route=\/wp\/v2\/posts"}],"about":[{"href":"https:\/\/l21.mx\/index.php?rest_route=\/wp\/v2\/types\/post"}],"author":[{"embeddable":true,"href":"https:\/\/l21.mx\/index.php?rest_route=\/wp\/v2\/users\/95"}],"replies":[{"embeddable":true,"href":"https:\/\/l21.mx\/index.php?rest_route=%2Fwp%2Fv2%2Fcomments&post=82098"}],"version-history":[{"count":0,"href":"https:\/\/l21.mx\/index.php?rest_route=\/wp\/v2\/posts\/82098\/revisions"}],"wp:featuredmedia":[{"embeddable":true,"href":"https:\/\/l21.mx\/index.php?rest_route=\/wp\/v2\/media\/82100"}],"wp:attachment":[{"href":"https:\/\/l21.mx\/index.php?rest_route=%2Fwp%2Fv2%2Fmedia&parent=82098"}],"wp:term":[{"taxonomy":"category","embeddable":true,"href":"https:\/\/l21.mx\/index.php?rest_route=%2Fwp%2Fv2%2Fcategories&post=82098"},{"taxonomy":"post_tag","embeddable":true,"href":"https:\/\/l21.mx\/index.php?rest_route=%2Fwp%2Fv2%2Ftags&post=82098"}],"curies":[{"name":"wp","href":"https:\/\/api.w.org\/{rel}","templated":true}]}}