{"id":82534,"date":"2024-12-23T22:40:22","date_gmt":"2024-12-24T03:40:22","guid":{"rendered":"https:\/\/l21.mx\/?p=82534"},"modified":"2024-12-23T22:42:06","modified_gmt":"2024-12-24T03:42:06","slug":"primera-piedra-de-maria-living-campestre-una-nueva-era-asciende-en-merida","status":"publish","type":"post","link":"https:\/\/l21.mx\/?p=82534","title":{"rendered":"Primera piedra de Mar\u00eda Living Campestre: Una nueva era asciende en M\u00e9rida"},"content":{"rendered":"<p>&nbsp;<\/p>\n<p>El desarrollo inmobiliario en M\u00e9rida recibe un nuevo \u00edcono con el inicio de <strong>Mar\u00eda Living Campestre<\/strong>, un proyecto que destaca por su lujo, ubicaci\u00f3n y dise\u00f1o arquitect\u00f3nico. Ubicado sobre la Avenida Campestre, este desarrollo representa una excelente opci\u00f3n para quienes buscan invertir en un proyecto innovador y con alta proyecci\u00f3n de plusval\u00eda.<\/p>\n<p>&nbsp;<\/p>\n<p><a href=\"https:\/\/l21.mx\/wp-content\/uploads\/2024\/12\/Maria-Living-3-scaled.jpg\" data-rel=\"penci-gallery-image-content\" ><img fetchpriority=\"high\" decoding=\"async\" class=\"alignnone wp-image-82536 size-large\" src=\"https:\/\/l21.mx\/wp-content\/uploads\/2024\/12\/Maria-Living-3-1024x683.jpg\" alt=\"\" width=\"1024\" height=\"683\" srcset=\"https:\/\/l21.mx\/wp-content\/uploads\/2024\/12\/Maria-Living-3-1024x683.jpg 1024w, https:\/\/l21.mx\/wp-content\/uploads\/2024\/12\/Maria-Living-3-300x200.jpg 300w, https:\/\/l21.mx\/wp-content\/uploads\/2024\/12\/Maria-Living-3-768x512.jpg 768w, https:\/\/l21.mx\/wp-content\/uploads\/2024\/12\/Maria-Living-3-1536x1024.jpg 1536w, https:\/\/l21.mx\/wp-content\/uploads\/2024\/12\/Maria-Living-3-2048x1365.jpg 2048w, https:\/\/l21.mx\/wp-content\/uploads\/2024\/12\/Maria-Living-3-1920x1280.jpg 1920w, https:\/\/l21.mx\/wp-content\/uploads\/2024\/12\/Maria-Living-3-1170x780.jpg 1170w, https:\/\/l21.mx\/wp-content\/uploads\/2024\/12\/Maria-Living-3-585x390.jpg 585w, https:\/\/l21.mx\/wp-content\/uploads\/2024\/12\/Maria-Living-3-263x175.jpg 263w\" sizes=\"(max-width: 1024px) 100vw, 1024px\" \/><\/a><\/p>\n<p>El proyecto consta de <strong>93 departamentos distribuidos en 13 niveles<\/strong>, con opciones de <strong>1, 2 y 3 rec\u00e1maras<\/strong> a partir de <strong>$2.8 millones de pesos<\/strong>. Su ubicaci\u00f3n estrat\u00e9gica, dentro del perif\u00e9rico de M\u00e9rida y sobre una de las avenidas m\u00e1s importantes de la ciudad, lo posiciona como una opci\u00f3n ideal para renta a corto plazo en plataformas como <strong>Airbnb<\/strong>, garantizando ocupaci\u00f3n constante.<\/p>\n<p>La ceremonia de colocaci\u00f3n de la primera piedra fue presidida por el <strong>Padre Jorge Mart\u00ednez<\/strong> y reuni\u00f3 a destacados representantes del sector, como el <strong>Ing. Gabriel Euan G\u00f3ngora, Ing. Ra\u00fal Monforte Gonz\u00e1lez, Ing. Jos\u00e9 Antonio Lezama Maury e Ing. Antonio Walker Maury. <\/strong>Tambi\u00e9n estuvieron presentes socios inversionistas, directivos <strong>Ing. Roberto N\u00fa\u00f1ez Prouxl, Lic. Jos\u00e9 Mar\u00eda Espinosa Molina<\/strong> y el equipo comercial de <strong>Grupo Fiat<\/strong>, quienes compartieron detalles sobre este prometedor proyecto con brokers y asistentes.<\/p>\n<p>&nbsp;<\/p>\n<p><a href=\"https:\/\/l21.mx\/wp-content\/uploads\/2024\/12\/Maria-Living-1-scaled.jpg\" data-rel=\"penci-gallery-image-content\" ><img decoding=\"async\" class=\"alignnone wp-image-82538 size-large\" src=\"https:\/\/l21.mx\/wp-content\/uploads\/2024\/12\/Maria-Living-1-1024x683.jpg\" alt=\"\" width=\"1024\" height=\"683\" srcset=\"https:\/\/l21.mx\/wp-content\/uploads\/2024\/12\/Maria-Living-1-1024x683.jpg 1024w, https:\/\/l21.mx\/wp-content\/uploads\/2024\/12\/Maria-Living-1-300x200.jpg 300w, https:\/\/l21.mx\/wp-content\/uploads\/2024\/12\/Maria-Living-1-768x512.jpg 768w, https:\/\/l21.mx\/wp-content\/uploads\/2024\/12\/Maria-Living-1-1536x1024.jpg 1536w, https:\/\/l21.mx\/wp-content\/uploads\/2024\/12\/Maria-Living-1-2048x1365.jpg 2048w, https:\/\/l21.mx\/wp-content\/uploads\/2024\/12\/Maria-Living-1-1920x1280.jpg 1920w, https:\/\/l21.mx\/wp-content\/uploads\/2024\/12\/Maria-Living-1-1170x780.jpg 1170w, https:\/\/l21.mx\/wp-content\/uploads\/2024\/12\/Maria-Living-1-585x390.jpg 585w, https:\/\/l21.mx\/wp-content\/uploads\/2024\/12\/Maria-Living-1-263x175.jpg 263w\" sizes=\"(max-width: 1024px) 100vw, 1024px\" \/><\/a><\/p>\n<p>&nbsp;<\/p>\n<p>Dise\u00f1ado por las arquitectas <strong>Karina Aguilar<\/strong> y <strong>Zahia Charruf<\/strong>, del despacho <strong>Paramento Arquitectos<\/strong>, este proyecto combina lujo y funcionalidad en cada detalle. La construcci\u00f3n incluye una <strong>estructura met\u00e1lica<\/strong>, que ser\u00e1 ejecutada por la empresa <strong>Metaltec<\/strong>, reconocida por su experiencia y altos est\u00e1ndares de calidad en este tipo de obras.<\/p>\n<p>Con el respaldo de contratos adheridos a <strong>PROFECO<\/strong> y un fideicomiso firmado, el proyecto garantiza seguridad y confianza a los compradores. Las licencias y permisos necesarios est\u00e1n en regla, lo que permiti\u00f3 que las obras iniciaran en octubre de este a\u00f1o.<\/p>\n<p>&nbsp;<\/p>\n<p><a href=\"https:\/\/l21.mx\/wp-content\/uploads\/2024\/12\/Maria-Living-2-scaled.jpg\" data-rel=\"penci-gallery-image-content\" ><img decoding=\"async\" class=\"alignnone wp-image-82535 size-large\" src=\"https:\/\/l21.mx\/wp-content\/uploads\/2024\/12\/Maria-Living-2-1024x683.jpg\" alt=\"\" width=\"1024\" height=\"683\" srcset=\"https:\/\/l21.mx\/wp-content\/uploads\/2024\/12\/Maria-Living-2-1024x683.jpg 1024w, https:\/\/l21.mx\/wp-content\/uploads\/2024\/12\/Maria-Living-2-300x200.jpg 300w, https:\/\/l21.mx\/wp-content\/uploads\/2024\/12\/Maria-Living-2-768x512.jpg 768w, https:\/\/l21.mx\/wp-content\/uploads\/2024\/12\/Maria-Living-2-1536x1024.jpg 1536w, https:\/\/l21.mx\/wp-content\/uploads\/2024\/12\/Maria-Living-2-2048x1365.jpg 2048w, https:\/\/l21.mx\/wp-content\/uploads\/2024\/12\/Maria-Living-2-1920x1280.jpg 1920w, https:\/\/l21.mx\/wp-content\/uploads\/2024\/12\/Maria-Living-2-1170x780.jpg 1170w, https:\/\/l21.mx\/wp-content\/uploads\/2024\/12\/Maria-Living-2-585x390.jpg 585w, https:\/\/l21.mx\/wp-content\/uploads\/2024\/12\/Maria-Living-2-263x175.jpg 263w\" sizes=\"(max-width: 1024px) 100vw, 1024px\" \/><\/a><\/p>\n<p>&nbsp;<\/p>\n<p>Para m\u00e1s informaci\u00f3n sobre <strong>Mar\u00eda Living Campestre<\/strong>, consultar la p\u00e1gina web oficial: <a href=\"https:\/\/marialiving.com\/\" target=\"_blank\" rel=\"noopener\">https:\/\/marialiving.com\/<\/a><\/p>\n<p>Y explora el proyecto en el recorrido virtual:<br \/>\n<a href=\"https:\/\/eva3d.com\/recorridos-virtuales-360\/grupo-fiat\/maria-living\/index.htm\" target=\"_blank\" rel=\"noopener\">https:\/\/eva3d.com\/recorridos-virtuales-360\/grupo-fiat\/maria-living\/index.htm<\/a>.<\/p>\n<p>Pueden visitar el showroom en <strong>Plaza Marsella (M\u00e9rida, Yuc) <\/strong>o contactarlos directamente v\u00eda WhatsApp al n\u00famero: <strong>999 331 54 00<\/strong>.<\/p>\n","protected":false},"excerpt":{"rendered":"<p>&nbsp; El desarrollo inmobiliario en M\u00e9rida recibe un nuevo \u00edcono con el inicio de Mar\u00eda Living&hellip;<\/p>\n","protected":false},"author":100,"featured_media":82537,"comment_status":"closed","ping_status":"closed","sticky":false,"template":"","format":"standard","meta":{"_acf_changed":false,"_lmt_disableupdate":"no","_lmt_disable":"","_mbp_gutenberg_autopost":false,"footnotes":""},"categories":[4,23],"tags":[],"class_list":["post-82534","post","type-post","status-publish","format-standard","has-post-thumbnail","hentry","category-empresas-y-negocios","category-noticias"],"acf":[],"_links":{"self":[{"href":"https:\/\/l21.mx\/index.php?rest_route=\/wp\/v2\/posts\/82534","targetHints":{"allow":["GET"]}}],"collection":[{"href":"https:\/\/l21.mx\/index.php?rest_route=\/wp\/v2\/posts"}],"about":[{"href":"https:\/\/l21.mx\/index.php?rest_route=\/wp\/v2\/types\/post"}],"author":[{"embeddable":true,"href":"https:\/\/l21.mx\/index.php?rest_route=\/wp\/v2\/users\/100"}],"replies":[{"embeddable":true,"href":"https:\/\/l21.mx\/index.php?rest_route=%2Fwp%2Fv2%2Fcomments&post=82534"}],"version-history":[{"count":0,"href":"https:\/\/l21.mx\/index.php?rest_route=\/wp\/v2\/posts\/82534\/revisions"}],"wp:featuredmedia":[{"embeddable":true,"href":"https:\/\/l21.mx\/index.php?rest_route=\/wp\/v2\/media\/82537"}],"wp:attachment":[{"href":"https:\/\/l21.mx\/index.php?rest_route=%2Fwp%2Fv2%2Fmedia&parent=82534"}],"wp:term":[{"taxonomy":"category","embeddable":true,"href":"https:\/\/l21.mx\/index.php?rest_route=%2Fwp%2Fv2%2Fcategories&post=82534"},{"taxonomy":"post_tag","embeddable":true,"href":"https:\/\/l21.mx\/index.php?rest_route=%2Fwp%2Fv2%2Ftags&post=82534"}],"curies":[{"name":"wp","href":"https:\/\/api.w.org\/{rel}","templated":true}]}}