{"id":8279,"date":"2014-10-31T19:07:49","date_gmt":"2014-11-01T01:07:49","guid":{"rendered":"http:\/\/innovatori.space\/lat21\/?p=8279"},"modified":"2015-06-01T10:57:30","modified_gmt":"2015-06-01T15:57:30","slug":"quintana-roo-40-anos-2","status":"publish","type":"post","link":"https:\/\/l21.mx\/?p=8279","title":{"rendered":"QUINTANA ROO 40 A\u00d1OS"},"content":{"rendered":"<p>(Segunda de tres partes)<\/p>\n<p><strong><a href=\"http:\/\/l21.mx\/wp-content\/uploads\/2014\/09\/fernando-barbachano.jpg\" data-rel=\"penci-gallery-image-content\" ><img fetchpriority=\"high\" decoding=\"async\" class=\"alignleft size-medium wp-image-8110\" title=\"fernando barbachano\" src=\"http:\/\/l21.mx\/wp-content\/uploads\/2014\/09\/fernando-barbachano-184x300.jpg\" alt=\"\" width=\"184\" height=\"300\" srcset=\"https:\/\/l21.mx\/wp-content\/uploads\/2014\/09\/fernando-barbachano-184x300.jpg 184w, https:\/\/l21.mx\/wp-content\/uploads\/2014\/09\/fernando-barbachano-629x1024.jpg 629w, https:\/\/l21.mx\/wp-content\/uploads\/2014\/09\/fernando-barbachano-585x952.jpg 585w, https:\/\/l21.mx\/wp-content\/uploads\/2014\/09\/fernando-barbachano.jpg 723w\" sizes=\"(max-width: 184px) 100vw, 184px\" \/><\/a>\u201c<\/strong>Am\u00e9n de su singular belleza, su privilegiado entorno, ubicaci\u00f3n geogr\u00e1fica y el talento y tenacidad de su gente, en su paso de territorio a estado, Quintana Roo fue obsequiado con el impulso que le dio la creaci\u00f3n del primer destino tur\u00edstico integralmente planeado en el mundo. Es as\u00ed como Canc\u00fan se convierte en el impulsor no solo de Quintana Roo, sino de una gran parte del quehacer econ\u00f3mico y por ende pol\u00edtico y social de la Pen\u00ednsula de Yucat\u00e1n, y en cuanto a su industria tur\u00edstica, la de todo Mexico. Su creaci\u00f3n y desarrollo est\u00e1n \u00edntimamente ligados a dos grandes cataclismos nacidos de dos expropiaciones que tuvieron una profunda influencia en el desenvolvimiento regional peninsular y del pa\u00eds: la expropiaci\u00f3n de las haciendas henequeneras de Yucat\u00e1n en 1936 y la expropiaci\u00f3n bancaria de 1982.<\/p>\n<p>\u201cLa primera dej\u00f3 a Yucat\u00e1n sumido en singular miseria. De ser una de las regiones m\u00e1s ricas del hemisferio se convirti\u00f3 en una de las m\u00e1s pobres. Decenas de miles de jefes de familia pasaron a ser parte del presupuesto del gasto nacional.\u00a0 Jornaleros a quienes se les pagaba disque por quitar la hierba. Todos sab\u00edan que en realidad no hac\u00edan nada. Ejidatarios, cordeleros, y la sociedad que los envolv\u00eda, en decadencia.\u00a0 En 1964 el gobierno federal crea Cordemex, monopolio controlador de toda la industria henequenera, esto genera m\u00e1s miseria y lleva la situaci\u00f3n econ\u00f3mica de Yucat\u00e1n a un caos.\u00a0 En un pu\u00f1ado de a\u00f1os se desangra el erario, pasando a ser la pen\u00ednsula una pesada carga en los gastos de la naci\u00f3n.\u00a0 Este es el motivo por el cual durante la administraci\u00f3n del presidente Gustavo Diaz Ordaz se encomienda al Banco de Mexico, nuestro banco central, a resolver el problema. La alta direcci\u00f3n del banco asume el reto. Nace el concepto de crear un destino tur\u00edstico capaz de dar empleo a un vasto sector de la poblaci\u00f3n, sobre todo a aquellos ciudadanos que por muchos a\u00f1os hab\u00edan estado ligados a una industria henequenera que se percib\u00eda sin futuro.<\/p>\n<p>\u201cAl final de la d\u00e9cada de los 60, el Banco de M\u00e9xico crea Infratur, y con ella se da a la tarea de estudiar cu\u00e1l ser\u00eda el sitio m\u00e1s apropiado para crear el primer Destino Tur\u00edstico Integralmente Planeado. En 1969 visit\u00e9 con mi padre las oficinas de la creativa firma de arquitectos Landa y Asociados. El concepto del primer DTIP nac\u00eda en papel. La antigua hacienda Chunchucmil, localizada en las inmediaciones de Celest\u00fan, en la frontera entre Yucat\u00e1n y Campeche, y la entonces referencia geogr\u00e1fica llamada Punta Can-Cun compiten por ser el lugar a elegir, y los directores del Banxico designados para desarrollar el proyecto, entre ellos don Antonio Enr\u00edquez Savignac, escogen realizarlo en las bellas playas de esta \u00faltima, en el entonces Territorio de Quintana Roo.<\/p>\n<p>\u201cLa inversi\u00f3n que se ejerce para el desarrollo de Canc\u00fan permite la generaci\u00f3n de los empleos deseados y gradualmente le devuelve a las familias que abrazan el reto y se envuelven en el quehacer de la creaci\u00f3n de este destino tur\u00edstico, los ingresos por su trabajo, no por subsidio, y el caos henequenero comienza a revertirse. El compositor yucateco Luis Felipe Castillo gana el concurso de la canci\u00f3n que invitar\u00eda a la poblaci\u00f3n de la pen\u00ednsula a considerar reubicar a sus familias, su quehacer y su vida.\u00a0 La popular banda cozumele\u00f1a Chicken y sus Comandos\u00a0 la interpreta.\u00a0 Los isle\u00f1os invaden los espacios radiof\u00f3nicos con la pegajosa melod\u00eda <em>Me est\u00e1 llamando Canc\u00fan<\/em>. El nuevo destino crece. Rebasa toda expectativa. El Banco de M\u00e9xico se anota uno de sus m\u00e1s grandes \u00e9xitos. Yucat\u00e1n sale de la miseria gracias a un esfuerzo realizado en lo que otrora hab\u00eda sido parte de su extensi\u00f3n territorial, desgarrada de su seno por otra de las aristas de su anta\u00f1a, singular estatura en el M\u00e9xico feudal.<\/p>\n<p>\u201cLa segunda expropiaci\u00f3n de referencia, la bancaria, tiene un par de muy profundos efectos en Quintana Roo. En febrero de 1982 se da la primera de una serie de devaluaciones del peso mexicano, que lo lleva, solo en ese a\u00f1o, de unos 27 pesos por d\u00f3lar estadounidense a 147.50, y a m\u00e1s de 150 en el \u201cmercado negro\u201d, cerca de un 600% de devaluaci\u00f3n anual. Quintana Roo, a pesar de la grave inflaci\u00f3n que vivi\u00f3 ese a\u00f1o, se convierte en el destino tur\u00edstico m\u00e1s barato del Caribe y por ende el m\u00e1s demandado. La industria tur\u00edstica despega con \u00edmpetu. La entidad se convierte en generador de divisas sin paralelo en M\u00e9xico. Ese dif\u00edcil a\u00f1o de 1982 ve en el mes de septiembre la expropiaci\u00f3n bancaria. Las devaluaciones se aceleran, los inversionistas ven en Canc\u00fan y Quintana Roo entero la oportunidad de participar en una industria generadora de divisas, se multiplican participantes, empresas de toda \u00edndole. Las que albergan, entretienen, transportan, dan alimento y sustento a todo este desarrollo.<\/p>\n<p>\u201cUn par de a\u00f1os despu\u00e9s, en 1984, la banca internacional tiene la oportunidad que le brindan las autoridades hacendarias mexicanas de convertir sus pr\u00e9stamos al gobierno de d\u00f3lares a pesos y \u201cmexd\u00f3lares\u201d, siempre que \u00e9stos se invirtieran en M\u00e9xico. Este acto le da ox\u00edgeno a Quintana Roo y propicia un acelerado desarrollo jam\u00e1s antes visto. La banca internacional financia, y en algunos casos invierte directamente como socio en la construcci\u00f3n de hoteles y desarrollos tur\u00edsticos de gran envergadura.<\/p>\n<p>\u201cEn la d\u00e9cada siguiente, apoyada en la infraestructura de Canc\u00fan, especialmente la aeroportuaria, Playa del Carmen es considerada la ciudad de mayor crecimiento en el mundo durante cuatro a\u00f1os consecutivos. Las bondades de un Canc\u00fan s\u00f3lido contribuyen al desarrollo de la Riviera Maya de hoy, y consolidan a Quintana Roo como uno de los destinos tur\u00edsticos m\u00e1s importantes del orbe\u2026<\/p>\n<p><em>(Continuar\u00e1)<\/em><\/p>\n<div><em><br \/>\n<\/em><\/div>\n","protected":false},"excerpt":{"rendered":"<p>(Segunda de tres partes) \u201cAm\u00e9n de su singular belleza, su privilegiado entorno, ubicaci\u00f3n geogr\u00e1fica y el&hellip;<\/p>\n","protected":false},"author":2,"featured_media":0,"comment_status":"open","ping_status":"open","sticky":false,"template":"","format":"standard","meta":{"_acf_changed":false,"_lmt_disableupdate":"","_lmt_disable":"","_mbp_gutenberg_autopost":false,"footnotes":""},"categories":[20],"tags":[],"class_list":["post-8279","post","type-post","status-publish","format-standard","hentry","category-columnas"],"acf":[],"yoast_head":"<!-- This site is optimized with the Yoast SEO plugin v27.5 - https:\/\/yoast.com\/product\/yoast-seo-wordpress\/ -->\n<title>QUINTANA ROO 40 A\u00d1OS | Revista Latitud 21<\/title>\n<meta name=\"description\" content=\"L21, Emprendedores y Negocios en el Caribe Mexicano, es la revista l\u00edder entre el Sector Empresarial y Tur\u00edstico del Caribe Mexicano.\" \/>\n<meta name=\"robots\" content=\"index, follow, max-snippet:-1, max-image-preview:large, max-video-preview:-1\" \/>\n<link rel=\"canonical\" href=\"https:\/\/l21.mx\/?p=8279\" \/>\n<meta name=\"twitter:card\" content=\"summary_large_image\" \/>\n<meta name=\"twitter:title\" content=\"QUINTANA ROO 40 A\u00d1OS | Revista Latitud 21\" \/>\n<meta name=\"twitter:description\" content=\"L21, Emprendedores y Negocios en el Caribe Mexicano, es la revista l\u00edder entre el Sector Empresarial y Tur\u00edstico del Caribe Mexicano.\" \/>\n<meta name=\"twitter:image\" content=\"https:\/\/l21.mx\/wp-content\/uploads\/2014\/09\/fernando-barbachano.jpg\" \/>\n<meta name=\"twitter:creator\" content=\"@Latitud21mx\" \/>\n<meta name=\"twitter:site\" content=\"@Latitud21mx\" \/>\n<meta name=\"twitter:label1\" content=\"Escrito por\" \/>\n\t<meta name=\"twitter:data1\" content=\"Latitud21 Redacci\u00f3n\" \/>\n\t<meta name=\"twitter:label2\" content=\"Tiempo de lectura\" \/>\n\t<meta name=\"twitter:data2\" content=\"5 minutos\" \/>\n<script type=\"application\/ld+json\" class=\"yoast-schema-graph\">{\"@context\":\"https:\\\/\\\/schema.org\",\"@graph\":[{\"@type\":\"Article\",\"@id\":\"https:\\\/\\\/l21.mx\\\/?p=8279#article\",\"isPartOf\":{\"@id\":\"https:\\\/\\\/l21.mx\\\/?p=8279\"},\"author\":{\"name\":\"Latitud21 Redacci\u00f3n\",\"@id\":\"https:\\\/\\\/l21.mx\\\/#\\\/schema\\\/person\\\/4b571cc212089f95579f3b66253728f1\"},\"headline\":\"QUINTANA ROO 40 A\u00d1OS\",\"datePublished\":\"2014-11-01T01:07:49+00:00\",\"dateModified\":\"2015-06-01T15:57:30+00:00\",\"mainEntityOfPage\":{\"@id\":\"https:\\\/\\\/l21.mx\\\/?p=8279\"},\"wordCount\":1035,\"commentCount\":0,\"publisher\":{\"@id\":\"https:\\\/\\\/l21.mx\\\/#organization\"},\"image\":{\"@id\":\"https:\\\/\\\/l21.mx\\\/?p=8279#primaryimage\"},\"thumbnailUrl\":\"http:\\\/\\\/l21.mx\\\/wp-content\\\/uploads\\\/2014\\\/09\\\/fernando-barbachano-184x300.jpg\",\"articleSection\":[\"X Columnas\"],\"inLanguage\":\"es\",\"potentialAction\":[{\"@type\":\"CommentAction\",\"name\":\"Comment\",\"target\":[\"https:\\\/\\\/l21.mx\\\/?p=8279#respond\"]}]},{\"@type\":\"WebPage\",\"@id\":\"https:\\\/\\\/l21.mx\\\/?p=8279\",\"url\":\"https:\\\/\\\/l21.mx\\\/?p=8279\",\"name\":\"QUINTANA ROO 40 A\u00d1OS | Revista Latitud 21\",\"isPartOf\":{\"@id\":\"https:\\\/\\\/l21.mx\\\/#website\"},\"primaryImageOfPage\":{\"@id\":\"https:\\\/\\\/l21.mx\\\/?p=8279#primaryimage\"},\"image\":{\"@id\":\"https:\\\/\\\/l21.mx\\\/?p=8279#primaryimage\"},\"thumbnailUrl\":\"http:\\\/\\\/l21.mx\\\/wp-content\\\/uploads\\\/2014\\\/09\\\/fernando-barbachano-184x300.jpg\",\"datePublished\":\"2014-11-01T01:07:49+00:00\",\"dateModified\":\"2015-06-01T15:57:30+00:00\",\"description\":\"L21, Emprendedores y Negocios en el Caribe Mexicano, es la revista l\u00edder entre el Sector Empresarial y Tur\u00edstico del Caribe Mexicano.\",\"breadcrumb\":{\"@id\":\"https:\\\/\\\/l21.mx\\\/?p=8279#breadcrumb\"},\"inLanguage\":\"es\",\"potentialAction\":[{\"@type\":\"ReadAction\",\"target\":[\"https:\\\/\\\/l21.mx\\\/?p=8279\"]}]},{\"@type\":\"ImageObject\",\"inLanguage\":\"es\",\"@id\":\"https:\\\/\\\/l21.mx\\\/?p=8279#primaryimage\",\"url\":\"https:\\\/\\\/l21.mx\\\/wp-content\\\/uploads\\\/2014\\\/09\\\/fernando-barbachano.jpg\",\"contentUrl\":\"https:\\\/\\\/l21.mx\\\/wp-content\\\/uploads\\\/2014\\\/09\\\/fernando-barbachano.jpg\",\"width\":723,\"height\":1177},{\"@type\":\"BreadcrumbList\",\"@id\":\"https:\\\/\\\/l21.mx\\\/?p=8279#breadcrumb\",\"itemListElement\":[{\"@type\":\"ListItem\",\"position\":1,\"name\":\"Portada\",\"item\":\"https:\\\/\\\/l21.mx\\\/\"},{\"@type\":\"ListItem\",\"position\":2,\"name\":\"QUINTANA ROO 40 A\u00d1OS\"}]},{\"@type\":\"WebSite\",\"@id\":\"https:\\\/\\\/l21.mx\\\/#website\",\"url\":\"https:\\\/\\\/l21.mx\\\/\",\"name\":\"Revista Latitud 21\",\"description\":\"Emprendedores  y negocios en el Caribe Mexicano\",\"publisher\":{\"@id\":\"https:\\\/\\\/l21.mx\\\/#organization\"},\"potentialAction\":[{\"@type\":\"SearchAction\",\"target\":{\"@type\":\"EntryPoint\",\"urlTemplate\":\"https:\\\/\\\/l21.mx\\\/?s={search_term_string}\"},\"query-input\":{\"@type\":\"PropertyValueSpecification\",\"valueRequired\":true,\"valueName\":\"search_term_string\"}}],\"inLanguage\":\"es\"},{\"@type\":\"Organization\",\"@id\":\"https:\\\/\\\/l21.mx\\\/#organization\",\"name\":\"Grupo Editorial Latitud 21 SA de CV\",\"url\":\"https:\\\/\\\/l21.mx\\\/\",\"logo\":{\"@type\":\"ImageObject\",\"inLanguage\":\"es\",\"@id\":\"https:\\\/\\\/l21.mx\\\/#\\\/schema\\\/logo\\\/image\\\/\",\"url\":\"https:\\\/\\\/l21.mx\\\/wp-content\\\/uploads\\\/2020\\\/10\\\/logo-l21-baja.jpg\",\"contentUrl\":\"https:\\\/\\\/l21.mx\\\/wp-content\\\/uploads\\\/2020\\\/10\\\/logo-l21-baja.jpg\",\"width\":250,\"height\":250,\"caption\":\"Grupo Editorial Latitud 21 SA de CV\"},\"image\":{\"@id\":\"https:\\\/\\\/l21.mx\\\/#\\\/schema\\\/logo\\\/image\\\/\"},\"sameAs\":[\"https:\\\/\\\/www.facebook.com\\\/RevistaLatitud21\\\/\",\"https:\\\/\\\/x.com\\\/Latitud21mx\"]},{\"@type\":\"Person\",\"@id\":\"https:\\\/\\\/l21.mx\\\/#\\\/schema\\\/person\\\/4b571cc212089f95579f3b66253728f1\",\"name\":\"Latitud21 Redacci\u00f3n\",\"url\":\"https:\\\/\\\/l21.mx\\\/?author=2\"}]}<\/script>\n<!-- \/ Yoast SEO plugin. -->","yoast_head_json":{"title":"QUINTANA ROO 40 A\u00d1OS | Revista Latitud 21","description":"L21, Emprendedores y Negocios en el Caribe Mexicano, es la revista l\u00edder entre el Sector Empresarial y Tur\u00edstico del Caribe Mexicano.","robots":{"index":"index","follow":"follow","max-snippet":"max-snippet:-1","max-image-preview":"max-image-preview:large","max-video-preview":"max-video-preview:-1"},"canonical":"https:\/\/l21.mx\/?p=8279","twitter_card":"summary_large_image","twitter_title":"QUINTANA ROO 40 A\u00d1OS | Revista Latitud 21","twitter_description":"L21, Emprendedores y Negocios en el Caribe Mexicano, es la revista l\u00edder entre el Sector Empresarial y Tur\u00edstico del Caribe Mexicano.","twitter_image":"https:\/\/l21.mx\/wp-content\/uploads\/2014\/09\/fernando-barbachano.jpg","twitter_creator":"@Latitud21mx","twitter_site":"@Latitud21mx","twitter_misc":{"Escrito por":"Latitud21 Redacci\u00f3n","Tiempo de lectura":"5 minutos"},"schema":{"@context":"https:\/\/schema.org","@graph":[{"@type":"Article","@id":"https:\/\/l21.mx\/?p=8279#article","isPartOf":{"@id":"https:\/\/l21.mx\/?p=8279"},"author":{"name":"Latitud21 Redacci\u00f3n","@id":"https:\/\/l21.mx\/#\/schema\/person\/4b571cc212089f95579f3b66253728f1"},"headline":"QUINTANA ROO 40 A\u00d1OS","datePublished":"2014-11-01T01:07:49+00:00","dateModified":"2015-06-01T15:57:30+00:00","mainEntityOfPage":{"@id":"https:\/\/l21.mx\/?p=8279"},"wordCount":1035,"commentCount":0,"publisher":{"@id":"https:\/\/l21.mx\/#organization"},"image":{"@id":"https:\/\/l21.mx\/?p=8279#primaryimage"},"thumbnailUrl":"http:\/\/l21.mx\/wp-content\/uploads\/2014\/09\/fernando-barbachano-184x300.jpg","articleSection":["X Columnas"],"inLanguage":"es","potentialAction":[{"@type":"CommentAction","name":"Comment","target":["https:\/\/l21.mx\/?p=8279#respond"]}]},{"@type":"WebPage","@id":"https:\/\/l21.mx\/?p=8279","url":"https:\/\/l21.mx\/?p=8279","name":"QUINTANA ROO 40 A\u00d1OS | Revista Latitud 21","isPartOf":{"@id":"https:\/\/l21.mx\/#website"},"primaryImageOfPage":{"@id":"https:\/\/l21.mx\/?p=8279#primaryimage"},"image":{"@id":"https:\/\/l21.mx\/?p=8279#primaryimage"},"thumbnailUrl":"http:\/\/l21.mx\/wp-content\/uploads\/2014\/09\/fernando-barbachano-184x300.jpg","datePublished":"2014-11-01T01:07:49+00:00","dateModified":"2015-06-01T15:57:30+00:00","description":"L21, Emprendedores y Negocios en el Caribe Mexicano, es la revista l\u00edder entre el Sector Empresarial y Tur\u00edstico del Caribe Mexicano.","breadcrumb":{"@id":"https:\/\/l21.mx\/?p=8279#breadcrumb"},"inLanguage":"es","potentialAction":[{"@type":"ReadAction","target":["https:\/\/l21.mx\/?p=8279"]}]},{"@type":"ImageObject","inLanguage":"es","@id":"https:\/\/l21.mx\/?p=8279#primaryimage","url":"https:\/\/l21.mx\/wp-content\/uploads\/2014\/09\/fernando-barbachano.jpg","contentUrl":"https:\/\/l21.mx\/wp-content\/uploads\/2014\/09\/fernando-barbachano.jpg","width":723,"height":1177},{"@type":"BreadcrumbList","@id":"https:\/\/l21.mx\/?p=8279#breadcrumb","itemListElement":[{"@type":"ListItem","position":1,"name":"Portada","item":"https:\/\/l21.mx\/"},{"@type":"ListItem","position":2,"name":"QUINTANA ROO 40 A\u00d1OS"}]},{"@type":"WebSite","@id":"https:\/\/l21.mx\/#website","url":"https:\/\/l21.mx\/","name":"Revista Latitud 21","description":"Emprendedores  y negocios en el Caribe Mexicano","publisher":{"@id":"https:\/\/l21.mx\/#organization"},"potentialAction":[{"@type":"SearchAction","target":{"@type":"EntryPoint","urlTemplate":"https:\/\/l21.mx\/?s={search_term_string}"},"query-input":{"@type":"PropertyValueSpecification","valueRequired":true,"valueName":"search_term_string"}}],"inLanguage":"es"},{"@type":"Organization","@id":"https:\/\/l21.mx\/#organization","name":"Grupo Editorial Latitud 21 SA de CV","url":"https:\/\/l21.mx\/","logo":{"@type":"ImageObject","inLanguage":"es","@id":"https:\/\/l21.mx\/#\/schema\/logo\/image\/","url":"https:\/\/l21.mx\/wp-content\/uploads\/2020\/10\/logo-l21-baja.jpg","contentUrl":"https:\/\/l21.mx\/wp-content\/uploads\/2020\/10\/logo-l21-baja.jpg","width":250,"height":250,"caption":"Grupo Editorial Latitud 21 SA de CV"},"image":{"@id":"https:\/\/l21.mx\/#\/schema\/logo\/image\/"},"sameAs":["https:\/\/www.facebook.com\/RevistaLatitud21\/","https:\/\/x.com\/Latitud21mx"]},{"@type":"Person","@id":"https:\/\/l21.mx\/#\/schema\/person\/4b571cc212089f95579f3b66253728f1","name":"Latitud21 Redacci\u00f3n","url":"https:\/\/l21.mx\/?author=2"}]}},"amp_enabled":true,"_links":{"self":[{"href":"https:\/\/l21.mx\/index.php?rest_route=\/wp\/v2\/posts\/8279","targetHints":{"allow":["GET"]}}],"collection":[{"href":"https:\/\/l21.mx\/index.php?rest_route=\/wp\/v2\/posts"}],"about":[{"href":"https:\/\/l21.mx\/index.php?rest_route=\/wp\/v2\/types\/post"}],"author":[{"embeddable":true,"href":"https:\/\/l21.mx\/index.php?rest_route=\/wp\/v2\/users\/2"}],"replies":[{"embeddable":true,"href":"https:\/\/l21.mx\/index.php?rest_route=%2Fwp%2Fv2%2Fcomments&post=8279"}],"version-history":[{"count":0,"href":"https:\/\/l21.mx\/index.php?rest_route=\/wp\/v2\/posts\/8279\/revisions"}],"wp:attachment":[{"href":"https:\/\/l21.mx\/index.php?rest_route=%2Fwp%2Fv2%2Fmedia&parent=8279"}],"wp:term":[{"taxonomy":"category","embeddable":true,"href":"https:\/\/l21.mx\/index.php?rest_route=%2Fwp%2Fv2%2Fcategories&post=8279"},{"taxonomy":"post_tag","embeddable":true,"href":"https:\/\/l21.mx\/index.php?rest_route=%2Fwp%2Fv2%2Ftags&post=8279"}],"curies":[{"name":"wp","href":"https:\/\/api.w.org\/{rel}","templated":true}]}}