{"id":8324,"date":"2014-11-03T17:32:16","date_gmt":"2014-11-03T23:32:16","guid":{"rendered":"http:\/\/innovatori.space\/lat21\/?p=8324"},"modified":"2014-11-03T17:32:16","modified_gmt":"2014-11-03T23:32:16","slug":"%e2%86%91%e2%86%91-honda","status":"publish","type":"post","link":"https:\/\/l21.mx\/?p=8324","title":{"rendered":"\u2191\u2191  Honda"},"content":{"rendered":"<p><a href=\"http:\/\/l21.mx\/wp-content\/uploads\/2014\/11\/Honda-cancun.jpg\" data-rel=\"penci-gallery-image-content\" ><img fetchpriority=\"high\" decoding=\"async\" class=\"alignleft size-medium wp-image-8325\" title=\"Honda cancun\" src=\"http:\/\/l21.mx\/wp-content\/uploads\/2014\/11\/Honda-cancun-300x199.jpg\" alt=\"\" width=\"300\" height=\"199\" srcset=\"https:\/\/l21.mx\/wp-content\/uploads\/2014\/11\/Honda-cancun-300x199.jpg 300w, https:\/\/l21.mx\/wp-content\/uploads\/2014\/11\/Honda-cancun-263x175.jpg 263w, https:\/\/l21.mx\/wp-content\/uploads\/2014\/11\/Honda-cancun.jpg 547w\" sizes=\"(max-width: 300px) 100vw, 300px\" \/><\/a>La firma de autom\u00f3viles de origen japon\u00e9s abre en Canc\u00fan su segunda sucursal, la cuarta en el estado de Quintana Roo, para llegar a los clientes con una nueva y c\u00e9ntrica instalaci\u00f3n que se habilita para la compra- venta de autos nuevos, con taller de servicio y venta de accesorios originales. Superficie, dos mil 500 m2. Gener\u00f3 20 empleos directos y unos 120 indirectos. Av. Bonampak, Mza. 2, secci\u00f3n C, lotes 3 y 4, entre Av. Cob\u00e1 y Av. Uxmal. Tel. (998) 884-48-93. www.hondasureste.com.mx<\/p>\n<div><\/div>\n","protected":false},"excerpt":{"rendered":"<p>La firma de autom\u00f3viles de origen japon\u00e9s abre en Canc\u00fan su segunda sucursal, la cuarta en&hellip;<\/p>\n","protected":false},"author":2,"featured_media":8325,"comment_status":"open","ping_status":"open","sticky":false,"template":"","format":"standard","meta":{"_acf_changed":false,"_lmt_disableupdate":"","_lmt_disable":"","_mbp_gutenberg_autopost":false,"footnotes":""},"categories":[4,10],"tags":[],"class_list":["post-8324","post","type-post","status-publish","format-standard","has-post-thumbnail","hentry","category-empresas-y-negocios","category-sube-y-baja"],"acf":[],"_links":{"self":[{"href":"https:\/\/l21.mx\/index.php?rest_route=\/wp\/v2\/posts\/8324","targetHints":{"allow":["GET"]}}],"collection":[{"href":"https:\/\/l21.mx\/index.php?rest_route=\/wp\/v2\/posts"}],"about":[{"href":"https:\/\/l21.mx\/index.php?rest_route=\/wp\/v2\/types\/post"}],"author":[{"embeddable":true,"href":"https:\/\/l21.mx\/index.php?rest_route=\/wp\/v2\/users\/2"}],"replies":[{"embeddable":true,"href":"https:\/\/l21.mx\/index.php?rest_route=%2Fwp%2Fv2%2Fcomments&post=8324"}],"version-history":[{"count":0,"href":"https:\/\/l21.mx\/index.php?rest_route=\/wp\/v2\/posts\/8324\/revisions"}],"wp:featuredmedia":[{"embeddable":true,"href":"https:\/\/l21.mx\/index.php?rest_route=\/wp\/v2\/media\/8325"}],"wp:attachment":[{"href":"https:\/\/l21.mx\/index.php?rest_route=%2Fwp%2Fv2%2Fmedia&parent=8324"}],"wp:term":[{"taxonomy":"category","embeddable":true,"href":"https:\/\/l21.mx\/index.php?rest_route=%2Fwp%2Fv2%2Fcategories&post=8324"},{"taxonomy":"post_tag","embeddable":true,"href":"https:\/\/l21.mx\/index.php?rest_route=%2Fwp%2Fv2%2Ftags&post=8324"}],"curies":[{"name":"wp","href":"https:\/\/api.w.org\/{rel}","templated":true}]}}