{"id":83257,"date":"2025-01-16T18:16:10","date_gmt":"2025-01-16T23:16:10","guid":{"rendered":"https:\/\/l21.mx\/?p=83257"},"modified":"2025-01-16T18:16:10","modified_gmt":"2025-01-16T23:16:10","slug":"bienvenida-regina-albor-a-gel-21","status":"publish","type":"post","link":"https:\/\/l21.mx\/?p=83257","title":{"rendered":"Bienvenida Regina Albor a GEL 21"},"content":{"rendered":"<p>&nbsp;<\/p>\n<p>El Grupo Editorial Latitud 21 adiciona a Regina Albor Dom\u00ednguez como coordinadora de Social Media, quien fue presentada en reuni\u00f3n de trabajo en las oficinas del corporativo.<\/p>\n<p><a href=\"https:\/\/l21.mx\/wp-content\/uploads\/2025\/01\/regina-y-amadorjpg.jpg\" data-rel=\"penci-gallery-image-content\" ><img fetchpriority=\"high\" decoding=\"async\" class=\"alignnone size-medium wp-image-83259\" src=\"https:\/\/l21.mx\/wp-content\/uploads\/2025\/01\/regina-y-amadorjpg-300x300.jpg\" alt=\"\" width=\"300\" height=\"300\" srcset=\"https:\/\/l21.mx\/wp-content\/uploads\/2025\/01\/regina-y-amadorjpg-300x300.jpg 300w, https:\/\/l21.mx\/wp-content\/uploads\/2025\/01\/regina-y-amadorjpg-1024x1024.jpg 1024w, https:\/\/l21.mx\/wp-content\/uploads\/2025\/01\/regina-y-amadorjpg-150x150.jpg 150w, https:\/\/l21.mx\/wp-content\/uploads\/2025\/01\/regina-y-amadorjpg-768x768.jpg 768w, https:\/\/l21.mx\/wp-content\/uploads\/2025\/01\/regina-y-amadorjpg-1170x1170.jpg 1170w, https:\/\/l21.mx\/wp-content\/uploads\/2025\/01\/regina-y-amadorjpg-585x585.jpg 585w, https:\/\/l21.mx\/wp-content\/uploads\/2025\/01\/regina-y-amadorjpg.jpg 1242w\" sizes=\"(max-width: 300px) 100vw, 300px\" \/><\/a><\/p>\n<p>Hoy damos un paso importante. Siempre en la b\u00fasqueda de mejorar y actualizarnos como medio de comunicaci\u00f3n l\u00edder en el Caribe mexicano, principalmente en el sector social y de entretenimiento con la Revista Proyecto Br\u00fajula y en lo empresarial y emprendedurismo con la Revista Latitud 21, as\u00ed como con la gu\u00eda tur\u00edstica Canc\u00fan iTips, por lo que la parte de las redes sociales y la interacci\u00f3n con nuestros lectores y clientes es vital en el mundo actual.<\/p>\n<p>En la actualidad este Grupo Editorial con m\u00e1s de 20 a\u00f1os en el mercado, se enorgullece de contar los productos impresos, y hoy en d\u00eda complementando nuestros medios en digital, en p\u00e1ginas web y todo el contenido v\u00eda redes sociales, para llegar a todo p\u00fablico.<\/p>\n<p><a href=\"https:\/\/l21.mx\/wp-content\/uploads\/2025\/01\/1revistas.jpg\" data-rel=\"penci-gallery-image-content\" ><img decoding=\"async\" class=\"alignnone size-medium wp-image-83260\" src=\"https:\/\/l21.mx\/wp-content\/uploads\/2025\/01\/1revistas-300x300.jpg\" alt=\"\" width=\"300\" height=\"300\" srcset=\"https:\/\/l21.mx\/wp-content\/uploads\/2025\/01\/1revistas-300x300.jpg 300w, https:\/\/l21.mx\/wp-content\/uploads\/2025\/01\/1revistas-1024x1024.jpg 1024w, https:\/\/l21.mx\/wp-content\/uploads\/2025\/01\/1revistas-150x150.jpg 150w, https:\/\/l21.mx\/wp-content\/uploads\/2025\/01\/1revistas-768x768.jpg 768w, https:\/\/l21.mx\/wp-content\/uploads\/2025\/01\/1revistas-1170x1170.jpg 1170w, https:\/\/l21.mx\/wp-content\/uploads\/2025\/01\/1revistas-585x585.jpg 585w, https:\/\/l21.mx\/wp-content\/uploads\/2025\/01\/1revistas.jpg 1242w\" sizes=\"(max-width: 300px) 100vw, 300px\" \/><\/a><\/p>\n<p>Estando en la tendencia de la modernidad en como se consume la informaci\u00f3n hoy en d\u00eda, con el compromiso de comunicar con veracidad, actualizados y serios.<\/p>\n","protected":false},"excerpt":{"rendered":"<p>&nbsp; El Grupo Editorial Latitud 21 adiciona a Regina Albor Dom\u00ednguez como coordinadora de Social Media,&hellip;<\/p>\n","protected":false},"author":100,"featured_media":83258,"comment_status":"closed","ping_status":"closed","sticky":false,"template":"","format":"standard","meta":{"_acf_changed":false,"_lmt_disableupdate":"","_lmt_disable":"","_mbp_gutenberg_autopost":false,"footnotes":""},"categories":[23,1656],"tags":[],"class_list":["post-83257","post","type-post","status-publish","format-standard","has-post-thumbnail","hentry","category-noticias","category-quintana-roo"],"acf":[],"_links":{"self":[{"href":"https:\/\/l21.mx\/index.php?rest_route=\/wp\/v2\/posts\/83257","targetHints":{"allow":["GET"]}}],"collection":[{"href":"https:\/\/l21.mx\/index.php?rest_route=\/wp\/v2\/posts"}],"about":[{"href":"https:\/\/l21.mx\/index.php?rest_route=\/wp\/v2\/types\/post"}],"author":[{"embeddable":true,"href":"https:\/\/l21.mx\/index.php?rest_route=\/wp\/v2\/users\/100"}],"replies":[{"embeddable":true,"href":"https:\/\/l21.mx\/index.php?rest_route=%2Fwp%2Fv2%2Fcomments&post=83257"}],"version-history":[{"count":0,"href":"https:\/\/l21.mx\/index.php?rest_route=\/wp\/v2\/posts\/83257\/revisions"}],"wp:featuredmedia":[{"embeddable":true,"href":"https:\/\/l21.mx\/index.php?rest_route=\/wp\/v2\/media\/83258"}],"wp:attachment":[{"href":"https:\/\/l21.mx\/index.php?rest_route=%2Fwp%2Fv2%2Fmedia&parent=83257"}],"wp:term":[{"taxonomy":"category","embeddable":true,"href":"https:\/\/l21.mx\/index.php?rest_route=%2Fwp%2Fv2%2Fcategories&post=83257"},{"taxonomy":"post_tag","embeddable":true,"href":"https:\/\/l21.mx\/index.php?rest_route=%2Fwp%2Fv2%2Ftags&post=83257"}],"curies":[{"name":"wp","href":"https:\/\/api.w.org\/{rel}","templated":true}]}}