{"id":8368,"date":"2014-11-05T12:56:00","date_gmt":"2014-11-05T18:56:00","guid":{"rendered":"http:\/\/innovatori.space\/lat21\/?p=8368"},"modified":"2014-11-05T12:56:00","modified_gmt":"2014-11-05T18:56:00","slug":"tres-estados-un-destino-2","status":"publish","type":"post","link":"https:\/\/l21.mx\/?p=8368","title":{"rendered":"Tres estados, un destino"},"content":{"rendered":"<p>httpv:\/\/www.youtube.com\/watch?v=fggG4b_BrtA<\/p>\n<p>Guiado por el \u00e9xito de Experiencias Xcaret, Miguel Quintana Pali toma la iniciativa y las riendas de Gran Pen\u00ednsula Maya, un ambicioso proyecto para hacer de la pen\u00ednsula un macro destino.<\/p>\n","protected":false},"excerpt":{"rendered":"<p>httpv:\/\/www.youtube.com\/watch?v=fggG4b_BrtA Guiado por el \u00e9xito de Experiencias Xcaret, Miguel Quintana Pali toma la iniciativa y las&hellip;<\/p>\n","protected":false},"author":2,"featured_media":8369,"comment_status":"open","ping_status":"open","sticky":false,"template":"","format":"standard","meta":{"_acf_changed":false,"_lmt_disableupdate":"","_lmt_disable":"","_mbp_gutenberg_autopost":false,"footnotes":""},"categories":[6],"tags":[],"class_list":["post-8368","post","type-post","status-publish","format-standard","has-post-thumbnail","hentry","category-videogaleria"],"acf":[],"_links":{"self":[{"href":"https:\/\/l21.mx\/index.php?rest_route=\/wp\/v2\/posts\/8368","targetHints":{"allow":["GET"]}}],"collection":[{"href":"https:\/\/l21.mx\/index.php?rest_route=\/wp\/v2\/posts"}],"about":[{"href":"https:\/\/l21.mx\/index.php?rest_route=\/wp\/v2\/types\/post"}],"author":[{"embeddable":true,"href":"https:\/\/l21.mx\/index.php?rest_route=\/wp\/v2\/users\/2"}],"replies":[{"embeddable":true,"href":"https:\/\/l21.mx\/index.php?rest_route=%2Fwp%2Fv2%2Fcomments&post=8368"}],"version-history":[{"count":0,"href":"https:\/\/l21.mx\/index.php?rest_route=\/wp\/v2\/posts\/8368\/revisions"}],"wp:featuredmedia":[{"embeddable":true,"href":"https:\/\/l21.mx\/index.php?rest_route=\/wp\/v2\/media\/8369"}],"wp:attachment":[{"href":"https:\/\/l21.mx\/index.php?rest_route=%2Fwp%2Fv2%2Fmedia&parent=8368"}],"wp:term":[{"taxonomy":"category","embeddable":true,"href":"https:\/\/l21.mx\/index.php?rest_route=%2Fwp%2Fv2%2Fcategories&post=8368"},{"taxonomy":"post_tag","embeddable":true,"href":"https:\/\/l21.mx\/index.php?rest_route=%2Fwp%2Fv2%2Ftags&post=8368"}],"curies":[{"name":"wp","href":"https:\/\/api.w.org\/{rel}","templated":true}]}}