{"id":8395,"date":"2014-11-05T13:32:01","date_gmt":"2014-11-05T19:32:01","guid":{"rendered":"http:\/\/innovatori.space\/lat21\/?p=8395"},"modified":"2014-11-05T13:37:08","modified_gmt":"2014-11-05T19:37:08","slug":"video-pedro-ferriz-de-con-comunicador-y-empresario","status":"publish","type":"post","link":"https:\/\/l21.mx\/?p=8395","title":{"rendered":"VIDEO: Pedro Ferriz de Con Comunicador y empresario"},"content":{"rendered":"<p>httpv:\/\/www.youtube.com\/watch?v=hRwoAY7nEtE<\/p>\n<p>El polifac\u00e9tico comunicador y empresario Pedro Ferriz de Con intenta despertar conciencias. Y eso lo ha logrado a trav\u00e9s del movimiento ciudadano en contra de las curules de los plurinominales, a los que se sumaron m\u00e1s de siete millones de mexicanos. Su voz, su denuncia a gritos, su irreverencia y su an\u00e1lisis le han llevado a crear un nuevo movimiento: La Revoluci\u00f3n del Intelecto. En encuentro con\u00a0<strong>\u00a0<\/strong>\u00a0luego de su magistral ponencia bajo el patrocinio de Fundaci\u00f3n Oasis, nos habla desde sus entra\u00f1as.<\/p>\n","protected":false},"excerpt":{"rendered":"<p>httpv:\/\/www.youtube.com\/watch?v=hRwoAY7nEtE El polifac\u00e9tico comunicador y empresario Pedro Ferriz de Con intenta despertar conciencias. Y eso lo&hellip;<\/p>\n","protected":false},"author":2,"featured_media":8398,"comment_status":"open","ping_status":"open","sticky":false,"template":"","format":"standard","meta":{"_acf_changed":false,"_lmt_disableupdate":"","_lmt_disable":"","_mbp_gutenberg_autopost":false,"footnotes":""},"categories":[23,6],"tags":[],"class_list":["post-8395","post","type-post","status-publish","format-standard","has-post-thumbnail","hentry","category-noticias","category-videogaleria"],"acf":[],"_links":{"self":[{"href":"https:\/\/l21.mx\/index.php?rest_route=\/wp\/v2\/posts\/8395","targetHints":{"allow":["GET"]}}],"collection":[{"href":"https:\/\/l21.mx\/index.php?rest_route=\/wp\/v2\/posts"}],"about":[{"href":"https:\/\/l21.mx\/index.php?rest_route=\/wp\/v2\/types\/post"}],"author":[{"embeddable":true,"href":"https:\/\/l21.mx\/index.php?rest_route=\/wp\/v2\/users\/2"}],"replies":[{"embeddable":true,"href":"https:\/\/l21.mx\/index.php?rest_route=%2Fwp%2Fv2%2Fcomments&post=8395"}],"version-history":[{"count":0,"href":"https:\/\/l21.mx\/index.php?rest_route=\/wp\/v2\/posts\/8395\/revisions"}],"wp:featuredmedia":[{"embeddable":true,"href":"https:\/\/l21.mx\/index.php?rest_route=\/wp\/v2\/media\/8398"}],"wp:attachment":[{"href":"https:\/\/l21.mx\/index.php?rest_route=%2Fwp%2Fv2%2Fmedia&parent=8395"}],"wp:term":[{"taxonomy":"category","embeddable":true,"href":"https:\/\/l21.mx\/index.php?rest_route=%2Fwp%2Fv2%2Fcategories&post=8395"},{"taxonomy":"post_tag","embeddable":true,"href":"https:\/\/l21.mx\/index.php?rest_route=%2Fwp%2Fv2%2Ftags&post=8395"}],"curies":[{"name":"wp","href":"https:\/\/api.w.org\/{rel}","templated":true}]}}