{"id":84330,"date":"2025-02-21T11:53:36","date_gmt":"2025-02-21T16:53:36","guid":{"rendered":"https:\/\/l21.mx\/?p=84330"},"modified":"2025-02-21T11:53:36","modified_gmt":"2025-02-21T16:53:36","slug":"playa-del-carmen-brilla-mas-que-nunca-con-calles-mejor-iluminadas","status":"publish","type":"post","link":"https:\/\/l21.mx\/?p=84330","title":{"rendered":"Playa del Carmen brilla m\u00e1s que nunca con calles mejor iluminadas"},"content":{"rendered":"<div>\n<div><\/div>\n<div><\/div>\n<div>* En tiempo r\u00e9cord fueron atendidos problemas de alumbrado p\u00fablico y electricidad en las colonias Colosio, Villas del Sol y Ejido, destaca la presidenta municipal, Estefan\u00eda Mercado<\/div>\n<div><a href=\"https:\/\/l21.mx\/wp-content\/uploads\/2025\/02\/WhatsApp-Image-2025-02-20-at-7.11.29-PM.webp\"><img fetchpriority=\"high\" decoding=\"async\" class=\"alignnone size-medium wp-image-84331\" src=\"https:\/\/l21.mx\/wp-content\/uploads\/2025\/02\/WhatsApp-Image-2025-02-20-at-7.11.29-PM-169x300.jpeg\" alt=\"\" width=\"169\" height=\"300\" srcset=\"https:\/\/l21.mx\/wp-content\/uploads\/2025\/02\/WhatsApp-Image-2025-02-20-at-7.11.29-PM-169x300.jpeg 169w, https:\/\/l21.mx\/wp-content\/uploads\/2025\/02\/WhatsApp-Image-2025-02-20-at-7.11.29-PM-576x1024.jpeg 576w, https:\/\/l21.mx\/wp-content\/uploads\/2025\/02\/WhatsApp-Image-2025-02-20-at-7.11.29-PM-768x1365.jpeg 768w, https:\/\/l21.mx\/wp-content\/uploads\/2025\/02\/WhatsApp-Image-2025-02-20-at-7.11.29-PM-864x1536.jpeg 864w, https:\/\/l21.mx\/wp-content\/uploads\/2025\/02\/WhatsApp-Image-2025-02-20-at-7.11.29-PM-585x1040.jpeg 585w, https:\/\/l21.mx\/wp-content\/uploads\/2025\/02\/WhatsApp-Image-2025-02-20-at-7.11.29-PM.webp 900w\" sizes=\"(max-width: 169px) 100vw, 169px\" \/><\/a><\/div>\n<\/div>\n<div><\/div>\n<div>Playa del Carmen, Quintana Roo, 21 de febrero de 2025.- En menos de cinco meses, el gobierno de Solidaridad devolvi\u00f3 el brillo a Playa del Carmen con un mejor alumbrado p\u00fablico que, adem\u00e1s, garantiza seguridad a las familias, destac\u00f3 la presidenta municipal Estefan\u00eda Mercado.<\/div>\n<div><\/div>\n<div>En este sentido, la Alcaldesa explic\u00f3 que, en tiempo r\u00e9cord, con el apoyo de trabajadores y trabajadoras de la Secretar\u00eda de Servicios P\u00fablicos Municipales, a cargo de Julieta Mart\u00edn, fueron rehabilitadas 3,264 luminarias en las colonias Colosio, Villas del Sol y Ejido de Playa del Carmen.<\/div>\n<div><\/div>\n<div>Ademas, agreg\u00f3 Estefan\u00eda Mercado, fue necesario renovar 11 kil\u00f3metros de cableado el\u00e9ctrico para que la energ\u00eda pueda llegar sin fallas.<\/div>\n<div><\/div>\n<div>Asimismo, 1,166 sectores fueron restablecidos para una iluminaci\u00f3n eficiente y automatizada y se atendieron 364 reportes ciudadanos en menos de 72 horas.<\/div>\n<div><\/div>\n<div>\u201cUna ciudad iluminada, es una ciudad segura, por eso seguimos trabajando para que en Playa del Carmen brille la prosperidad para todas y para todos\u201d, concluy\u00f3 la Alcaldesa.<\/div>\n<div><\/div>\n<div>ooo000ooo<\/div>\n","protected":false},"excerpt":{"rendered":"<p>* En tiempo r\u00e9cord fueron atendidos problemas de alumbrado p\u00fablico y electricidad en las colonias Colosio,&hellip;<\/p>\n","protected":false},"author":100,"featured_media":84332,"comment_status":"closed","ping_status":"closed","sticky":false,"template":"","format":"standard","meta":{"_acf_changed":false,"_lmt_disableupdate":"","_lmt_disable":"","_mbp_gutenberg_autopost":false,"footnotes":""},"categories":[1654],"tags":[],"class_list":["post-84330","post","type-post","status-publish","format-standard","has-post-thumbnail","hentry","category-solidaridad"],"acf":[],"_links":{"self":[{"href":"https:\/\/l21.mx\/index.php?rest_route=\/wp\/v2\/posts\/84330","targetHints":{"allow":["GET"]}}],"collection":[{"href":"https:\/\/l21.mx\/index.php?rest_route=\/wp\/v2\/posts"}],"about":[{"href":"https:\/\/l21.mx\/index.php?rest_route=\/wp\/v2\/types\/post"}],"author":[{"embeddable":true,"href":"https:\/\/l21.mx\/index.php?rest_route=\/wp\/v2\/users\/100"}],"replies":[{"embeddable":true,"href":"https:\/\/l21.mx\/index.php?rest_route=%2Fwp%2Fv2%2Fcomments&post=84330"}],"version-history":[{"count":0,"href":"https:\/\/l21.mx\/index.php?rest_route=\/wp\/v2\/posts\/84330\/revisions"}],"wp:featuredmedia":[{"embeddable":true,"href":"https:\/\/l21.mx\/index.php?rest_route=\/wp\/v2\/media\/84332"}],"wp:attachment":[{"href":"https:\/\/l21.mx\/index.php?rest_route=%2Fwp%2Fv2%2Fmedia&parent=84330"}],"wp:term":[{"taxonomy":"category","embeddable":true,"href":"https:\/\/l21.mx\/index.php?rest_route=%2Fwp%2Fv2%2Fcategories&post=84330"},{"taxonomy":"post_tag","embeddable":true,"href":"https:\/\/l21.mx\/index.php?rest_route=%2Fwp%2Fv2%2Ftags&post=84330"}],"curies":[{"name":"wp","href":"https:\/\/api.w.org\/{rel}","templated":true}]}}