{"id":84467,"date":"2025-03-01T12:03:15","date_gmt":"2025-03-01T17:03:15","guid":{"rendered":"https:\/\/l21.mx\/?p=84467"},"modified":"2025-03-01T12:04:38","modified_gmt":"2025-03-01T17:04:38","slug":"simplemente-gracias","status":"publish","type":"post","link":"https:\/\/l21.mx\/?p=84467","title":{"rendered":"Simplemente gracias"},"content":{"rendered":"<ul>\n<li><b>Desde el camerino <\/b><b>Alejandro Rosel<\/b><\/li>\n<li>Comunicador y conductor<\/li>\n<li>Twitter: @AlejandroRosel7<\/li>\n<\/ul>\n<p>&nbsp;<\/p>\n<p><b>Para: EMDI, MDR, KRM, PRC, MI AMOR INFINITO<\/b><\/p>\n<p><b>A<\/b>gradezco como siempre que me lean y hoy har\u00e9 algo que no acostumbro a hacer: hablar de m\u00ed, pero creo que en esta ocasi\u00f3n lo amerita. El pasado 12 de febrero en la Ciudad de M\u00e9xico, en el Museo de Antropolog\u00eda e Historia, tuve el honor de ser condecorado, junto con otros muchos colegas de los medios de comunicaci\u00f3n, por la Asociaci\u00f3n Nacional de Locutores de M\u00e9xico, con la Medalla \u201cRub\u00e9n Zepeda Novelo\u201d a la trayectoria en Televisi\u00f3n.<\/p>\n<p>Han sido 34 a\u00f1os de aventura y recorrido por la radio y la televisi\u00f3n en la pen\u00ednsula de Yucat\u00e1n. Han sido a\u00f1os de grandes retos, de mucho aprendizaje y sobre todo de disfrutar con mucha pasi\u00f3n. Sin duda cuando uno hace lo que le gusta, lo que le llena, los a\u00f1os pasan muy r\u00e1pido y las horas tambi\u00e9n.<span class=\"Apple-converted-space\">\u00a0 <\/span>Recuerdo mis inicios en las grabaciones, jalando cables, cargando c\u00e1maras,<span class=\"Apple-converted-space\">\u00a0 <\/span>aprendiendo a iluminar; luego mi paso por las cabinas de radio, los micr\u00f3fonos son apasionantes, poder llegar a muchos siempre es gratificante; y luego la magia de la televisi\u00f3n, esa que nunca es igual y se vive de una manera muy especial. Ese cosquilleo que se siente justo antes de entrar al aire es indescriptible, el 5,4,3,2\u2026. Aunque pasen los a\u00f1os se sigue sintiendo igual.<span class=\"Apple-converted-space\">\u00a0<\/span><\/p>\n<p>Son muchos los que han sido parte de mi carrera y muchos los grandes maestros que me han formado; nombrarlos ser\u00eda injusto para otros, pero no puedo dejar de mencionar a <b>Don Luis Alberto Rivas Aguilar<\/b>, <b>Don Andr\u00e9s Garc\u00eda Gamboa<\/b>, <b>Luis Alberto Rivas Polanco<\/b>, <b>Alejandro Garc\u00eda Gamboa<\/b>; tampoco puedo dejar de mencionar a la culpable de mucho y quien ha sido compa\u00f1era de mil batallas: a <b>Elena Arcila Sol\u00eds<\/b> y a todos, todos los que han estado en este viaje, gracias, gracias gracias.<span class=\"Apple-converted-space\">\u00a0<\/span><\/p>\n<p>Que el camino sea divertido. Hasta la pr\u00f3xima.<span class=\"Apple-converted-space\">\u00a0 <\/span>#EMDI #PRC #MDR #KRM.<span class=\"Apple-converted-space\">\u00a0<\/span><\/p>\n<p><a href=\"https:\/\/l21.mx\/wp-content\/uploads\/2025\/03\/Rosel-medalla.webp\"><img fetchpriority=\"high\" decoding=\"async\" class=\"alignleft size-full wp-image-84468\" src=\"https:\/\/l21.mx\/wp-content\/uploads\/2025\/03\/Rosel-medalla.webp\" alt=\"\" width=\"1200\" height=\"1600\" srcset=\"https:\/\/l21.mx\/wp-content\/uploads\/2025\/03\/Rosel-medalla.webp 1200w, https:\/\/l21.mx\/wp-content\/uploads\/2025\/03\/Rosel-medalla-225x300.jpeg 225w, https:\/\/l21.mx\/wp-content\/uploads\/2025\/03\/Rosel-medalla-768x1024.jpeg 768w, https:\/\/l21.mx\/wp-content\/uploads\/2025\/03\/Rosel-medalla-1152x1536.jpeg 1152w, https:\/\/l21.mx\/wp-content\/uploads\/2025\/03\/Rosel-medalla-1170x1560.jpeg 1170w, https:\/\/l21.mx\/wp-content\/uploads\/2025\/03\/Rosel-medalla-585x780.jpeg 585w\" sizes=\"(max-width: 1200px) 100vw, 1200px\" \/><\/a><\/p>\n","protected":false},"excerpt":{"rendered":"<p>Desde el camerino Alejandro Rosel Comunicador y conductor Twitter: @AlejandroRosel7 &nbsp; Para: EMDI, MDR, KRM, PRC,&hellip;<\/p>\n","protected":false},"author":95,"featured_media":73764,"comment_status":"closed","ping_status":"closed","sticky":false,"template":"","format":"standard","meta":{"_acf_changed":false,"_lmt_disableupdate":"no","_lmt_disable":"","_mbp_gutenberg_autopost":false,"footnotes":""},"categories":[1008],"tags":[],"class_list":["post-84467","post","type-post","status-publish","format-standard","has-post-thumbnail","hentry","category-alejandro-rosel"],"acf":[],"_links":{"self":[{"href":"https:\/\/l21.mx\/index.php?rest_route=\/wp\/v2\/posts\/84467","targetHints":{"allow":["GET"]}}],"collection":[{"href":"https:\/\/l21.mx\/index.php?rest_route=\/wp\/v2\/posts"}],"about":[{"href":"https:\/\/l21.mx\/index.php?rest_route=\/wp\/v2\/types\/post"}],"author":[{"embeddable":true,"href":"https:\/\/l21.mx\/index.php?rest_route=\/wp\/v2\/users\/95"}],"replies":[{"embeddable":true,"href":"https:\/\/l21.mx\/index.php?rest_route=%2Fwp%2Fv2%2Fcomments&post=84467"}],"version-history":[{"count":0,"href":"https:\/\/l21.mx\/index.php?rest_route=\/wp\/v2\/posts\/84467\/revisions"}],"wp:featuredmedia":[{"embeddable":true,"href":"https:\/\/l21.mx\/index.php?rest_route=\/wp\/v2\/media\/73764"}],"wp:attachment":[{"href":"https:\/\/l21.mx\/index.php?rest_route=%2Fwp%2Fv2%2Fmedia&parent=84467"}],"wp:term":[{"taxonomy":"category","embeddable":true,"href":"https:\/\/l21.mx\/index.php?rest_route=%2Fwp%2Fv2%2Fcategories&post=84467"},{"taxonomy":"post_tag","embeddable":true,"href":"https:\/\/l21.mx\/index.php?rest_route=%2Fwp%2Fv2%2Ftags&post=84467"}],"curies":[{"name":"wp","href":"https:\/\/api.w.org\/{rel}","templated":true}]}}