{"id":84472,"date":"2025-03-01T12:04:32","date_gmt":"2025-03-01T17:04:32","guid":{"rendered":"https:\/\/l21.mx\/?p=84472"},"modified":"2025-03-01T12:04:32","modified_gmt":"2025-03-01T17:04:32","slug":"nada-es-para-siempre","status":"publish","type":"post","link":"https:\/\/l21.mx\/?p=84472","title":{"rendered":"Nada es para siempre"},"content":{"rendered":"<ul>\n<li><b>En l\u00ednea directa<\/b><\/li>\n<li><b>Arturo Medina Galindo<\/b><\/li>\n<li>Periodista, Director NITU.mx \u2022 arturo@nitu.mx<\/li>\n<li>Twitter @Arturo_Medina_G<\/li>\n<\/ul>\n<p>&nbsp;<\/p>\n<p>&nbsp;<\/p>\n<p><b>F<\/b>ueron 29 a\u00f1os 5 meses que nunca se van a olvidar; el viernes 21 de febrero se quedar\u00e1 en mi memoria como la \u00faltima vez que conduje \u201cNotif\u00f3rmula\u201d. Duele por lo inexplicable de la decisi\u00f3n de la empresa, y no es que sea indispensable, pero creo que el trabajo habla y el nivel de la audiencia tambi\u00e9n. No lo entiendo.<\/p>\n<p>Y, sin embargo, no hay rencores; al contrario, mucho que agradecer, primero a <b>Don V\u00edctor Vera<\/b> que me acept\u00f3 mi propuesta de trabajo y me tuvo confianza a pesar de que mi experiencia previa de 10 a\u00f1os en radio y televisi\u00f3n era en deportes.<\/p>\n<p>Empezamos de cero construyendo junto con todo el equipo un noticiero robusto, con personalidad, con grandes colaboradores, con opiniones diversas, y claro, con noticias y entrevistas, escuchando a todos y todas.<span class=\"Apple-converted-space\">\u00a0<\/span><\/p>\n<p>Me dan las gracias; bueno no, me despiden, cuando creo que tenemos el mejor producto de los casi 30 a\u00f1os al aire. Este noticiero que me ayud\u00f3 a ganar un premio nacional de locuci\u00f3n por noticiero en radio, este noticiero en el que platicamos con 6 gobernadores y todos lo aspirantes, empezando con <b>Mario Villanueva<\/b> y terminando con<b> Mara Lezama<\/b>, este noticiero que sum\u00f3 escuchas desde aquel lejano 1995 hasta el pasado d\u00eda 21.<span class=\"Apple-converted-space\">\u00a0<\/span><\/p>\n<p>La radio es compa\u00f1\u00eda, es conversaci\u00f3n sin rostros, es cercan\u00eda sin distancias. Durante casi tres d\u00e9cadas, mi voz encontr\u00f3 un hogar en el aire y en ustedes. Hoy cierro este ciclo, pero no sin antes agradecer: a Radio F\u00f3rmula por darme alas, a la audiencia por darme sentido. Me llevo los recuerdos, los momentos compartidos y la certeza de que las palabras, cuando se dicen con el alma, nunca se pierden.<\/p>\n<p>Dice el dicho \u201ccuando una puerta se cierra muchas m\u00e1s se abren\u201d, y de verdad, luego del ciclo terminado y de ver cerrarse esa puerta, muchas se han abierto. Gracias a todos los que se han solidarizado conmigo de una u otra forma y gracias a quien apreci\u00f3 lo hecho en estos a\u00f1os y me ha abierto las puertas. Gracias a <b>Rafael<\/b> y <b>Juan Pablo Aguirre <\/b>que me han invitado para dar la cara de las noticias en sus estaciones Hits Fm 96.5 y La Z en Chetumal; ah\u00ed podr\u00e9 seguir haciendo uso de las ondas hertzianas de 7 a 8 de la ma\u00f1ana, para llegar a los o\u00eddos de quienes quieren enterarse de lo que pasa en Canc\u00fan y Quintana Roo.<\/p>\n<p>&nbsp;<\/p>\n<p>Migraci\u00f3n, siempre migraci\u00f3n.<\/p>\n<p>Una vez m\u00e1s las redes se inundaron de im\u00e1genes del sal\u00f3n de llegada del aeropuerto de Canc\u00fan rebosante de personas que esperaban pasar Migraci\u00f3n. Contrario a muchos hechos absurdos que hemos relatado aqu\u00ed, en la radio y la televisi\u00f3n, esta vez no fue culpa de los agentes o por falta de espacios; esta vez fall\u00f3 el sistema. Eso no quita la responsabilidad a una administraci\u00f3n de <b>Francisco Gardu\u00f1o<\/b>, que como en la mayor\u00eda de las dependencias federales, se olvidaron de hacer mantenimiento y renovaci\u00f3n de equipos. Nos estamos quedando viejos.<\/p>\n<p>Hoy Sergio Salom\u00f3n tiene un gran reto en su llegada al Instituto, un INM sumamente criticado, desprestigiado y demandado por la actuaci\u00f3n que ha tenido en el manejo de la migraci\u00f3n en tr\u00e1nsito hacia el pa\u00eds del norte y por el maltrato a los turistas provenientes principalmente de Sudam\u00e9rica.<\/p>\n<p>Esperemos que las cosas empiecen a cambiar, que lleguemos a ver el momento en que un inadmitido no sea tratado como delincuente y que las razones de estas sean claras y contundentes. El da\u00f1o que le hace al turismo es brutal y no les importa.<\/p>\n","protected":false},"excerpt":{"rendered":"<p>En l\u00ednea directa Arturo Medina Galindo Periodista, Director NITU.mx \u2022 arturo@nitu.mx Twitter @Arturo_Medina_G &nbsp; &nbsp; Fueron&hellip;<\/p>\n","protected":false},"author":95,"featured_media":49547,"comment_status":"closed","ping_status":"closed","sticky":false,"template":"","format":"standard","meta":{"_acf_changed":false,"_lmt_disableupdate":"","_lmt_disable":"","_mbp_gutenberg_autopost":false,"footnotes":""},"categories":[28],"tags":[],"class_list":["post-84472","post","type-post","status-publish","format-standard","has-post-thumbnail","hentry","category-arturo-medina"],"acf":[],"_links":{"self":[{"href":"https:\/\/l21.mx\/index.php?rest_route=\/wp\/v2\/posts\/84472","targetHints":{"allow":["GET"]}}],"collection":[{"href":"https:\/\/l21.mx\/index.php?rest_route=\/wp\/v2\/posts"}],"about":[{"href":"https:\/\/l21.mx\/index.php?rest_route=\/wp\/v2\/types\/post"}],"author":[{"embeddable":true,"href":"https:\/\/l21.mx\/index.php?rest_route=\/wp\/v2\/users\/95"}],"replies":[{"embeddable":true,"href":"https:\/\/l21.mx\/index.php?rest_route=%2Fwp%2Fv2%2Fcomments&post=84472"}],"version-history":[{"count":0,"href":"https:\/\/l21.mx\/index.php?rest_route=\/wp\/v2\/posts\/84472\/revisions"}],"wp:featuredmedia":[{"embeddable":true,"href":"https:\/\/l21.mx\/index.php?rest_route=\/wp\/v2\/media\/49547"}],"wp:attachment":[{"href":"https:\/\/l21.mx\/index.php?rest_route=%2Fwp%2Fv2%2Fmedia&parent=84472"}],"wp:term":[{"taxonomy":"category","embeddable":true,"href":"https:\/\/l21.mx\/index.php?rest_route=%2Fwp%2Fv2%2Fcategories&post=84472"},{"taxonomy":"post_tag","embeddable":true,"href":"https:\/\/l21.mx\/index.php?rest_route=%2Fwp%2Fv2%2Ftags&post=84472"}],"curies":[{"name":"wp","href":"https:\/\/api.w.org\/{rel}","templated":true}]}}