{"id":84558,"date":"2025-03-01T12:34:01","date_gmt":"2025-03-01T17:34:01","guid":{"rendered":"https:\/\/l21.mx\/?p=84558"},"modified":"2025-03-01T12:34:01","modified_gmt":"2025-03-01T17:34:01","slug":"marzo-8-al-9-festival-gastronomico-del-caribe-mexicano","status":"publish","type":"post","link":"https:\/\/l21.mx\/?p=84558","title":{"rendered":"Marzo 8 al 9 \u2022 Festival\u00a0Gastron\u00f3mico del Caribe Mexicano"},"content":{"rendered":"<p>&nbsp;<\/p>\n<p><b>Bacalar se convierte en el epicentro del sabor con la cuarta edici\u00f3n del Festival Gastron\u00f3mico del Caribe Mexicano. Este evento re\u00fane a los 12 destinos del estado para exhibir su riqueza culinaria a trav\u00e9s de cinco pabellones que incluyen productos locales, platillos tradicionales y bebidas t\u00edpicas. Adem\u00e1s de degustaciones, contar\u00e1 con la presencia de productores, chefs y expertos en gastronom\u00eda regional. Con un enfoque en la identidad culinaria, el festival es una plataforma clave para posicionar la cocina quintanarroense m\u00e1s all\u00e1 del turismo de sol y playa.<\/b><\/p>\n","protected":false},"excerpt":{"rendered":"<p>&nbsp; Bacalar se convierte en el epicentro del sabor con la cuarta edici\u00f3n del Festival Gastron\u00f3mico&hellip;<\/p>\n","protected":false},"author":95,"featured_media":84545,"comment_status":"closed","ping_status":"closed","sticky":false,"template":"","format":"standard","meta":{"_acf_changed":false,"_lmt_disableupdate":"","_lmt_disable":"","_mbp_gutenberg_autopost":false,"footnotes":""},"categories":[476],"tags":[],"class_list":["post-84558","post","type-post","status-publish","format-standard","has-post-thumbnail","hentry","category-agenda"],"acf":[],"_links":{"self":[{"href":"https:\/\/l21.mx\/index.php?rest_route=\/wp\/v2\/posts\/84558","targetHints":{"allow":["GET"]}}],"collection":[{"href":"https:\/\/l21.mx\/index.php?rest_route=\/wp\/v2\/posts"}],"about":[{"href":"https:\/\/l21.mx\/index.php?rest_route=\/wp\/v2\/types\/post"}],"author":[{"embeddable":true,"href":"https:\/\/l21.mx\/index.php?rest_route=\/wp\/v2\/users\/95"}],"replies":[{"embeddable":true,"href":"https:\/\/l21.mx\/index.php?rest_route=%2Fwp%2Fv2%2Fcomments&post=84558"}],"version-history":[{"count":0,"href":"https:\/\/l21.mx\/index.php?rest_route=\/wp\/v2\/posts\/84558\/revisions"}],"wp:featuredmedia":[{"embeddable":true,"href":"https:\/\/l21.mx\/index.php?rest_route=\/wp\/v2\/media\/84545"}],"wp:attachment":[{"href":"https:\/\/l21.mx\/index.php?rest_route=%2Fwp%2Fv2%2Fmedia&parent=84558"}],"wp:term":[{"taxonomy":"category","embeddable":true,"href":"https:\/\/l21.mx\/index.php?rest_route=%2Fwp%2Fv2%2Fcategories&post=84558"},{"taxonomy":"post_tag","embeddable":true,"href":"https:\/\/l21.mx\/index.php?rest_route=%2Fwp%2Fv2%2Ftags&post=84558"}],"curies":[{"name":"wp","href":"https:\/\/api.w.org\/{rel}","templated":true}]}}