{"id":856,"date":"2012-12-05T00:53:41","date_gmt":"2012-12-05T00:53:41","guid":{"rendered":"http:\/\/innovatori.space\/lat21\/?p=856"},"modified":"2012-12-07T12:22:35","modified_gmt":"2012-12-07T18:22:35","slug":"liverpool-playa-del-carmen-%e2%86%91%e2%86%91","status":"publish","type":"post","link":"https:\/\/l21.mx\/?p=856","title":{"rendered":"Liverpool Playa del Carmen \u2191\u2191"},"content":{"rendered":"<p><a href=\"http:\/\/l21.mx\/wp-content\/uploads\/2012\/12\/Liverpool-Playa-del-Carmen-latitud21-dic.jpg\" data-rel=\"penci-gallery-image-content\" ><img fetchpriority=\"high\" decoding=\"async\" class=\"alignleft size-large wp-image-859\" title=\"Liverpool Playa del Carmen latitud21 dic\" src=\"http:\/\/l21.mx\/wp-content\/uploads\/2012\/12\/Liverpool-Playa-del-Carmen-latitud21-dic-1024x768.jpg\" alt=\"Liverpool Playa del Carmen latitud21\" width=\"1024\" height=\"768\" srcset=\"https:\/\/l21.mx\/wp-content\/uploads\/2012\/12\/Liverpool-Playa-del-Carmen-latitud21-dic-1024x768.jpg 1024w, https:\/\/l21.mx\/wp-content\/uploads\/2012\/12\/Liverpool-Playa-del-Carmen-latitud21-dic-300x225.jpg 300w, https:\/\/l21.mx\/wp-content\/uploads\/2012\/12\/Liverpool-Playa-del-Carmen-latitud21-dic-113x85.jpg 113w, https:\/\/l21.mx\/wp-content\/uploads\/2012\/12\/Liverpool-Playa-del-Carmen-latitud21-dic-600x450.jpg 600w, https:\/\/l21.mx\/wp-content\/uploads\/2012\/12\/Liverpool-Playa-del-Carmen-latitud21-dic-167x125.jpg 167w, https:\/\/l21.mx\/wp-content\/uploads\/2012\/12\/Liverpool-Playa-del-Carmen-latitud21-dic-80x60.jpg 80w\" sizes=\"(max-width: 1024px) 100vw, 1024px\" \/><\/a>Con una inversi\u00f3n de 222 millones de pesos,<strong> Grupo Liverpool<\/strong> inaugur\u00f3 su sucursal n\u00famero 89, con lo que la empresa suma tres tiendas departamentales en <strong>Quintana Roo.<\/strong> Liverpool\u00a0 prev\u00e9 cerrar el a\u00f1o con 93 tiendas en toda la<strong> Rep\u00fablica Mexicana<\/strong> y tiene proyectado la construcci\u00f3n de seis m\u00e1s en el 2013. Cuenta con los departamentos de: ropa, accesorios, perfumer\u00eda, cosm\u00e9ticos, muebles, computaci\u00f3n, telefon\u00eda celular, audio y video, art\u00edculos decorativos, entre otros. Superficie: nueve mil 176 metros cuadrados. Estacionamiento para 396 veh\u00edculos. Empleos directos 300, indirectos: 350.\u00a0 Kil\u00f3metro 288, manzana 356, lote 1, \u00a0 carretera federal Chetumal-Puerto Ju\u00e1rez, Colonia Ejidal, Playa del Carmen.<\/p>\n<div>[editor]sube-y-baja[\/editor]<\/div>\n","protected":false},"excerpt":{"rendered":"<p>Con una inversi\u00f3n de 222 millones de pesos, Grupo Liverpool inaugur\u00f3 su sucursal n\u00famero 89, con&hellip;<\/p>\n","protected":false},"author":2,"featured_media":859,"comment_status":"open","ping_status":"open","sticky":false,"template":"","format":"standard","meta":{"_acf_changed":false,"_lmt_disableupdate":"","_lmt_disable":"","_mbp_gutenberg_autopost":false,"footnotes":""},"categories":[10],"tags":[],"class_list":["post-856","post","type-post","status-publish","format-standard","has-post-thumbnail","hentry","category-sube-y-baja"],"acf":[],"_links":{"self":[{"href":"https:\/\/l21.mx\/index.php?rest_route=\/wp\/v2\/posts\/856","targetHints":{"allow":["GET"]}}],"collection":[{"href":"https:\/\/l21.mx\/index.php?rest_route=\/wp\/v2\/posts"}],"about":[{"href":"https:\/\/l21.mx\/index.php?rest_route=\/wp\/v2\/types\/post"}],"author":[{"embeddable":true,"href":"https:\/\/l21.mx\/index.php?rest_route=\/wp\/v2\/users\/2"}],"replies":[{"embeddable":true,"href":"https:\/\/l21.mx\/index.php?rest_route=%2Fwp%2Fv2%2Fcomments&post=856"}],"version-history":[{"count":0,"href":"https:\/\/l21.mx\/index.php?rest_route=\/wp\/v2\/posts\/856\/revisions"}],"wp:featuredmedia":[{"embeddable":true,"href":"https:\/\/l21.mx\/index.php?rest_route=\/wp\/v2\/media\/859"}],"wp:attachment":[{"href":"https:\/\/l21.mx\/index.php?rest_route=%2Fwp%2Fv2%2Fmedia&parent=856"}],"wp:term":[{"taxonomy":"category","embeddable":true,"href":"https:\/\/l21.mx\/index.php?rest_route=%2Fwp%2Fv2%2Fcategories&post=856"},{"taxonomy":"post_tag","embeddable":true,"href":"https:\/\/l21.mx\/index.php?rest_route=%2Fwp%2Fv2%2Ftags&post=856"}],"curies":[{"name":"wp","href":"https:\/\/api.w.org\/{rel}","templated":true}]}}