{"id":85749,"date":"2025-04-17T11:33:29","date_gmt":"2025-04-17T16:33:29","guid":{"rendered":"https:\/\/l21.mx\/?p=85749"},"modified":"2025-04-17T11:33:29","modified_gmt":"2025-04-17T16:33:29","slug":"estefania-mercado-con-despliegue-historico-refuerza-la-seguridad-en-playa-del-carmen-para-una-semana-santa-segura-y-tranquila","status":"publish","type":"post","link":"https:\/\/l21.mx\/?p=85749","title":{"rendered":"Estefan\u00eda Mercado, con despliegue hist\u00f3rico, refuerza la seguridad en Playa del Carmen para una Semana Santa segura y tranquila"},"content":{"rendered":"<div><\/div>\n<div><\/div>\n<div>\u2022M\u00e1s de 190 elementos desplegados, unidades especializadas y centros de atenci\u00f3n inmediata resguardar\u00e1n a turistas y residentes<\/div>\n<div>\u2022Playa del Carmen vive la Semana Santa con paz, presencia institucional y coordinaci\u00f3n entre autoridades<\/div>\n<div><a href=\"https:\/\/l21.mx\/wp-content\/uploads\/2025\/04\/playa-del-carmen-guardavidas-2.jpeg\" data-rel=\"penci-gallery-image-content\" ><img fetchpriority=\"high\" decoding=\"async\" class=\"alignnone size-medium wp-image-85751\" src=\"https:\/\/l21.mx\/wp-content\/uploads\/2025\/04\/playa-del-carmen-guardavidas-2-300x226.jpeg\" alt=\"\" width=\"300\" height=\"226\" srcset=\"https:\/\/l21.mx\/wp-content\/uploads\/2025\/04\/playa-del-carmen-guardavidas-2-300x226.jpeg 300w, https:\/\/l21.mx\/wp-content\/uploads\/2025\/04\/playa-del-carmen-guardavidas-2-1024x770.jpeg 1024w, https:\/\/l21.mx\/wp-content\/uploads\/2025\/04\/playa-del-carmen-guardavidas-2-768x578.jpeg 768w, https:\/\/l21.mx\/wp-content\/uploads\/2025\/04\/playa-del-carmen-guardavidas-2-1170x880.jpeg 1170w, https:\/\/l21.mx\/wp-content\/uploads\/2025\/04\/playa-del-carmen-guardavidas-2-585x440.jpeg 585w, https:\/\/l21.mx\/wp-content\/uploads\/2025\/04\/playa-del-carmen-guardavidas-2.jpeg 1280w\" sizes=\"(max-width: 300px) 100vw, 300px\" \/><\/a><\/div>\n<div><\/div>\n<div>Playa del Carmen, Quintana Roo, 17 de abril de 2025.\u2014 Gracias a la pol\u00edtica de seguridad impulsada por la presidenta municipal Estefan\u00eda Mercado, Playa del Carmen est\u00e1 lista para recibir a miles de visitantes durante esta Semana Santa, con un operativo integral y coordinado que tiene como prioridad garantizar la tranquilidad de las familias y el disfrute seguro de nuestras playas.<\/div>\n<div><\/div>\n<div>\u201cEstamos cuidando cada rinc\u00f3n de Playa del Carmen con compromiso, tecnolog\u00eda y presencia policial, porque la seguridad no es un privilegio: es un derecho del pueblo\u201d, ha se\u00f1alado la Alcaldesa, quien desde el inicio de su administraci\u00f3n ha apostado por una pol\u00edtica de construcci\u00f3n de paz con justicia, cercan\u00eda ciudadana y trabajo permanente.<\/div>\n<div><\/div>\n<div>El operativo incluye el despliegue de unidades especializadas por parte de la Polic\u00eda Municipal, entre las que destacan:<\/div>\n<div>\u202210 unidades Ford Explorer Interceptor Police<\/div>\n<div>\u20223 veh\u00edculos RAM 2500<\/div>\n<div>\u20224 veh\u00edculos CAN-AM todo terreno<\/div>\n<div>\u20225 motocicletas KTM<\/div>\n<div><a href=\"https:\/\/l21.mx\/wp-content\/uploads\/2025\/04\/playa-del-carmen-guardavidas-3.jpeg\" data-rel=\"penci-gallery-image-content\" ><img decoding=\"async\" class=\"alignnone size-medium wp-image-85752\" src=\"https:\/\/l21.mx\/wp-content\/uploads\/2025\/04\/playa-del-carmen-guardavidas-3-300x225.jpeg\" alt=\"\" width=\"300\" height=\"225\" srcset=\"https:\/\/l21.mx\/wp-content\/uploads\/2025\/04\/playa-del-carmen-guardavidas-3-300x225.jpeg 300w, https:\/\/l21.mx\/wp-content\/uploads\/2025\/04\/playa-del-carmen-guardavidas-3-1024x768.jpeg 1024w, https:\/\/l21.mx\/wp-content\/uploads\/2025\/04\/playa-del-carmen-guardavidas-3-768x576.jpeg 768w, https:\/\/l21.mx\/wp-content\/uploads\/2025\/04\/playa-del-carmen-guardavidas-3-1170x878.jpeg 1170w, https:\/\/l21.mx\/wp-content\/uploads\/2025\/04\/playa-del-carmen-guardavidas-3-585x439.jpeg 585w, https:\/\/l21.mx\/wp-content\/uploads\/2025\/04\/playa-del-carmen-guardavidas-3.jpeg 1280w\" sizes=\"(max-width: 300px) 100vw, 300px\" \/><\/a><\/div>\n<div><\/div>\n<div>Adem\u00e1s, se han instalado 8 Centros de Atenci\u00f3n Inmediata (CAI) en puntos estrat\u00e9gicos de la zona de playas y Quinta Avenida, con el objetivo de brindar respuesta r\u00e1pida y asistencia directa a la ciudadan\u00eda y turistas.<\/div>\n<div><\/div>\n<div>El operativo est\u00e1 reforzado por 65 elementos de la Polic\u00eda Tur\u00edstica, quienes trabajan en coordinaci\u00f3n con la Direcci\u00f3n de Tr\u00e1nsito, el Grupo K9 y el Grupo Antiextorsi\u00f3n, para garantizar un ambiente seguro y libre de violencia en las principales zonas tur\u00edsticas.<\/div>\n<div><\/div>\n<div>A estos esfuerzos se suma la presencia activa de Protecci\u00f3n Civil y Bomberos, con la siguiente fuerza operativa:<\/div>\n<div>\u2022 17 guardavidas distribuidos en distintos puntos de la costa<\/div>\n<div>\u2022 30 elementos operativos, 15 param\u00e9dicos y 60 bomberos<\/div>\n<div>\u2022 7 veh\u00edculos Pick Up, 2 ambulancias, 4 veh\u00edculos cisterna,<\/div>\n<div>\u2022 2 unidades de extinci\u00f3n de incendios y 1 unidad de ataque r\u00e1pido<\/div>\n<div><\/div>\n<div>Con estas acciones, el Gobierno Municipal refuerza su compromiso de que Playa del Carmen sea un destino seguro, hospitalario y familiar, donde se viva una Semana Santa en paz, en armon\u00eda y con alegr\u00eda.<\/div>\n<div><\/div>\n<div>\u201cInvitamos a todas y todos a disfrutar de estas fechas con responsabilidad, prudencia y respeto, porque esta ciudad es de todas y de todos. Estamos trabajando para que su experiencia en Playa del Carmen sea inolvidable y segura\u201d, concluy\u00f3 Estefan\u00eda Mercado.<\/div>\n<div>ooo000ooo<\/div>\n","protected":false},"excerpt":{"rendered":"<p>\u2022M\u00e1s de 190 elementos desplegados, unidades especializadas y centros de atenci\u00f3n inmediata resguardar\u00e1n a turistas y&hellip;<\/p>\n","protected":false},"author":100,"featured_media":85750,"comment_status":"closed","ping_status":"closed","sticky":false,"template":"","format":"standard","meta":{"_acf_changed":false,"_lmt_disableupdate":"","_lmt_disable":"","_mbp_gutenberg_autopost":false,"footnotes":""},"categories":[1654],"tags":[],"class_list":["post-85749","post","type-post","status-publish","format-standard","has-post-thumbnail","hentry","category-solidaridad"],"acf":[],"_links":{"self":[{"href":"https:\/\/l21.mx\/index.php?rest_route=\/wp\/v2\/posts\/85749","targetHints":{"allow":["GET"]}}],"collection":[{"href":"https:\/\/l21.mx\/index.php?rest_route=\/wp\/v2\/posts"}],"about":[{"href":"https:\/\/l21.mx\/index.php?rest_route=\/wp\/v2\/types\/post"}],"author":[{"embeddable":true,"href":"https:\/\/l21.mx\/index.php?rest_route=\/wp\/v2\/users\/100"}],"replies":[{"embeddable":true,"href":"https:\/\/l21.mx\/index.php?rest_route=%2Fwp%2Fv2%2Fcomments&post=85749"}],"version-history":[{"count":0,"href":"https:\/\/l21.mx\/index.php?rest_route=\/wp\/v2\/posts\/85749\/revisions"}],"wp:featuredmedia":[{"embeddable":true,"href":"https:\/\/l21.mx\/index.php?rest_route=\/wp\/v2\/media\/85750"}],"wp:attachment":[{"href":"https:\/\/l21.mx\/index.php?rest_route=%2Fwp%2Fv2%2Fmedia&parent=85749"}],"wp:term":[{"taxonomy":"category","embeddable":true,"href":"https:\/\/l21.mx\/index.php?rest_route=%2Fwp%2Fv2%2Fcategories&post=85749"},{"taxonomy":"post_tag","embeddable":true,"href":"https:\/\/l21.mx\/index.php?rest_route=%2Fwp%2Fv2%2Ftags&post=85749"}],"curies":[{"name":"wp","href":"https:\/\/api.w.org\/{rel}","templated":true}]}}