{"id":85946,"date":"2025-04-29T08:48:56","date_gmt":"2025-04-29T13:48:56","guid":{"rendered":"https:\/\/l21.mx\/?p=85946"},"modified":"2025-04-29T08:48:56","modified_gmt":"2025-04-29T13:48:56","slug":"inaugura-mara-lezama-pabellon-del-caribe-mexicano-en-el-tianguis-turistico-de-mexico-2025","status":"publish","type":"post","link":"https:\/\/l21.mx\/?p=85946","title":{"rendered":"Inaugura Mara Lezama Pabell\u00f3n del Caribe Mexicano en el Tianguis Tur\u00edstico de M\u00e9xico 2025"},"content":{"rendered":"<div class=\"header-standard header-classic single-header\"><\/div>\n<div class=\"post-entry blockquote-style-2\">\n<div id=\"penci-post-entry-inner\" class=\"inner-post-entry entry-content\">\n<div class=\"header-standard header-classic single-header\">\n<h1 class=\"post-title single-post-title entry-title\"><\/h1>\n<div class=\"post-box-meta-single\"><\/div>\n<\/div>\n<div class=\"post-entry blockquote-style-2\">\n<div id=\"penci-post-entry-inner\" class=\"inner-post-entry entry-content\">\n<p>-Destaca la presencia de los 12 destinos quintanarroenses en la zona del Mundo Maya, de 432 metros cuadrados<\/p>\n<p><a href=\"https:\/\/l21.mx\/wp-content\/uploads\/2025\/04\/Tianguis-1-scaled.jpg\" data-rel=\"penci-gallery-image-content\" ><img fetchpriority=\"high\" decoding=\"async\" class=\"alignnone size-medium wp-image-85949\" src=\"https:\/\/l21.mx\/wp-content\/uploads\/2025\/04\/Tianguis-1-300x200.jpg\" alt=\"\" width=\"300\" height=\"200\" srcset=\"https:\/\/l21.mx\/wp-content\/uploads\/2025\/04\/Tianguis-1-300x200.jpg 300w, https:\/\/l21.mx\/wp-content\/uploads\/2025\/04\/Tianguis-1-1024x683.jpg 1024w, https:\/\/l21.mx\/wp-content\/uploads\/2025\/04\/Tianguis-1-768x512.jpg 768w, https:\/\/l21.mx\/wp-content\/uploads\/2025\/04\/Tianguis-1-1536x1024.jpg 1536w, https:\/\/l21.mx\/wp-content\/uploads\/2025\/04\/Tianguis-1-2048x1366.jpg 2048w, https:\/\/l21.mx\/wp-content\/uploads\/2025\/04\/Tianguis-1-1920x1280.jpg 1920w, https:\/\/l21.mx\/wp-content\/uploads\/2025\/04\/Tianguis-1-1170x780.jpg 1170w, https:\/\/l21.mx\/wp-content\/uploads\/2025\/04\/Tianguis-1-585x390.jpg 585w, https:\/\/l21.mx\/wp-content\/uploads\/2025\/04\/Tianguis-1-263x175.jpg 263w\" sizes=\"(max-width: 300px) 100vw, 300px\" \/><\/a><\/p>\n<\/div>\n<\/div>\n<p>Rosarito, B.C.- La gobernadora Mara Lezama inaugur\u00f3 el pabell\u00f3n del Caribe Mexicano en el Tianguis Tur\u00edstico de M\u00e9xico 2025, ubicado en la zona del Mundo Maya con 432 metros cuadrados, y la presencia de los 12 destinos de Quintana Roo.<\/p>\n<p>Acompa\u00f1ada de la Secretaria de Turismo, Josefina Rodr\u00edguez Zamora; de presidentas y presidentes municipales, del titular de Sedetur, Bernardo Cueto Riestra, as\u00ed como integrantes de la delegaci\u00f3n quintanarroense, la Gobernadora cort\u00f3 el list\u00f3n inaugural.<\/p>\n<p>&nbsp;<\/p>\n<p>Los atractivos quintanarroenses destacaron en este pabell\u00f3n que atrajo el inter\u00e9s y la atenci\u00f3n de los tour operadores, compradores, agentes de viajes, que asisten a este magno evento de turismo de car\u00e1cter binacional.<\/p>\n<p>Mara Lezama recorri\u00f3 los estands de los 12 destinos, en donde platic\u00f3 con los visitantes y sostuvo reuniones con tour operadores, representantes de aerol\u00edneas y de grandes cadenas destinadas al turismo.<\/p>\n<p>Asimismo, la gobernadora de Quintana Roo cort\u00f3 el list\u00f3n del stand de Playa del Carmen.<\/p>\n<\/div>\n<\/div>\n","protected":false},"excerpt":{"rendered":"<p>-Destaca la presencia de los 12 destinos quintanarroenses en la zona del Mundo Maya, de 432&hellip;<\/p>\n","protected":false},"author":100,"featured_media":85948,"comment_status":"closed","ping_status":"closed","sticky":false,"template":"","format":"standard","meta":{"_acf_changed":false,"_lmt_disableupdate":"","_lmt_disable":"","_mbp_gutenberg_autopost":false,"footnotes":""},"categories":[23,1656],"tags":[],"class_list":["post-85946","post","type-post","status-publish","format-standard","has-post-thumbnail","hentry","category-noticias","category-quintana-roo"],"acf":[],"_links":{"self":[{"href":"https:\/\/l21.mx\/index.php?rest_route=\/wp\/v2\/posts\/85946","targetHints":{"allow":["GET"]}}],"collection":[{"href":"https:\/\/l21.mx\/index.php?rest_route=\/wp\/v2\/posts"}],"about":[{"href":"https:\/\/l21.mx\/index.php?rest_route=\/wp\/v2\/types\/post"}],"author":[{"embeddable":true,"href":"https:\/\/l21.mx\/index.php?rest_route=\/wp\/v2\/users\/100"}],"replies":[{"embeddable":true,"href":"https:\/\/l21.mx\/index.php?rest_route=%2Fwp%2Fv2%2Fcomments&post=85946"}],"version-history":[{"count":0,"href":"https:\/\/l21.mx\/index.php?rest_route=\/wp\/v2\/posts\/85946\/revisions"}],"wp:featuredmedia":[{"embeddable":true,"href":"https:\/\/l21.mx\/index.php?rest_route=\/wp\/v2\/media\/85948"}],"wp:attachment":[{"href":"https:\/\/l21.mx\/index.php?rest_route=%2Fwp%2Fv2%2Fmedia&parent=85946"}],"wp:term":[{"taxonomy":"category","embeddable":true,"href":"https:\/\/l21.mx\/index.php?rest_route=%2Fwp%2Fv2%2Fcategories&post=85946"},{"taxonomy":"post_tag","embeddable":true,"href":"https:\/\/l21.mx\/index.php?rest_route=%2Fwp%2Fv2%2Ftags&post=85946"}],"curies":[{"name":"wp","href":"https:\/\/api.w.org\/{rel}","templated":true}]}}