{"id":863,"date":"2012-12-05T00:59:55","date_gmt":"2012-12-05T00:59:55","guid":{"rendered":"http:\/\/innovatori.space\/lat21\/?p=863"},"modified":"2012-12-07T12:07:42","modified_gmt":"2012-12-07T18:07:42","slug":"baskin-robbins-%e2%86%91%e2%86%91","status":"publish","type":"post","link":"https:\/\/l21.mx\/?p=863","title":{"rendered":"Baskin Robbins  \u2191\u2191"},"content":{"rendered":"<p><a href=\"http:\/\/l21.mx\/wp-content\/uploads\/2012\/12\/BASKIN-ROBBINS-latitud21-dic.jpg\" data-rel=\"penci-gallery-image-content\" ><img fetchpriority=\"high\" decoding=\"async\" class=\"alignleft size-full wp-image-865\" title=\"BASKIN ROBBINS latitud21 dic\" src=\"http:\/\/l21.mx\/wp-content\/uploads\/2012\/12\/BASKIN-ROBBINS-latitud21-dic.jpg\" alt=\"BASKIN ROBBINS latitud21 dic\" width=\"800\" height=\"787\" srcset=\"https:\/\/l21.mx\/wp-content\/uploads\/2012\/12\/BASKIN-ROBBINS-latitud21-dic.jpg 800w, https:\/\/l21.mx\/wp-content\/uploads\/2012\/12\/BASKIN-ROBBINS-latitud21-dic-300x295.jpg 300w, https:\/\/l21.mx\/wp-content\/uploads\/2012\/12\/BASKIN-ROBBINS-latitud21-dic-86x85.jpg 86w, https:\/\/l21.mx\/wp-content\/uploads\/2012\/12\/BASKIN-ROBBINS-latitud21-dic-600x590.jpg 600w, https:\/\/l21.mx\/wp-content\/uploads\/2012\/12\/BASKIN-ROBBINS-latitud21-dic-167x164.jpg 167w, https:\/\/l21.mx\/wp-content\/uploads\/2012\/12\/BASKIN-ROBBINS-latitud21-dic-80x78.jpg 80w\" sizes=\"(max-width: 800px) 100vw, 800px\" \/><\/a>La <strong>franquicia<\/strong> norteamericana de <strong>helados<\/strong> apertura tres nuevas sucursales en el Caribe mexicano como parte de su proyecto de expansi\u00f3n, bajo la batuta del empresario Jorge Navarro. Luego de reintroducir la marca en Canc\u00fan a mediados de a\u00f1o, este diciembre inaugura sucursales en <strong>Plaza Kukulc\u00e1n<\/strong>, <strong>Plaza Canc\u00fan Mall<\/strong> y <strong>Playa del Carmen<\/strong>. Cada tienda tiene un promedio de 50 m2 y crea ocho empleos directos y cuatro indirectos. Kukulc\u00e1n Plaza, Blvd. Kukulc\u00e1n Km 13. Tel. 193- 01-61;\u00a0 Centro Comercial Canc\u00fan Mall, zona urbana entre Av. Circuito Vial y Av. Costa Maya, SM 228,\u00a0 Mza. 22, locales 21-22;\u00a0 Centro Maya, carretera federal, SM 1, Mza. 355, Reg.16, Playa del Carmen.<\/p>\n<div>\n<p>[editor]sube-y-baja[\/editor]<\/p>\n<div><\/div>\n<p>&nbsp;<\/p>\n<\/div>\n","protected":false},"excerpt":{"rendered":"<p>La franquicia norteamericana de helados apertura tres nuevas sucursales en el Caribe mexicano como parte de&hellip;<\/p>\n","protected":false},"author":2,"featured_media":865,"comment_status":"open","ping_status":"open","sticky":false,"template":"","format":"standard","meta":{"_acf_changed":false,"_lmt_disableupdate":"","_lmt_disable":"","_mbp_gutenberg_autopost":false,"footnotes":""},"categories":[10],"tags":[],"class_list":["post-863","post","type-post","status-publish","format-standard","has-post-thumbnail","hentry","category-sube-y-baja"],"acf":[],"_links":{"self":[{"href":"https:\/\/l21.mx\/index.php?rest_route=\/wp\/v2\/posts\/863","targetHints":{"allow":["GET"]}}],"collection":[{"href":"https:\/\/l21.mx\/index.php?rest_route=\/wp\/v2\/posts"}],"about":[{"href":"https:\/\/l21.mx\/index.php?rest_route=\/wp\/v2\/types\/post"}],"author":[{"embeddable":true,"href":"https:\/\/l21.mx\/index.php?rest_route=\/wp\/v2\/users\/2"}],"replies":[{"embeddable":true,"href":"https:\/\/l21.mx\/index.php?rest_route=%2Fwp%2Fv2%2Fcomments&post=863"}],"version-history":[{"count":0,"href":"https:\/\/l21.mx\/index.php?rest_route=\/wp\/v2\/posts\/863\/revisions"}],"wp:featuredmedia":[{"embeddable":true,"href":"https:\/\/l21.mx\/index.php?rest_route=\/wp\/v2\/media\/865"}],"wp:attachment":[{"href":"https:\/\/l21.mx\/index.php?rest_route=%2Fwp%2Fv2%2Fmedia&parent=863"}],"wp:term":[{"taxonomy":"category","embeddable":true,"href":"https:\/\/l21.mx\/index.php?rest_route=%2Fwp%2Fv2%2Fcategories&post=863"},{"taxonomy":"post_tag","embeddable":true,"href":"https:\/\/l21.mx\/index.php?rest_route=%2Fwp%2Fv2%2Ftags&post=863"}],"curies":[{"name":"wp","href":"https:\/\/api.w.org\/{rel}","templated":true}]}}