{"id":86331,"date":"2025-05-05T12:55:57","date_gmt":"2025-05-05T17:55:57","guid":{"rendered":"https:\/\/l21.mx\/?p=86331"},"modified":"2025-05-05T12:55:57","modified_gmt":"2025-05-05T17:55:57","slug":"estefania-mercado-le-cumple-a-las-y-los-policias-de-playa-del-carmen-anuncia-la-entrega-de-un-bono-economico","status":"publish","type":"post","link":"https:\/\/l21.mx\/?p=86331","title":{"rendered":"Estefan\u00eda Mercado le cumple a las y los polic\u00edas de Playa del Carmen; anuncia la entrega de un bono econ\u00f3mico"},"content":{"rendered":"<div><\/div>\n<div><\/div>\n<div>\u2022Se trata de una retribuci\u00f3n justa por su trabajo, valent\u00eda y vocaci\u00f3n de servicio, destaca la presidenta municipal<\/div>\n<div>\u2022M\u00e1s de 960 elementos recibir\u00e1n 21 mil pesos como reconocimiento al compromiso mostrado con Playa del Carmen y su gente<\/div>\n<div><a href=\"https:\/\/l21.mx\/wp-content\/uploads\/2025\/05\/estefania-3.jpeg\" data-rel=\"penci-gallery-image-content\" ><img fetchpriority=\"high\" decoding=\"async\" class=\"alignnone size-medium wp-image-86334\" src=\"https:\/\/l21.mx\/wp-content\/uploads\/2025\/05\/estefania-3-300x200.jpeg\" alt=\"\" width=\"300\" height=\"200\" srcset=\"https:\/\/l21.mx\/wp-content\/uploads\/2025\/05\/estefania-3-300x200.jpeg 300w, https:\/\/l21.mx\/wp-content\/uploads\/2025\/05\/estefania-3-1024x682.jpeg 1024w, https:\/\/l21.mx\/wp-content\/uploads\/2025\/05\/estefania-3-768x512.jpeg 768w, https:\/\/l21.mx\/wp-content\/uploads\/2025\/05\/estefania-3-1536x1023.jpeg 1536w, https:\/\/l21.mx\/wp-content\/uploads\/2025\/05\/estefania-3-1170x780.jpeg 1170w, https:\/\/l21.mx\/wp-content\/uploads\/2025\/05\/estefania-3-585x390.jpeg 585w, https:\/\/l21.mx\/wp-content\/uploads\/2025\/05\/estefania-3-263x175.jpeg 263w, https:\/\/l21.mx\/wp-content\/uploads\/2025\/05\/estefania-3.jpeg 1600w\" sizes=\"(max-width: 300px) 100vw, 300px\" \/><\/a><\/div>\n<div><\/div>\n<div>Playa del Carmen, Quintana Roo, 5 de mayo de 2025.- La presidenta municipal Estefan\u00eda Mercado cumpli\u00f3 su palabra con las y los polic\u00edas de la Secretar\u00eda de Seguridad Ciudadana de Playa del Carmen, al anunciar hoy la entrega de un bono econ\u00f3mico como reconocimiento a su compromiso con Playa del Carmen y su gente.<\/div>\n<div><\/div>\n<div>Se trata de una retribuci\u00f3n de 21 mil pesos a 969 elementos de la corporaci\u00f3n, por su trabajo, valent\u00eda y vocaci\u00f3n de servicio.<\/div>\n<div><\/div>\n<div>La Alcaldesa Mercado record\u00f3 que al rendir protesta dijo que este ser\u00eda un gobierno que ver\u00eda en los obst\u00e1culos oportunidades.<\/div>\n<div><a href=\"https:\/\/l21.mx\/wp-content\/uploads\/2025\/05\/estefania-2.jpeg\" data-rel=\"penci-gallery-image-content\" ><img decoding=\"async\" class=\"alignnone size-medium wp-image-86333\" src=\"https:\/\/l21.mx\/wp-content\/uploads\/2025\/05\/estefania-2-300x200.jpeg\" alt=\"\" width=\"300\" height=\"200\" srcset=\"https:\/\/l21.mx\/wp-content\/uploads\/2025\/05\/estefania-2-300x200.jpeg 300w, https:\/\/l21.mx\/wp-content\/uploads\/2025\/05\/estefania-2-1024x682.jpeg 1024w, https:\/\/l21.mx\/wp-content\/uploads\/2025\/05\/estefania-2-768x512.jpeg 768w, https:\/\/l21.mx\/wp-content\/uploads\/2025\/05\/estefania-2-1536x1023.jpeg 1536w, https:\/\/l21.mx\/wp-content\/uploads\/2025\/05\/estefania-2-1170x780.jpeg 1170w, https:\/\/l21.mx\/wp-content\/uploads\/2025\/05\/estefania-2-585x390.jpeg 585w, https:\/\/l21.mx\/wp-content\/uploads\/2025\/05\/estefania-2-263x175.jpeg 263w, https:\/\/l21.mx\/wp-content\/uploads\/2025\/05\/estefania-2.jpeg 1600w\" sizes=\"(max-width: 300px) 100vw, 300px\" \/><\/a><\/div>\n<div><\/div>\n<div>\u201cNos dijeron que era imposible tener a la polic\u00eda mejor equipada del pa\u00eds y en seis meses de gobierno ya la tenemos. Nos dijeron que era imposible hacer una inversi\u00f3n hist\u00f3rica en seguridad y hoy somos el municipio con la mayor inversi\u00f3n per c\u00e1pita en todo M\u00e9xico. Nos dijeron que no \u00edbamos a otorgar beneficios a nuestras y nuestros polic\u00edas y aqu\u00ed estamos cumpliendo nuestra palabra\u201d, resalt\u00f3.<\/div>\n<div><\/div>\n<div>Acompa\u00f1ada por el titular de la corporaci\u00f3n, Ra\u00fal Tassinari, y el tesorero municipal, Javier Regalado, indic\u00f3 que el bono es parte de una pol\u00edtica integral que busca dignificar a las y los servidores p\u00fablicos.<\/div>\n<div><\/div>\n<div>\u201cLa Cuarta Transformaci\u00f3n nos ense\u00f1a que la paz no se impone, se construye. Y se construye reconociendo las causas profundas de la violencia, pero tambi\u00e9n cuidando a quienes nos protegen a todas y todos\u201d, indic\u00f3 Estefan\u00eda Mercado.<\/div>\n<div><\/div>\n<div>Durante el evento, elementos de la corporaci\u00f3n presentaron el parte de novedades, adem\u00e1s de que se realizaron honores a la Bandera y se entonaron los himnos a Quintana Roo y Nacional Mexicano en las instalaciones de la Secretar\u00eda de Seguridad Ciudadana.<\/div>\n<div><\/div>\n<div>Este reconocimiento es solo una parte de un esfuerzo mayor: construir un municipio m\u00e1s seguro, m\u00e1s justo, m\u00e1s humano, con una polic\u00eda mejor equipada, capacitada y respetada.<\/div>\n","protected":false},"excerpt":{"rendered":"<p>\u2022Se trata de una retribuci\u00f3n justa por su trabajo, valent\u00eda y vocaci\u00f3n de servicio, destaca la&hellip;<\/p>\n","protected":false},"author":100,"featured_media":86332,"comment_status":"closed","ping_status":"closed","sticky":false,"template":"","format":"standard","meta":{"_acf_changed":false,"_lmt_disableupdate":"","_lmt_disable":"","_mbp_gutenberg_autopost":false,"footnotes":""},"categories":[1654],"tags":[],"class_list":["post-86331","post","type-post","status-publish","format-standard","has-post-thumbnail","hentry","category-solidaridad"],"acf":[],"_links":{"self":[{"href":"https:\/\/l21.mx\/index.php?rest_route=\/wp\/v2\/posts\/86331","targetHints":{"allow":["GET"]}}],"collection":[{"href":"https:\/\/l21.mx\/index.php?rest_route=\/wp\/v2\/posts"}],"about":[{"href":"https:\/\/l21.mx\/index.php?rest_route=\/wp\/v2\/types\/post"}],"author":[{"embeddable":true,"href":"https:\/\/l21.mx\/index.php?rest_route=\/wp\/v2\/users\/100"}],"replies":[{"embeddable":true,"href":"https:\/\/l21.mx\/index.php?rest_route=%2Fwp%2Fv2%2Fcomments&post=86331"}],"version-history":[{"count":0,"href":"https:\/\/l21.mx\/index.php?rest_route=\/wp\/v2\/posts\/86331\/revisions"}],"wp:featuredmedia":[{"embeddable":true,"href":"https:\/\/l21.mx\/index.php?rest_route=\/wp\/v2\/media\/86332"}],"wp:attachment":[{"href":"https:\/\/l21.mx\/index.php?rest_route=%2Fwp%2Fv2%2Fmedia&parent=86331"}],"wp:term":[{"taxonomy":"category","embeddable":true,"href":"https:\/\/l21.mx\/index.php?rest_route=%2Fwp%2Fv2%2Fcategories&post=86331"},{"taxonomy":"post_tag","embeddable":true,"href":"https:\/\/l21.mx\/index.php?rest_route=%2Fwp%2Fv2%2Ftags&post=86331"}],"curies":[{"name":"wp","href":"https:\/\/api.w.org\/{rel}","templated":true}]}}