{"id":8634,"date":"2014-12-31T19:45:08","date_gmt":"2015-01-01T01:45:08","guid":{"rendered":"http:\/\/innovatori.space\/lat21\/?p=8634"},"modified":"2020-01-13T13:20:09","modified_gmt":"2020-01-13T18:20:09","slug":"huso-horario","status":"publish","type":"post","link":"https:\/\/l21.mx\/?p=8634","title":{"rendered":"Huso horario"},"content":{"rendered":"<p>Finalmente se dio el cambio de horario para Quintana Roo, fue aprobado luego de casi tres a\u00f1os dormido en la C\u00e1mara de Diputados. En los \u00faltimos meses se me ocurri\u00f3 bajar el nivel t\u00e9cnico de la discusi\u00f3n con algunas personas que no estaban de acuerdo con la medida, arguyendo razones t\u00e9cnicas y tomando en cuenta meridianos, paralelos y dem\u00e1s.<\/p>\n<p>La pregunta era sencilla, \u00bfa qu\u00e9 hora prefieres luz de sol, de seis a siete de la ma\u00f1ana o de seis a siete de la tarde? Creo que de esta forma no hab\u00eda manera de errar, finalmente los meridianos son una gu\u00eda, pero no una ley; en el mundo los pa\u00edses y los estados de los pa\u00edses toman decisiones que convengan social y econ\u00f3micamente a sus territorios y creo que en este caso es obvio que es lo correcto.<\/p>\n<p>Algunas personas tambi\u00e9n dijeron que no se tom\u00f3 en cuenta a la ciudadan\u00eda, y cr\u00e9anme que nunca he visto que una ley se apruebe con m\u00e1s votos manifiestos de los ciudadanos, o \u00bfcu\u00e1ndo le ha tocado ver que los diputados pregunten si nos gusta tal o cual ley? Ellos son omnipotentes, bueno, los partidos, pero los diputados son obedientes.<\/p>\n<p>Esta ley por lo menos cont\u00f3 con la opini\u00f3n positiva de m\u00e1s de 40 mil personas que firmaron una iniciativa organizada por <strong>Cristina Alcayaga<\/strong>, y aunque es una gran minor\u00eda en el estado, son muchos m\u00e1s ciudadanos manifest\u00e1ndose libremente sobre\u00a0 un tema que los legisladores ten\u00edan olvidado.<\/p>\n<p>En lo personal me queda claro que la medida no traer\u00e1 mas turistas como algunos dicen, por lo menos no a corto plazo, la decisi\u00f3n de venir o no a Canc\u00fan ya se ha tomado o se tomar\u00e1, pero de lo que s\u00ed estoy plenamente seguro es que el nivel de satisfacci\u00f3n va a ser m\u00e1s alto y las recomendaciones m\u00e1s y mejores, lo que a la larga s\u00ed repercutir\u00e1 en la cantidad de visitantes en forma positiva.<\/p>\n<p>Seg\u00fan sabemos los cambios a la ley se publicar\u00e1n en el Diario Oficial de la Federaci\u00f3n en febrero, lo que nos dejar\u00eda un par de meses en invierno con una hora adelante del centro de M\u00e9xico. La pregunta es, \u00bfvaldr\u00e1 la pena? \u00bfDeber\u00edamos esperar al nuevo horario de invierno el \u00faltimo domingo de octubre? As\u00ed mientras el centro se atrasa una hora nosotros nos quedamos en el mismo sitio.<\/p>\n<p>Para ser sincero, esperaba una reacci\u00f3n m\u00e1s efusiva por parte del sector privado, finalmente los m\u00e1s beneficiados son precisamente ellos, son los que ganar\u00e1n en ocupaci\u00f3n, satisfacci\u00f3n, ahorro de energ\u00eda y de m\u00e1s argumentos econ\u00f3micos vertidos en la petici\u00f3n, pero han hecho mutis ante la decisi\u00f3n. \u00bfSer\u00e1 porque sirvi\u00f3 de cu\u00f1a para informarles sobre el aumento en algunos impuestos? Ah\u00ed se lo dejo.<\/p>\n<p><strong>El d\u00f3lar, una visi\u00f3n distinta<\/strong><\/p>\n<p>Hemos escuchado muchas veces que la devaluaci\u00f3n del peso no perjudica al turismo. \u00bfCu\u00e1l es el argumento? Que todo se vende en d\u00f3lares, tanto los cuartos, hablando de la hoteler\u00eda, como los servicios; se habla incluso de que hay una ganancia cercana al 10% al cobrar en d\u00f3lares y gastar en pesos.<\/p>\n<p>Yo voy a diferir de esta postura. Hoy en d\u00eda el turismo nacional es una parte muy importante de nuestros destinos, y efectivamente al tasar en d\u00f3lares el costo de todo lo relacionado con el turismo, mientras m\u00e1s se deval\u00fae el peso m\u00e1s sube el precio de todo, habitaciones, restaurantes, servicios, etc.<\/p>\n<p>Obvio es decir que al turismo nacional s\u00ed le afecta. Tendr\u00edamos que preguntarnos cu\u00e1ntos turistas dejar\u00e1n de venir por el alza en la tarifa. Y entonces s\u00ed, no solo los prestadores de servicios se ver\u00e1n afectados, sino incluso los hoteles.<\/p>\n<p><strong>Las aerol\u00edneas, caso especial<\/strong><\/p>\n<p>Lo \u00fanico que no aument\u00f3 fueron los precios de los pasajes a\u00e9reos, a pesar de la devaluaci\u00f3n; pero no crean que es por bondad o porque son bienhechores de la sociedad. Aqu\u00ed debemos hablar del precio del petr\u00f3leo.<\/p>\n<p>Seg\u00fan la Asociaci\u00f3n Internacional del Transporte A\u00e9reo (IATA), para el pr\u00f3ximo a\u00f1o las aerol\u00edneas ganar\u00e1n 25.6% m\u00e1s que en 2014. Todo esto debido a la baja del precio del crudo y a los costos del gas avi\u00f3n, y al final de la crisis en los grandes mercados y el aumento del PIB.<\/p>\n<p>En M\u00e9xico el panorama es totalmente diferente, la crisis pareciera que apenas empieza, y el PIB no ha crecido. El precio del gas avi\u00f3n baja, pero no los precios en los boletos; en esto ya se parece al gobierno mexicano, que mientras m\u00e1s baja el precio del crudo m\u00e1s sube el precio de la gasolina.<\/p>\n<p>Tengo mis dudas sobre el comportamiento de las l\u00edneas a\u00e9reas, finalmente en estos \u00faltimos seis meses hay una gran competencia no solo de tarifas, tambi\u00e9n de rutas, por lo que a pesar de su comportamiento actual de no ajustar pese a la baja del gas avi\u00f3n podr\u00edan modificarse.<\/p>\n<p>Otro punto es que algunas l\u00edneas a\u00e9reas estadounidenses ya planean nuevas rutas con la apertura de la tercera y cuarta libertad de los cielos. Con ella ya no hay l\u00edmite en el n\u00famero de l\u00edneas a\u00e9reas que pueden hacer la misma ruta. Antes, por ejemplo, solo tres l\u00edneas a\u00e9reas de Estados Unidos m\u00e1ximo pod\u00edan hacer la ruta desde una ciudad de la Uni\u00f3n Americana, hoy cualquiera puede; esto sin duda tambi\u00e9n podr\u00eda abonar en mejores tarifas internacionales.<\/p>\n<p>Por cierto, lo que no se aprob\u00f3 fue la quinta libertad, o cielos abiertos, lo que permitir\u00eda a l\u00edneas extrajeras hacer escalas en ciudades de nuestro pa\u00eds. Por ejemplo, que United cubriera la ruta Los \u00c1ngeles-Canc\u00fan, con escala en Guadalajara. En este tema la protecci\u00f3n a las l\u00edneas a\u00e9reas mexicanas contin\u00faa, por si busca la raz\u00f3n de por qu\u00e9 es m\u00e1s barato volar desde Canc\u00fan a Miami que a la Ciudad de M\u00e9xico.<\/p>\n<p>&nbsp;<\/p>\n<p>&nbsp;<\/p>\n<p>&nbsp;<\/p>\n<p>&nbsp;<\/p>\n<p>&nbsp;<\/p>\n<p>&nbsp;<\/p>\n<p>&nbsp;<\/p>\n<p>&nbsp;<\/p>\n<p>&nbsp;<\/p>\n<p>&nbsp;<\/p>\n<p>&nbsp;<\/p>\n<p>&nbsp;<\/p>\n<p>&nbsp;<\/p>\n<p>&nbsp;<\/p>\n<p>&nbsp;<\/p>\n<p>&nbsp;<\/p>\n","protected":false},"excerpt":{"rendered":"<p>Finalmente se dio el cambio de horario para Quintana Roo, fue aprobado luego de casi tres&hellip;<\/p>\n","protected":false},"author":2,"featured_media":0,"comment_status":"open","ping_status":"open","sticky":false,"template":"","format":"standard","meta":{"_acf_changed":false,"_lmt_disableupdate":"","_lmt_disable":"","_mbp_gutenberg_autopost":false,"footnotes":""},"categories":[28,20],"tags":[766],"class_list":["post-8634","post","type-post","status-publish","format-standard","hentry","category-arturo-medina","category-columnas","tag-en-linea-directa"],"acf":[],"yoast_head":"<!-- This site is optimized with the Yoast SEO plugin v27.5 - https:\/\/yoast.com\/product\/yoast-seo-wordpress\/ -->\n<title>Huso horario | Revista Latitud 21<\/title>\n<meta name=\"description\" content=\"L21, Emprendedores y Negocios en el Caribe Mexicano, es la revista l\u00edder entre el Sector Empresarial y Tur\u00edstico del Caribe Mexicano.\" \/>\n<meta name=\"robots\" content=\"index, follow, max-snippet:-1, max-image-preview:large, max-video-preview:-1\" \/>\n<link rel=\"canonical\" href=\"https:\/\/l21.mx\/?p=8634\" \/>\n<meta name=\"twitter:card\" content=\"summary_large_image\" \/>\n<meta name=\"twitter:title\" content=\"Huso horario | Revista Latitud 21\" \/>\n<meta name=\"twitter:description\" content=\"L21, Emprendedores y Negocios en el Caribe Mexicano, es la revista l\u00edder entre el Sector Empresarial y Tur\u00edstico del Caribe Mexicano.\" \/>\n<meta name=\"twitter:creator\" content=\"@Latitud21mx\" \/>\n<meta name=\"twitter:site\" content=\"@Latitud21mx\" \/>\n<meta name=\"twitter:label1\" content=\"Escrito por\" \/>\n\t<meta name=\"twitter:data1\" content=\"Latitud21 Redacci\u00f3n\" \/>\n\t<meta name=\"twitter:label2\" content=\"Tiempo de lectura\" \/>\n\t<meta name=\"twitter:data2\" content=\"5 minutos\" \/>\n<script type=\"application\/ld+json\" class=\"yoast-schema-graph\">{\"@context\":\"https:\\\/\\\/schema.org\",\"@graph\":[{\"@type\":\"Article\",\"@id\":\"https:\\\/\\\/l21.mx\\\/?p=8634#article\",\"isPartOf\":{\"@id\":\"https:\\\/\\\/l21.mx\\\/?p=8634\"},\"author\":{\"name\":\"Latitud21 Redacci\u00f3n\",\"@id\":\"https:\\\/\\\/l21.mx\\\/#\\\/schema\\\/person\\\/4b571cc212089f95579f3b66253728f1\"},\"headline\":\"Huso horario\",\"datePublished\":\"2015-01-01T01:45:08+00:00\",\"dateModified\":\"2020-01-13T18:20:09+00:00\",\"mainEntityOfPage\":{\"@id\":\"https:\\\/\\\/l21.mx\\\/?p=8634\"},\"wordCount\":1073,\"commentCount\":0,\"publisher\":{\"@id\":\"https:\\\/\\\/l21.mx\\\/#organization\"},\"keywords\":[\"En l\u00ednea directa\"],\"articleSection\":[\"Arturo Medina\",\"X Columnas\"],\"inLanguage\":\"es\",\"potentialAction\":[{\"@type\":\"CommentAction\",\"name\":\"Comment\",\"target\":[\"https:\\\/\\\/l21.mx\\\/?p=8634#respond\"]}]},{\"@type\":\"WebPage\",\"@id\":\"https:\\\/\\\/l21.mx\\\/?p=8634\",\"url\":\"https:\\\/\\\/l21.mx\\\/?p=8634\",\"name\":\"Huso horario | Revista Latitud 21\",\"isPartOf\":{\"@id\":\"https:\\\/\\\/l21.mx\\\/#website\"},\"datePublished\":\"2015-01-01T01:45:08+00:00\",\"dateModified\":\"2020-01-13T18:20:09+00:00\",\"description\":\"L21, Emprendedores y Negocios en el Caribe Mexicano, es la revista l\u00edder entre el Sector Empresarial y Tur\u00edstico del Caribe Mexicano.\",\"breadcrumb\":{\"@id\":\"https:\\\/\\\/l21.mx\\\/?p=8634#breadcrumb\"},\"inLanguage\":\"es\",\"potentialAction\":[{\"@type\":\"ReadAction\",\"target\":[\"https:\\\/\\\/l21.mx\\\/?p=8634\"]}]},{\"@type\":\"BreadcrumbList\",\"@id\":\"https:\\\/\\\/l21.mx\\\/?p=8634#breadcrumb\",\"itemListElement\":[{\"@type\":\"ListItem\",\"position\":1,\"name\":\"Portada\",\"item\":\"https:\\\/\\\/l21.mx\\\/\"},{\"@type\":\"ListItem\",\"position\":2,\"name\":\"Huso horario\"}]},{\"@type\":\"WebSite\",\"@id\":\"https:\\\/\\\/l21.mx\\\/#website\",\"url\":\"https:\\\/\\\/l21.mx\\\/\",\"name\":\"Revista Latitud 21\",\"description\":\"Emprendedores  y negocios en el Caribe Mexicano\",\"publisher\":{\"@id\":\"https:\\\/\\\/l21.mx\\\/#organization\"},\"potentialAction\":[{\"@type\":\"SearchAction\",\"target\":{\"@type\":\"EntryPoint\",\"urlTemplate\":\"https:\\\/\\\/l21.mx\\\/?s={search_term_string}\"},\"query-input\":{\"@type\":\"PropertyValueSpecification\",\"valueRequired\":true,\"valueName\":\"search_term_string\"}}],\"inLanguage\":\"es\"},{\"@type\":\"Organization\",\"@id\":\"https:\\\/\\\/l21.mx\\\/#organization\",\"name\":\"Grupo Editorial Latitud 21 SA de CV\",\"url\":\"https:\\\/\\\/l21.mx\\\/\",\"logo\":{\"@type\":\"ImageObject\",\"inLanguage\":\"es\",\"@id\":\"https:\\\/\\\/l21.mx\\\/#\\\/schema\\\/logo\\\/image\\\/\",\"url\":\"https:\\\/\\\/l21.mx\\\/wp-content\\\/uploads\\\/2020\\\/10\\\/logo-l21-baja.jpg\",\"contentUrl\":\"https:\\\/\\\/l21.mx\\\/wp-content\\\/uploads\\\/2020\\\/10\\\/logo-l21-baja.jpg\",\"width\":250,\"height\":250,\"caption\":\"Grupo Editorial Latitud 21 SA de CV\"},\"image\":{\"@id\":\"https:\\\/\\\/l21.mx\\\/#\\\/schema\\\/logo\\\/image\\\/\"},\"sameAs\":[\"https:\\\/\\\/www.facebook.com\\\/RevistaLatitud21\\\/\",\"https:\\\/\\\/x.com\\\/Latitud21mx\"]},{\"@type\":\"Person\",\"@id\":\"https:\\\/\\\/l21.mx\\\/#\\\/schema\\\/person\\\/4b571cc212089f95579f3b66253728f1\",\"name\":\"Latitud21 Redacci\u00f3n\",\"url\":\"https:\\\/\\\/l21.mx\\\/?author=2\"}]}<\/script>\n<!-- \/ Yoast SEO plugin. -->","yoast_head_json":{"title":"Huso horario | Revista Latitud 21","description":"L21, Emprendedores y Negocios en el Caribe Mexicano, es la revista l\u00edder entre el Sector Empresarial y Tur\u00edstico del Caribe Mexicano.","robots":{"index":"index","follow":"follow","max-snippet":"max-snippet:-1","max-image-preview":"max-image-preview:large","max-video-preview":"max-video-preview:-1"},"canonical":"https:\/\/l21.mx\/?p=8634","twitter_card":"summary_large_image","twitter_title":"Huso horario | Revista Latitud 21","twitter_description":"L21, Emprendedores y Negocios en el Caribe Mexicano, es la revista l\u00edder entre el Sector Empresarial y Tur\u00edstico del Caribe Mexicano.","twitter_creator":"@Latitud21mx","twitter_site":"@Latitud21mx","twitter_misc":{"Escrito por":"Latitud21 Redacci\u00f3n","Tiempo de lectura":"5 minutos"},"schema":{"@context":"https:\/\/schema.org","@graph":[{"@type":"Article","@id":"https:\/\/l21.mx\/?p=8634#article","isPartOf":{"@id":"https:\/\/l21.mx\/?p=8634"},"author":{"name":"Latitud21 Redacci\u00f3n","@id":"https:\/\/l21.mx\/#\/schema\/person\/4b571cc212089f95579f3b66253728f1"},"headline":"Huso horario","datePublished":"2015-01-01T01:45:08+00:00","dateModified":"2020-01-13T18:20:09+00:00","mainEntityOfPage":{"@id":"https:\/\/l21.mx\/?p=8634"},"wordCount":1073,"commentCount":0,"publisher":{"@id":"https:\/\/l21.mx\/#organization"},"keywords":["En l\u00ednea directa"],"articleSection":["Arturo Medina","X Columnas"],"inLanguage":"es","potentialAction":[{"@type":"CommentAction","name":"Comment","target":["https:\/\/l21.mx\/?p=8634#respond"]}]},{"@type":"WebPage","@id":"https:\/\/l21.mx\/?p=8634","url":"https:\/\/l21.mx\/?p=8634","name":"Huso horario | Revista Latitud 21","isPartOf":{"@id":"https:\/\/l21.mx\/#website"},"datePublished":"2015-01-01T01:45:08+00:00","dateModified":"2020-01-13T18:20:09+00:00","description":"L21, Emprendedores y Negocios en el Caribe Mexicano, es la revista l\u00edder entre el Sector Empresarial y Tur\u00edstico del Caribe Mexicano.","breadcrumb":{"@id":"https:\/\/l21.mx\/?p=8634#breadcrumb"},"inLanguage":"es","potentialAction":[{"@type":"ReadAction","target":["https:\/\/l21.mx\/?p=8634"]}]},{"@type":"BreadcrumbList","@id":"https:\/\/l21.mx\/?p=8634#breadcrumb","itemListElement":[{"@type":"ListItem","position":1,"name":"Portada","item":"https:\/\/l21.mx\/"},{"@type":"ListItem","position":2,"name":"Huso horario"}]},{"@type":"WebSite","@id":"https:\/\/l21.mx\/#website","url":"https:\/\/l21.mx\/","name":"Revista Latitud 21","description":"Emprendedores  y negocios en el Caribe Mexicano","publisher":{"@id":"https:\/\/l21.mx\/#organization"},"potentialAction":[{"@type":"SearchAction","target":{"@type":"EntryPoint","urlTemplate":"https:\/\/l21.mx\/?s={search_term_string}"},"query-input":{"@type":"PropertyValueSpecification","valueRequired":true,"valueName":"search_term_string"}}],"inLanguage":"es"},{"@type":"Organization","@id":"https:\/\/l21.mx\/#organization","name":"Grupo Editorial Latitud 21 SA de CV","url":"https:\/\/l21.mx\/","logo":{"@type":"ImageObject","inLanguage":"es","@id":"https:\/\/l21.mx\/#\/schema\/logo\/image\/","url":"https:\/\/l21.mx\/wp-content\/uploads\/2020\/10\/logo-l21-baja.jpg","contentUrl":"https:\/\/l21.mx\/wp-content\/uploads\/2020\/10\/logo-l21-baja.jpg","width":250,"height":250,"caption":"Grupo Editorial Latitud 21 SA de CV"},"image":{"@id":"https:\/\/l21.mx\/#\/schema\/logo\/image\/"},"sameAs":["https:\/\/www.facebook.com\/RevistaLatitud21\/","https:\/\/x.com\/Latitud21mx"]},{"@type":"Person","@id":"https:\/\/l21.mx\/#\/schema\/person\/4b571cc212089f95579f3b66253728f1","name":"Latitud21 Redacci\u00f3n","url":"https:\/\/l21.mx\/?author=2"}]}},"amp_enabled":true,"_links":{"self":[{"href":"https:\/\/l21.mx\/index.php?rest_route=\/wp\/v2\/posts\/8634","targetHints":{"allow":["GET"]}}],"collection":[{"href":"https:\/\/l21.mx\/index.php?rest_route=\/wp\/v2\/posts"}],"about":[{"href":"https:\/\/l21.mx\/index.php?rest_route=\/wp\/v2\/types\/post"}],"author":[{"embeddable":true,"href":"https:\/\/l21.mx\/index.php?rest_route=\/wp\/v2\/users\/2"}],"replies":[{"embeddable":true,"href":"https:\/\/l21.mx\/index.php?rest_route=%2Fwp%2Fv2%2Fcomments&post=8634"}],"version-history":[{"count":1,"href":"https:\/\/l21.mx\/index.php?rest_route=\/wp\/v2\/posts\/8634\/revisions"}],"predecessor-version":[{"id":40932,"href":"https:\/\/l21.mx\/index.php?rest_route=\/wp\/v2\/posts\/8634\/revisions\/40932"}],"wp:attachment":[{"href":"https:\/\/l21.mx\/index.php?rest_route=%2Fwp%2Fv2%2Fmedia&parent=8634"}],"wp:term":[{"taxonomy":"category","embeddable":true,"href":"https:\/\/l21.mx\/index.php?rest_route=%2Fwp%2Fv2%2Fcategories&post=8634"},{"taxonomy":"post_tag","embeddable":true,"href":"https:\/\/l21.mx\/index.php?rest_route=%2Fwp%2Fv2%2Ftags&post=8634"}],"curies":[{"name":"wp","href":"https:\/\/api.w.org\/{rel}","templated":true}]}}