{"id":8648,"date":"2015-01-05T10:27:49","date_gmt":"2015-01-05T16:27:49","guid":{"rendered":"http:\/\/innovatori.space\/lat21\/?p=8648"},"modified":"2015-01-05T10:27:49","modified_gmt":"2015-01-05T16:27:49","slug":"salio-el-sol","status":"publish","type":"post","link":"https:\/\/l21.mx\/?p=8648","title":{"rendered":"Sali\u00f3 el sol"},"content":{"rendered":"<p><strong><a href=\"http:\/\/l21.mx\/wp-content\/uploads\/2015\/01\/uso-horario.jpg\" data-rel=\"penci-gallery-image-content\" ><img fetchpriority=\"high\" decoding=\"async\" class=\"alignleft size-medium wp-image-8649\" title=\"uso horario\" src=\"http:\/\/l21.mx\/wp-content\/uploads\/2015\/01\/uso-horario-300x168.jpg\" alt=\"\" width=\"300\" height=\"168\" srcset=\"https:\/\/l21.mx\/wp-content\/uploads\/2015\/01\/uso-horario-300x168.jpg 300w, https:\/\/l21.mx\/wp-content\/uploads\/2015\/01\/uso-horario-1024x575.jpg 1024w, https:\/\/l21.mx\/wp-content\/uploads\/2015\/01\/uso-horario-768x431.jpg 768w, https:\/\/l21.mx\/wp-content\/uploads\/2015\/01\/uso-horario-1536x863.jpg 1536w, https:\/\/l21.mx\/wp-content\/uploads\/2015\/01\/uso-horario-2048x1150.jpg 2048w, https:\/\/l21.mx\/wp-content\/uploads\/2015\/01\/uso-horario-1920x1078.jpg 1920w, https:\/\/l21.mx\/wp-content\/uploads\/2015\/01\/uso-horario-1170x657.jpg 1170w, https:\/\/l21.mx\/wp-content\/uploads\/2015\/01\/uso-horario-585x328.jpg 585w\" sizes=\"(max-width: 300px) 100vw, 300px\" \/><\/a>Quintana Roo contar\u00e1 con un nuevo horario que permitir\u00e1 un ahorro de energ\u00eda por mil 845 mdp y a millones de turistas disfrutar de m\u00e1s sol y playa<\/strong><\/p>\n<p>Luego de tres a\u00f1os en la \u201ccongeladora\u201d, m\u00e1s todos los que implic\u00f3 la elaboraci\u00f3n y promoci\u00f3n de la iniciativa, con 268 votos a favor, uno en contra y una abstenci\u00f3n la C\u00e1mara de Diputados aprob\u00f3 la adici\u00f3n de una nueva zona horaria denominada Sureste -la cuarta en el pa\u00eds-, que se aplicar\u00e1 para Quintana Roo a fin de potenciar la actividad tur\u00edstica con un mayor aprovechamiento de la luz natural y propiciar el ahorro de energ\u00eda.<\/p>\n<p>La propuesta, que implic\u00f3 cambios a los art\u00edculos dos y tres de la Ley del Sistema de Horario en los Estados Unidos Mexicanos, permitir\u00e1 poner en igualdad de circunstancias a los destinos de Caribe mexicano en materia de competitividad con otros sitios tur\u00edsticos de la regi\u00f3n como Bahamas, Cuba, Jamaica y Puerto Rico, as\u00ed como ciudades en Estados Unidos y Canad\u00e1, en conectividad a\u00e9rea.<\/p>\n<p>Aunque la resoluci\u00f3n fue aplaudida por el sector empresarial tur\u00edstico del estado con mayor afluencia de turistas en el pa\u00eds -al superar los 14 millones hacia el cierre de 2014-, aseguran que los legisladores tendr\u00e1n que hacer algunos ajustes pues la resoluci\u00f3n \u201cqued\u00f3 a medias\u201d.<\/p>\n<p>La zona horaria Sureste referida al meridiano 75\u00b0 al oeste de Greenwich, establece que el estado contar\u00e1 con una hora de adelanto en relaci\u00f3n con la\u00a0 que aplica en el centro del pa\u00eds, lo que\u00a0 implica que durante todo el a\u00f1o se mantendr\u00e1 con el horario de verano sin cambios, pero el resto de los destinos tambi\u00e9n aplicar\u00e1n un horario diferente en invierno, lo que har\u00eda que la medida de horario diferenciado solo est\u00e9 vigente unos meses.<\/p>\n<p>Cristina Alcayaga, una de las promotoras de la iniciativa, dijo que \u201cestamos contentos con la aprobaci\u00f3n y de que se haya realizado por la v\u00eda institucional\u201d.<\/p>\n<p>La tambi\u00e9n vicepresidenta del Consejo Nacional Empresarial Tur\u00edstico (CNET) destac\u00f3 que con base en los estudios para documentar la propuesta, el estado tendr\u00e1 un ahorro del orden de mil 845 mdp al a\u00f1o en consumo de energ\u00eda el\u00e9ctrica, adem\u00e1s de los beneficios directos a la industria sin chimeneas. Asegur\u00f3 que la medida se aplicar\u00e1 una vez sea publicada en el Diario Oficial, lo que podr\u00eda suceder a finales de enero o febrero, aunque\u00a0 es posible que el cambio se haga con el regreso al horario de verano, en abril pr\u00f3ximo, con el que se quedar\u00e1 la entidad todo el a\u00f1o.<\/p>\n<p>El presidente de la Asociaci\u00f3n de Hoteles de Canc\u00fan y Puerto Morelos, Roberto Cintr\u00f3n, afirm\u00f3 que el cambio de horario es algo que se busca desde hace muchos a\u00f1os y traer\u00e1 beneficios al sector, \u201clo cual es bueno, pero tal vez por las prisas o la rapidez los diputados no hicieron los cambios completos para que la diferencia de horario sea todo el a\u00f1o; as\u00ed como est\u00e1 es un avance, pero qued\u00f3 a medias\u201d.<\/p>\n<p>Sobre el tema, la secretaria de Turismo estatal, Laura Fern\u00e1ndez, abund\u00f3 que Canc\u00fan, Cozumel y Chetumal tendr\u00edan los mismos horarios de ocho aeropuertos de Canad\u00e1 y 22 de EU, que es un escenario positivo para el aumento en el arribo de pasajeros a las terminales y los destinos.<\/p>\n<p>La diputada federal Gabriela Medrano Galindo subray\u00f3 que con la reforma podr\u00e1n homologarse los horarios de Quintana Roo con otras ciudades del Caribe como La Habana o Bahamas, lo que permitir\u00e1 al sector tur\u00edstico del estado ser m\u00e1s competitivo con respecto a estos otros centros tur\u00edsticos de la zona.<\/p>\n<p>La verde ecologista y tambi\u00e9n secretaria de la Comisi\u00f3n de Turismo concluy\u00f3 que incorporar a Quintana Roo en el meridiano 75 reflejar\u00e1 un estimado en ahorro de energ\u00eda de 21 mil 285 a 23 mil 454\u00a0 megawatts\/hora, seg\u00fan informaci\u00f3n de la Secretar\u00eda de Energ\u00eda (Sener) y la Comisi\u00f3n Nacional\u00a0 para el Uso Eficiente de la Energ\u00eda (Conuee).<\/p>\n<p>Si bien la medida se har\u00e1 oficial, ya hay movimientos de protesta de \u201cNo al cambio de horario en Quintana Roo\u201d, el cual consideran incongruente y excluyente, pues no se tom\u00f3 en cuenta el sentir de la poblaci\u00f3n. <strong>(Norma Anaya)<\/strong><\/p>\n<p>&nbsp;<\/p>\n<p>&nbsp;<\/p>\n","protected":false},"excerpt":{"rendered":"<p>Quintana Roo contar\u00e1 con un nuevo horario que permitir\u00e1 un ahorro de energ\u00eda por mil 845&hellip;<\/p>\n","protected":false},"author":2,"featured_media":8652,"comment_status":"open","ping_status":"open","sticky":false,"template":"","format":"standard","meta":{"_acf_changed":false,"_lmt_disableupdate":"","_lmt_disable":"","_mbp_gutenberg_autopost":false,"footnotes":""},"categories":[4,23,1],"tags":[],"class_list":["post-8648","post","type-post","status-publish","format-standard","has-post-thumbnail","hentry","category-empresas-y-negocios","category-noticias","category-sin-categoria"],"acf":[],"yoast_head":"<!-- This site is optimized with the Yoast SEO plugin v27.3 - https:\/\/yoast.com\/product\/yoast-seo-wordpress\/ -->\n<title>Sali\u00f3 el sol | Revista Latitud 21<\/title>\n<meta name=\"description\" content=\"L21, Emprendedores y Negocios en el Caribe Mexicano, es la revista l\u00edder entre el Sector Empresarial y Tur\u00edstico del Caribe Mexicano.\" \/>\n<meta name=\"robots\" content=\"index, follow, max-snippet:-1, max-image-preview:large, max-video-preview:-1\" \/>\n<link rel=\"canonical\" href=\"https:\/\/l21.mx\/?p=8648\" \/>\n<meta name=\"twitter:card\" content=\"summary_large_image\" \/>\n<meta name=\"twitter:title\" content=\"Sali\u00f3 el sol | Revista Latitud 21\" \/>\n<meta name=\"twitter:description\" content=\"L21, Emprendedores y Negocios en el Caribe Mexicano, es la revista l\u00edder entre el Sector Empresarial y Tur\u00edstico del Caribe Mexicano.\" \/>\n<meta name=\"twitter:image\" content=\"https:\/\/l21.mx\/wp-content\/uploads\/2015\/01\/uso-horario-n.jpg\" \/>\n<meta name=\"twitter:creator\" content=\"@Latitud21mx\" \/>\n<meta name=\"twitter:site\" content=\"@Latitud21mx\" \/>\n<meta name=\"twitter:label1\" content=\"Escrito por\" \/>\n\t<meta name=\"twitter:data1\" content=\"Latitud21 Redacci\u00f3n\" \/>\n\t<meta name=\"twitter:label2\" content=\"Tiempo de lectura\" \/>\n\t<meta name=\"twitter:data2\" content=\"4 minutos\" \/>\n<script type=\"application\/ld+json\" class=\"yoast-schema-graph\">{\"@context\":\"https:\\\/\\\/schema.org\",\"@graph\":[{\"@type\":\"Article\",\"@id\":\"https:\\\/\\\/l21.mx\\\/?p=8648#article\",\"isPartOf\":{\"@id\":\"https:\\\/\\\/l21.mx\\\/?p=8648\"},\"author\":{\"name\":\"Latitud21 Redacci\u00f3n\",\"@id\":\"https:\\\/\\\/l21.mx\\\/#\\\/schema\\\/person\\\/4b571cc212089f95579f3b66253728f1\"},\"headline\":\"Sali\u00f3 el sol\",\"datePublished\":\"2015-01-05T16:27:49+00:00\",\"mainEntityOfPage\":{\"@id\":\"https:\\\/\\\/l21.mx\\\/?p=8648\"},\"wordCount\":739,\"commentCount\":0,\"publisher\":{\"@id\":\"https:\\\/\\\/l21.mx\\\/#organization\"},\"image\":{\"@id\":\"https:\\\/\\\/l21.mx\\\/?p=8648#primaryimage\"},\"thumbnailUrl\":\"https:\\\/\\\/l21.mx\\\/wp-content\\\/uploads\\\/2015\\\/01\\\/uso-horario-n.jpg\",\"articleSection\":[\"Empresas y Negocios\",\"Noticias\"],\"inLanguage\":\"es\",\"potentialAction\":[{\"@type\":\"CommentAction\",\"name\":\"Comment\",\"target\":[\"https:\\\/\\\/l21.mx\\\/?p=8648#respond\"]}]},{\"@type\":\"WebPage\",\"@id\":\"https:\\\/\\\/l21.mx\\\/?p=8648\",\"url\":\"https:\\\/\\\/l21.mx\\\/?p=8648\",\"name\":\"Sali\u00f3 el sol | Revista Latitud 21\",\"isPartOf\":{\"@id\":\"https:\\\/\\\/l21.mx\\\/#website\"},\"primaryImageOfPage\":{\"@id\":\"https:\\\/\\\/l21.mx\\\/?p=8648#primaryimage\"},\"image\":{\"@id\":\"https:\\\/\\\/l21.mx\\\/?p=8648#primaryimage\"},\"thumbnailUrl\":\"https:\\\/\\\/l21.mx\\\/wp-content\\\/uploads\\\/2015\\\/01\\\/uso-horario-n.jpg\",\"datePublished\":\"2015-01-05T16:27:49+00:00\",\"description\":\"L21, Emprendedores y Negocios en el Caribe Mexicano, es la revista l\u00edder entre el Sector Empresarial y Tur\u00edstico del Caribe Mexicano.\",\"breadcrumb\":{\"@id\":\"https:\\\/\\\/l21.mx\\\/?p=8648#breadcrumb\"},\"inLanguage\":\"es\",\"potentialAction\":[{\"@type\":\"ReadAction\",\"target\":[\"https:\\\/\\\/l21.mx\\\/?p=8648\"]}]},{\"@type\":\"ImageObject\",\"inLanguage\":\"es\",\"@id\":\"https:\\\/\\\/l21.mx\\\/?p=8648#primaryimage\",\"url\":\"https:\\\/\\\/l21.mx\\\/wp-content\\\/uploads\\\/2015\\\/01\\\/uso-horario-n.jpg\",\"contentUrl\":\"https:\\\/\\\/l21.mx\\\/wp-content\\\/uploads\\\/2015\\\/01\\\/uso-horario-n.jpg\",\"width\":90,\"height\":60},{\"@type\":\"BreadcrumbList\",\"@id\":\"https:\\\/\\\/l21.mx\\\/?p=8648#breadcrumb\",\"itemListElement\":[{\"@type\":\"ListItem\",\"position\":1,\"name\":\"Portada\",\"item\":\"https:\\\/\\\/l21.mx\\\/\"},{\"@type\":\"ListItem\",\"position\":2,\"name\":\"Sali\u00f3 el sol\"}]},{\"@type\":\"WebSite\",\"@id\":\"https:\\\/\\\/l21.mx\\\/#website\",\"url\":\"https:\\\/\\\/l21.mx\\\/\",\"name\":\"Revista Latitud 21\",\"description\":\"Emprendedores  y negocios en el Caribe Mexicano\",\"publisher\":{\"@id\":\"https:\\\/\\\/l21.mx\\\/#organization\"},\"potentialAction\":[{\"@type\":\"SearchAction\",\"target\":{\"@type\":\"EntryPoint\",\"urlTemplate\":\"https:\\\/\\\/l21.mx\\\/?s={search_term_string}\"},\"query-input\":{\"@type\":\"PropertyValueSpecification\",\"valueRequired\":true,\"valueName\":\"search_term_string\"}}],\"inLanguage\":\"es\"},{\"@type\":\"Organization\",\"@id\":\"https:\\\/\\\/l21.mx\\\/#organization\",\"name\":\"Grupo Editorial Latitud 21 SA de CV\",\"url\":\"https:\\\/\\\/l21.mx\\\/\",\"logo\":{\"@type\":\"ImageObject\",\"inLanguage\":\"es\",\"@id\":\"https:\\\/\\\/l21.mx\\\/#\\\/schema\\\/logo\\\/image\\\/\",\"url\":\"https:\\\/\\\/l21.mx\\\/wp-content\\\/uploads\\\/2020\\\/10\\\/logo-l21-baja.jpg\",\"contentUrl\":\"https:\\\/\\\/l21.mx\\\/wp-content\\\/uploads\\\/2020\\\/10\\\/logo-l21-baja.jpg\",\"width\":250,\"height\":250,\"caption\":\"Grupo Editorial Latitud 21 SA de CV\"},\"image\":{\"@id\":\"https:\\\/\\\/l21.mx\\\/#\\\/schema\\\/logo\\\/image\\\/\"},\"sameAs\":[\"https:\\\/\\\/www.facebook.com\\\/RevistaLatitud21\\\/\",\"https:\\\/\\\/x.com\\\/Latitud21mx\"]},{\"@type\":\"Person\",\"@id\":\"https:\\\/\\\/l21.mx\\\/#\\\/schema\\\/person\\\/4b571cc212089f95579f3b66253728f1\",\"name\":\"Latitud21 Redacci\u00f3n\",\"url\":\"https:\\\/\\\/l21.mx\\\/?author=2\"}]}<\/script>\n<!-- \/ Yoast SEO plugin. -->","yoast_head_json":{"title":"Sali\u00f3 el sol | Revista Latitud 21","description":"L21, Emprendedores y Negocios en el Caribe Mexicano, es la revista l\u00edder entre el Sector Empresarial y Tur\u00edstico del Caribe Mexicano.","robots":{"index":"index","follow":"follow","max-snippet":"max-snippet:-1","max-image-preview":"max-image-preview:large","max-video-preview":"max-video-preview:-1"},"canonical":"https:\/\/l21.mx\/?p=8648","twitter_card":"summary_large_image","twitter_title":"Sali\u00f3 el sol | Revista Latitud 21","twitter_description":"L21, Emprendedores y Negocios en el Caribe Mexicano, es la revista l\u00edder entre el Sector Empresarial y Tur\u00edstico del Caribe Mexicano.","twitter_image":"https:\/\/l21.mx\/wp-content\/uploads\/2015\/01\/uso-horario-n.jpg","twitter_creator":"@Latitud21mx","twitter_site":"@Latitud21mx","twitter_misc":{"Escrito por":"Latitud21 Redacci\u00f3n","Tiempo de lectura":"4 minutos"},"schema":{"@context":"https:\/\/schema.org","@graph":[{"@type":"Article","@id":"https:\/\/l21.mx\/?p=8648#article","isPartOf":{"@id":"https:\/\/l21.mx\/?p=8648"},"author":{"name":"Latitud21 Redacci\u00f3n","@id":"https:\/\/l21.mx\/#\/schema\/person\/4b571cc212089f95579f3b66253728f1"},"headline":"Sali\u00f3 el sol","datePublished":"2015-01-05T16:27:49+00:00","mainEntityOfPage":{"@id":"https:\/\/l21.mx\/?p=8648"},"wordCount":739,"commentCount":0,"publisher":{"@id":"https:\/\/l21.mx\/#organization"},"image":{"@id":"https:\/\/l21.mx\/?p=8648#primaryimage"},"thumbnailUrl":"https:\/\/l21.mx\/wp-content\/uploads\/2015\/01\/uso-horario-n.jpg","articleSection":["Empresas y Negocios","Noticias"],"inLanguage":"es","potentialAction":[{"@type":"CommentAction","name":"Comment","target":["https:\/\/l21.mx\/?p=8648#respond"]}]},{"@type":"WebPage","@id":"https:\/\/l21.mx\/?p=8648","url":"https:\/\/l21.mx\/?p=8648","name":"Sali\u00f3 el sol | Revista Latitud 21","isPartOf":{"@id":"https:\/\/l21.mx\/#website"},"primaryImageOfPage":{"@id":"https:\/\/l21.mx\/?p=8648#primaryimage"},"image":{"@id":"https:\/\/l21.mx\/?p=8648#primaryimage"},"thumbnailUrl":"https:\/\/l21.mx\/wp-content\/uploads\/2015\/01\/uso-horario-n.jpg","datePublished":"2015-01-05T16:27:49+00:00","description":"L21, Emprendedores y Negocios en el Caribe Mexicano, es la revista l\u00edder entre el Sector Empresarial y Tur\u00edstico del Caribe Mexicano.","breadcrumb":{"@id":"https:\/\/l21.mx\/?p=8648#breadcrumb"},"inLanguage":"es","potentialAction":[{"@type":"ReadAction","target":["https:\/\/l21.mx\/?p=8648"]}]},{"@type":"ImageObject","inLanguage":"es","@id":"https:\/\/l21.mx\/?p=8648#primaryimage","url":"https:\/\/l21.mx\/wp-content\/uploads\/2015\/01\/uso-horario-n.jpg","contentUrl":"https:\/\/l21.mx\/wp-content\/uploads\/2015\/01\/uso-horario-n.jpg","width":90,"height":60},{"@type":"BreadcrumbList","@id":"https:\/\/l21.mx\/?p=8648#breadcrumb","itemListElement":[{"@type":"ListItem","position":1,"name":"Portada","item":"https:\/\/l21.mx\/"},{"@type":"ListItem","position":2,"name":"Sali\u00f3 el sol"}]},{"@type":"WebSite","@id":"https:\/\/l21.mx\/#website","url":"https:\/\/l21.mx\/","name":"Revista Latitud 21","description":"Emprendedores  y negocios en el Caribe Mexicano","publisher":{"@id":"https:\/\/l21.mx\/#organization"},"potentialAction":[{"@type":"SearchAction","target":{"@type":"EntryPoint","urlTemplate":"https:\/\/l21.mx\/?s={search_term_string}"},"query-input":{"@type":"PropertyValueSpecification","valueRequired":true,"valueName":"search_term_string"}}],"inLanguage":"es"},{"@type":"Organization","@id":"https:\/\/l21.mx\/#organization","name":"Grupo Editorial Latitud 21 SA de CV","url":"https:\/\/l21.mx\/","logo":{"@type":"ImageObject","inLanguage":"es","@id":"https:\/\/l21.mx\/#\/schema\/logo\/image\/","url":"https:\/\/l21.mx\/wp-content\/uploads\/2020\/10\/logo-l21-baja.jpg","contentUrl":"https:\/\/l21.mx\/wp-content\/uploads\/2020\/10\/logo-l21-baja.jpg","width":250,"height":250,"caption":"Grupo Editorial Latitud 21 SA de CV"},"image":{"@id":"https:\/\/l21.mx\/#\/schema\/logo\/image\/"},"sameAs":["https:\/\/www.facebook.com\/RevistaLatitud21\/","https:\/\/x.com\/Latitud21mx"]},{"@type":"Person","@id":"https:\/\/l21.mx\/#\/schema\/person\/4b571cc212089f95579f3b66253728f1","name":"Latitud21 Redacci\u00f3n","url":"https:\/\/l21.mx\/?author=2"}]}},"amp_enabled":true,"_links":{"self":[{"href":"https:\/\/l21.mx\/index.php?rest_route=\/wp\/v2\/posts\/8648","targetHints":{"allow":["GET"]}}],"collection":[{"href":"https:\/\/l21.mx\/index.php?rest_route=\/wp\/v2\/posts"}],"about":[{"href":"https:\/\/l21.mx\/index.php?rest_route=\/wp\/v2\/types\/post"}],"author":[{"embeddable":true,"href":"https:\/\/l21.mx\/index.php?rest_route=\/wp\/v2\/users\/2"}],"replies":[{"embeddable":true,"href":"https:\/\/l21.mx\/index.php?rest_route=%2Fwp%2Fv2%2Fcomments&post=8648"}],"version-history":[{"count":0,"href":"https:\/\/l21.mx\/index.php?rest_route=\/wp\/v2\/posts\/8648\/revisions"}],"wp:featuredmedia":[{"embeddable":true,"href":"https:\/\/l21.mx\/index.php?rest_route=\/wp\/v2\/media\/8652"}],"wp:attachment":[{"href":"https:\/\/l21.mx\/index.php?rest_route=%2Fwp%2Fv2%2Fmedia&parent=8648"}],"wp:term":[{"taxonomy":"category","embeddable":true,"href":"https:\/\/l21.mx\/index.php?rest_route=%2Fwp%2Fv2%2Fcategories&post=8648"},{"taxonomy":"post_tag","embeddable":true,"href":"https:\/\/l21.mx\/index.php?rest_route=%2Fwp%2Fv2%2Ftags&post=8648"}],"curies":[{"name":"wp","href":"https:\/\/api.w.org\/{rel}","templated":true}]}}