{"id":86540,"date":"2025-05-14T18:22:58","date_gmt":"2025-05-14T23:22:58","guid":{"rendered":"https:\/\/l21.mx\/?p=86540"},"modified":"2025-05-14T18:22:58","modified_gmt":"2025-05-14T23:22:58","slug":"estefania-mercado-da-arranque-a-historica-repavimentacion-de-la-avenida-mayapan","status":"publish","type":"post","link":"https:\/\/l21.mx\/?p=86540","title":{"rendered":"Estefan\u00eda Mercado da arranque a hist\u00f3rica repavimentaci\u00f3n de la Avenida Mayap\u00e1n"},"content":{"rendered":"<div><\/div>\n<div><\/div>\n<div>Playa del Carmen, Quintana Roo, 14 de mayo 2025\u2014 Con el compromiso de transformar la movilidad y mejorar la calidad de vida de miles de familias, la presidenta municipal de Playa del Carmen, Estefan\u00eda Mercado, dio inicio a los trabajos de repavimentaci\u00f3n integral de la Avenida Mayap\u00e1n, una de las principales vialidades del municipio.<\/div>\n<div><a href=\"https:\/\/l21.mx\/wp-content\/uploads\/2025\/05\/estefania-1-2.jpeg\" data-rel=\"penci-gallery-image-content\" ><img fetchpriority=\"high\" decoding=\"async\" class=\"alignnone size-medium wp-image-86541\" src=\"https:\/\/l21.mx\/wp-content\/uploads\/2025\/05\/estefania-1-2-300x200.jpeg\" alt=\"\" width=\"300\" height=\"200\" srcset=\"https:\/\/l21.mx\/wp-content\/uploads\/2025\/05\/estefania-1-2-300x200.jpeg 300w, https:\/\/l21.mx\/wp-content\/uploads\/2025\/05\/estefania-1-2-1024x682.jpeg 1024w, https:\/\/l21.mx\/wp-content\/uploads\/2025\/05\/estefania-1-2-768x512.jpeg 768w, https:\/\/l21.mx\/wp-content\/uploads\/2025\/05\/estefania-1-2-1170x780.jpeg 1170w, https:\/\/l21.mx\/wp-content\/uploads\/2025\/05\/estefania-1-2-585x390.jpeg 585w, https:\/\/l21.mx\/wp-content\/uploads\/2025\/05\/estefania-1-2-263x175.jpeg 263w, https:\/\/l21.mx\/wp-content\/uploads\/2025\/05\/estefania-1-2.jpeg 1280w\" sizes=\"(max-width: 300px) 100vw, 300px\" \/><\/a><\/div>\n<div><\/div>\n<div>La obra se desarrollar\u00e1 en dos etapas con una inversi\u00f3n superior a los 18.9 millones de pesos, y beneficiar\u00e1 directamente a m\u00e1s de 30,400 habitantes de la colonia Villamar I y zonas aleda\u00f1as.<\/div>\n<div><\/div>\n<div>\u201cCuando se administra bien, los recursos alcanzan. Esta obra es muestra de que la Cuarta Transformaci\u00f3n no es discurso, es acci\u00f3n. Hoy las y los playenses no solo ven calles renovadas, ven dignidad, seguridad y movilidad que mejora su vida diaria\u201d, expres\u00f3 Estefan\u00eda Mercado durante el arranque.<\/div>\n<div><\/div>\n<div>Detalles de la obra:<\/div>\n<div>\u2022Etapa 1: De Avenida Chemuyil a Calle Zapote<\/div>\n<div>\u2022Inversi\u00f3n: $9,496,111.05<\/div>\n<div>\u20224,725.84 m\u00b2 de nueva carpeta asf\u00e1ltica de 7 cm de espesor<\/div>\n<div>\u2022Pintura termopl\u00e1stica: 1,104.43 m\u00b2 sobre carpeta y 296.20 ml sobre guarniciones<\/div>\n<div>\u2022Etapa 2: De Calle Zapote a Arco Vial<\/div>\n<div>\u2022Inversi\u00f3n: $9,495,596.73<\/div>\n<div>\u20224,461.00 m\u00b2 de nueva carpeta asf\u00e1ltica de 7 cm de espesor<\/div>\n<div>\u2022Pintura termopl\u00e1stica: 962.50 ml sobre carpeta y 741.15 ml sobre guarniciones<\/div>\n<div><\/div>\n<div>Ambas etapas incluyen escarificado, nivelaci\u00f3n, compactaci\u00f3n, aplicaci\u00f3n de pintura termopl\u00e1stica y se\u00f1alizaci\u00f3n horizontal y vertical.<\/div>\n<div><\/div>\n<div>Con esta obra, el Gobierno Municipal reafirma su compromiso de llevar infraestructura de calidad a todos los rincones de la ciudad, priorizando las zonas que por a\u00f1os estuvieron en el abandono.<\/div>\n<div><\/div>\n<div>\u201cEste es el rostro de una ciudad que avanza con orden, justicia y amor al pueblo. Vamos a seguir transformando calle por calle, colonia por colonia, para que la prosperidad sea un derecho de todas y todos\u201d, concluy\u00f3 la Presidenta Municipal.<\/div>\n","protected":false},"excerpt":{"rendered":"<p>Playa del Carmen, Quintana Roo, 14 de mayo 2025\u2014 Con el compromiso de transformar la movilidad&hellip;<\/p>\n","protected":false},"author":100,"featured_media":86542,"comment_status":"closed","ping_status":"closed","sticky":false,"template":"","format":"standard","meta":{"_acf_changed":false,"_lmt_disableupdate":"","_lmt_disable":"","_mbp_gutenberg_autopost":false,"footnotes":""},"categories":[1654],"tags":[],"class_list":["post-86540","post","type-post","status-publish","format-standard","has-post-thumbnail","hentry","category-solidaridad"],"acf":[],"_links":{"self":[{"href":"https:\/\/l21.mx\/index.php?rest_route=\/wp\/v2\/posts\/86540","targetHints":{"allow":["GET"]}}],"collection":[{"href":"https:\/\/l21.mx\/index.php?rest_route=\/wp\/v2\/posts"}],"about":[{"href":"https:\/\/l21.mx\/index.php?rest_route=\/wp\/v2\/types\/post"}],"author":[{"embeddable":true,"href":"https:\/\/l21.mx\/index.php?rest_route=\/wp\/v2\/users\/100"}],"replies":[{"embeddable":true,"href":"https:\/\/l21.mx\/index.php?rest_route=%2Fwp%2Fv2%2Fcomments&post=86540"}],"version-history":[{"count":0,"href":"https:\/\/l21.mx\/index.php?rest_route=\/wp\/v2\/posts\/86540\/revisions"}],"wp:featuredmedia":[{"embeddable":true,"href":"https:\/\/l21.mx\/index.php?rest_route=\/wp\/v2\/media\/86542"}],"wp:attachment":[{"href":"https:\/\/l21.mx\/index.php?rest_route=%2Fwp%2Fv2%2Fmedia&parent=86540"}],"wp:term":[{"taxonomy":"category","embeddable":true,"href":"https:\/\/l21.mx\/index.php?rest_route=%2Fwp%2Fv2%2Fcategories&post=86540"},{"taxonomy":"post_tag","embeddable":true,"href":"https:\/\/l21.mx\/index.php?rest_route=%2Fwp%2Fv2%2Ftags&post=86540"}],"curies":[{"name":"wp","href":"https:\/\/api.w.org\/{rel}","templated":true}]}}