{"id":86908,"date":"2025-05-30T11:27:21","date_gmt":"2025-05-30T16:27:21","guid":{"rendered":"https:\/\/l21.mx\/?p=86908"},"modified":"2025-05-31T11:28:50","modified_gmt":"2025-05-31T16:28:50","slug":"gobierno-de-estefania-mercado-responde-a-vecinos-de-palmas-turquesa-con-nuevos-pasos-peatonales-por-la-seguridad-de-la-comunidad","status":"publish","type":"post","link":"https:\/\/l21.mx\/?p=86908","title":{"rendered":"Gobierno de Estefan\u00eda Mercado responde a vecinos de Palmas Turquesa con nuevos pasos peatonales por la seguridad de la comunidad"},"content":{"rendered":"<div><\/div>\n<div><\/div>\n<div>Playa del Carmen, Quintana Roo, 30 de mayo de 2025.\u2014 El Gobierno Municipal de Playa del Carmen, encabezado por la presidenta Estefan\u00eda Mercado, atendi\u00f3 la solicitud de las y los vecinos del fraccionamiento Palmas Turquesa y anunci\u00f3 oficialmente el arranque de dos nuevos pasos peatonales, como parte de las acciones para fortalecer la seguridad vial y proteger a ni\u00f1as, ni\u00f1os y familias de la zona.<\/div>\n<div><\/div>\n<div>Durante el recorrido para supervisar el inicio de obra, la presidenta municipal destac\u00f3 que esta acci\u00f3n responde directamente a las peticiones ciudadanas recibidas en territorio.<\/div>\n<div><\/div>\n<div>\u201cLas familias de Palmas Turquesa nos pidieron pasos peatonales seguros. Hoy les decimos que su voz fue escuchada y su petici\u00f3n ya est\u00e1 en marcha. Porque gobernar es cumplirle al pueblo con hechos, no con promesas.\u201d<\/div>\n<div><\/div>\n<div>Los pasos peatonales estar\u00e1n ubicados en puntos estrat\u00e9gicos del fraccionamiento, donde diariamente transitan decenas de estudiantes, madres y padres de familia, adultos mayores y trabajadores. Esta obra se suma a la pol\u00edtica municipal de movilidad segura, uno de los ejes del gobierno humanista que promueve Estefan\u00eda Mercado.<\/div>\n<div><\/div>\n<div>Adem\u00e1s del beneficio directo para los habitantes de Palmas Turquesa, estas acciones forman parte del esfuerzo integral por dignificar las vialidades, reducir riesgos y avanzar hacia una ciudad m\u00e1s ordenada, accesible y con sentido comunitario.<\/div>\n<div><\/div>\n<div>Con este tipo de respuestas inmediatas y cercanas, el Gobierno de Estefan\u00eda Mercado reafirma su compromiso con un modelo de gesti\u00f3n que pone al pueblo en el centro de las decisiones, trabajando desde el territorio y para el bienestar de todas y todos.<\/div>\n","protected":false},"excerpt":{"rendered":"<p>Playa del Carmen, Quintana Roo, 30 de mayo de 2025.\u2014 El Gobierno Municipal de Playa del&hellip;<\/p>\n","protected":false},"author":100,"featured_media":86909,"comment_status":"closed","ping_status":"closed","sticky":false,"template":"","format":"standard","meta":{"_acf_changed":false,"_lmt_disableupdate":"","_lmt_disable":"","_mbp_gutenberg_autopost":false,"footnotes":""},"categories":[1654],"tags":[1804,241],"class_list":["post-86908","post","type-post","status-publish","format-standard","has-post-thumbnail","hentry","category-solidaridad","tag-estefania-mercado","tag-playa-del-carmen"],"acf":[],"_links":{"self":[{"href":"https:\/\/l21.mx\/index.php?rest_route=\/wp\/v2\/posts\/86908","targetHints":{"allow":["GET"]}}],"collection":[{"href":"https:\/\/l21.mx\/index.php?rest_route=\/wp\/v2\/posts"}],"about":[{"href":"https:\/\/l21.mx\/index.php?rest_route=\/wp\/v2\/types\/post"}],"author":[{"embeddable":true,"href":"https:\/\/l21.mx\/index.php?rest_route=\/wp\/v2\/users\/100"}],"replies":[{"embeddable":true,"href":"https:\/\/l21.mx\/index.php?rest_route=%2Fwp%2Fv2%2Fcomments&post=86908"}],"version-history":[{"count":0,"href":"https:\/\/l21.mx\/index.php?rest_route=\/wp\/v2\/posts\/86908\/revisions"}],"wp:featuredmedia":[{"embeddable":true,"href":"https:\/\/l21.mx\/index.php?rest_route=\/wp\/v2\/media\/86909"}],"wp:attachment":[{"href":"https:\/\/l21.mx\/index.php?rest_route=%2Fwp%2Fv2%2Fmedia&parent=86908"}],"wp:term":[{"taxonomy":"category","embeddable":true,"href":"https:\/\/l21.mx\/index.php?rest_route=%2Fwp%2Fv2%2Fcategories&post=86908"},{"taxonomy":"post_tag","embeddable":true,"href":"https:\/\/l21.mx\/index.php?rest_route=%2Fwp%2Fv2%2Ftags&post=86908"}],"curies":[{"name":"wp","href":"https:\/\/api.w.org\/{rel}","templated":true}]}}