{"id":87018,"date":"2025-06-01T12:53:25","date_gmt":"2025-06-01T17:53:25","guid":{"rendered":"https:\/\/l21.mx\/?p=87018"},"modified":"2025-06-01T12:53:25","modified_gmt":"2025-06-01T17:53:25","slug":"sting-en-tulum-musica-que-hizo-historia","status":"publish","type":"post","link":"https:\/\/l21.mx\/?p=87018","title":{"rendered":"Sting en Tulum, m\u00fasica que hizo historia"},"content":{"rendered":"<p>&nbsp;<\/p>\n<p>&nbsp;<\/p>\n<p><span style=\"font-weight: 400;\">El debut del Mexican Caribbean Music Fest fue una sacudida positiva para Tulum. M\u00e1s de 20 mil personas disfrutaron una noche que quedar\u00e1 en la memoria colectiva: desde el regreso en\u00e9rgico de Liquits y la vibra poderosa de Aterciopelados, hasta la presentaci\u00f3n inolvidable de Sting, quien demostr\u00f3 por qu\u00e9 sigue siendo un \u00edcono.<\/span><\/p>\n<p><span style=\"font-weight: 400;\">Este festival, realizado en el m\u00e1gico Parque ZAMNA, no solo fue un \u00e9xito en asistencia: marc\u00f3 el inicio de una nueva etapa para la m\u00fasica en el Caribe Mexicano.<\/span><\/p>\n<p><span style=\"font-weight: 400;\">Con una propuesta diversa y artistas de talla internacional, se perfila como un referente que mezcla historia, cultura y naturaleza. Y de paso, logr\u00f3 que Tulum tuviera uno de sus mejores fines de semana en ocupaci\u00f3n hotelera. Nada mal para ser la primera edici\u00f3n. \u00bfSer\u00e1 este el nuevo festival favorito de la regi\u00f3n? Todo apunta a que s\u00ed.<\/span><\/p>\n<p>&nbsp;<\/p>\n","protected":false},"excerpt":{"rendered":"<p>&nbsp; &nbsp; El debut del Mexican Caribbean Music Fest fue una sacudida positiva para Tulum. M\u00e1s&hellip;<\/p>\n","protected":false},"author":100,"featured_media":86970,"comment_status":"closed","ping_status":"closed","sticky":false,"template":"","format":"standard","meta":{"_acf_changed":false,"_lmt_disableupdate":"","_lmt_disable":"","_mbp_gutenberg_autopost":false,"footnotes":""},"categories":[38],"tags":[1846,1847,379],"class_list":["post-87018","post","type-post","status-publish","format-standard","has-post-thumbnail","hentry","category-en-la-21-y-otras-latitudes","tag-musica","tag-sting","tag-tulum"],"acf":[],"_links":{"self":[{"href":"https:\/\/l21.mx\/index.php?rest_route=\/wp\/v2\/posts\/87018","targetHints":{"allow":["GET"]}}],"collection":[{"href":"https:\/\/l21.mx\/index.php?rest_route=\/wp\/v2\/posts"}],"about":[{"href":"https:\/\/l21.mx\/index.php?rest_route=\/wp\/v2\/types\/post"}],"author":[{"embeddable":true,"href":"https:\/\/l21.mx\/index.php?rest_route=\/wp\/v2\/users\/100"}],"replies":[{"embeddable":true,"href":"https:\/\/l21.mx\/index.php?rest_route=%2Fwp%2Fv2%2Fcomments&post=87018"}],"version-history":[{"count":0,"href":"https:\/\/l21.mx\/index.php?rest_route=\/wp\/v2\/posts\/87018\/revisions"}],"wp:featuredmedia":[{"embeddable":true,"href":"https:\/\/l21.mx\/index.php?rest_route=\/wp\/v2\/media\/86970"}],"wp:attachment":[{"href":"https:\/\/l21.mx\/index.php?rest_route=%2Fwp%2Fv2%2Fmedia&parent=87018"}],"wp:term":[{"taxonomy":"category","embeddable":true,"href":"https:\/\/l21.mx\/index.php?rest_route=%2Fwp%2Fv2%2Fcategories&post=87018"},{"taxonomy":"post_tag","embeddable":true,"href":"https:\/\/l21.mx\/index.php?rest_route=%2Fwp%2Fv2%2Ftags&post=87018"}],"curies":[{"name":"wp","href":"https:\/\/api.w.org\/{rel}","templated":true}]}}