{"id":87312,"date":"2025-06-04T12:50:50","date_gmt":"2025-06-04T17:50:50","guid":{"rendered":"https:\/\/l21.mx\/?p=87312"},"modified":"2025-06-04T12:50:50","modified_gmt":"2025-06-04T17:50:50","slug":"ruben-carrillo-retoma-funciones-como-secretario-general-del-sindicato-de-taxistas-andres-quintana-roo","status":"publish","type":"post","link":"https:\/\/l21.mx\/?p=87312","title":{"rendered":"Rub\u00e9n Carrillo retoma funciones como Secretario General del Sindicato de Taxistas \u201cAndr\u00e9s Quintana Roo\u201d"},"content":{"rendered":"<div><\/div>\n<div><\/div>\n<div><\/div>\n<div>Rub\u00e9n Carrillo anunci\u00f3 su reincorporaci\u00f3n oficial como Secretario General del Sindicato de Taxistas \u201cAndr\u00e9s Quintana Roo\u201d, luego de un per\u00edodo de licencia temporal.<\/div>\n<div><a href=\"https:\/\/l21.mx\/wp-content\/uploads\/2025\/06\/ruben-carrillo-taxistas-3.jpeg\" data-rel=\"penci-gallery-image-content\" ><img fetchpriority=\"high\" decoding=\"async\" class=\"alignnone size-medium wp-image-87314\" src=\"https:\/\/l21.mx\/wp-content\/uploads\/2025\/06\/ruben-carrillo-taxistas-3-249x300.jpeg\" alt=\"\" width=\"249\" height=\"300\" srcset=\"https:\/\/l21.mx\/wp-content\/uploads\/2025\/06\/ruben-carrillo-taxistas-3-249x300.jpeg 249w, https:\/\/l21.mx\/wp-content\/uploads\/2025\/06\/ruben-carrillo-taxistas-3-850x1024.jpeg 850w, https:\/\/l21.mx\/wp-content\/uploads\/2025\/06\/ruben-carrillo-taxistas-3-768x926.jpeg 768w, https:\/\/l21.mx\/wp-content\/uploads\/2025\/06\/ruben-carrillo-taxistas-3-585x705.jpeg 585w, https:\/\/l21.mx\/wp-content\/uploads\/2025\/06\/ruben-carrillo-taxistas-3.jpeg 1062w\" sizes=\"(max-width: 249px) 100vw, 249px\" \/><\/a><\/div>\n<div><\/div>\n<div>El l\u00edder sindical reafirm\u00f3 su compromiso con los m\u00e1s de 20,000 integrantes de la gran familia taxista que conforman la base del sindicato m\u00e1s grande y representativo del estado.<\/div>\n<div><\/div>\n<div>Rub\u00e9n Carrillo se\u00f1al\u00f3 que su regreso obedece al profundo respeto que le guarda a la voluntad de los socios, quienes lo eligieron mediante una votaci\u00f3n abierta, transparente y democr\u00e1tica.<\/div>\n<div><\/div>\n<div>Reiter\u00f3 que su prioridad es continuar trabajando en unidad, con responsabilidad y visi\u00f3n, para garantizar la estabilidad, el orden y la proyecci\u00f3n a futuro de la organizaci\u00f3n.<\/div>\n<div><\/div>\n<div>\u201cAsumo nuevamente esta encomienda con la firme convicci\u00f3n de mantenerme al frente del sindicato, especialmente en este momento en que las decisiones que tomemos y las alianzas estrat\u00e9gicas que consolidemos marcar\u00e1n el rumbo del gremio en los pr\u00f3ximos a\u00f1os\u201d, expres\u00f3.<\/div>\n<div><\/div>\n<div>Carrillo enfatiz\u00f3 que el gremio atraviesa una etapa de transformaci\u00f3n y que es momento de fortalecer la representaci\u00f3n sindical con base en el di\u00e1logo, la legalidad y la defensa de los derechos de todos los integrantes del sindicato.<\/div>\n<div><a href=\"https:\/\/l21.mx\/wp-content\/uploads\/2025\/06\/ruben-carrillo-taxistas-1.jpeg\" data-rel=\"penci-gallery-image-content\" ><img decoding=\"async\" class=\"alignnone size-medium wp-image-87315\" src=\"https:\/\/l21.mx\/wp-content\/uploads\/2025\/06\/ruben-carrillo-taxistas-1-300x143.jpeg\" alt=\"\" width=\"300\" height=\"143\" srcset=\"https:\/\/l21.mx\/wp-content\/uploads\/2025\/06\/ruben-carrillo-taxistas-1-300x143.jpeg 300w, https:\/\/l21.mx\/wp-content\/uploads\/2025\/06\/ruben-carrillo-taxistas-1-1024x489.jpeg 1024w, https:\/\/l21.mx\/wp-content\/uploads\/2025\/06\/ruben-carrillo-taxistas-1-768x367.jpeg 768w, https:\/\/l21.mx\/wp-content\/uploads\/2025\/06\/ruben-carrillo-taxistas-1-1170x558.jpeg 1170w, https:\/\/l21.mx\/wp-content\/uploads\/2025\/06\/ruben-carrillo-taxistas-1-585x279.jpeg 585w, https:\/\/l21.mx\/wp-content\/uploads\/2025\/06\/ruben-carrillo-taxistas-1.jpeg 1280w\" sizes=\"(max-width: 300px) 100vw, 300px\" \/><\/a><\/div>\n<div><\/div>\n<div>\u201cNo hay lugar para divisiones ni intereses ajenos a la base trabajadora. El futuro del sindicato se construye con firmeza, uni\u00f3n y liderazgo claro\u201d, a\u00f1adi\u00f3.<\/div>\n<div><\/div>\n<div>Adelant\u00f3 que se impulsar\u00e1n acciones que consoliden la modernizaci\u00f3n del servicio de taxi, la mejora de las condiciones laborales, la relaci\u00f3n institucional con autoridades y la defensa de la concesi\u00f3n como patrimonio de los socios.<\/div>\n","protected":false},"excerpt":{"rendered":"<p>Rub\u00e9n Carrillo anunci\u00f3 su reincorporaci\u00f3n oficial como Secretario General del Sindicato de Taxistas \u201cAndr\u00e9s Quintana Roo\u201d,&hellip;<\/p>\n","protected":false},"author":100,"featured_media":87313,"comment_status":"closed","ping_status":"closed","sticky":false,"template":"","format":"standard","meta":{"_acf_changed":false,"_lmt_disableupdate":"","_lmt_disable":"","_mbp_gutenberg_autopost":false,"footnotes":""},"categories":[23,1656],"tags":[48,542,543],"class_list":["post-87312","post","type-post","status-publish","format-standard","has-post-thumbnail","hentry","category-noticias","category-quintana-roo","tag-cancun","tag-taxis","tag-taxistas"],"acf":[],"_links":{"self":[{"href":"https:\/\/l21.mx\/index.php?rest_route=\/wp\/v2\/posts\/87312","targetHints":{"allow":["GET"]}}],"collection":[{"href":"https:\/\/l21.mx\/index.php?rest_route=\/wp\/v2\/posts"}],"about":[{"href":"https:\/\/l21.mx\/index.php?rest_route=\/wp\/v2\/types\/post"}],"author":[{"embeddable":true,"href":"https:\/\/l21.mx\/index.php?rest_route=\/wp\/v2\/users\/100"}],"replies":[{"embeddable":true,"href":"https:\/\/l21.mx\/index.php?rest_route=%2Fwp%2Fv2%2Fcomments&post=87312"}],"version-history":[{"count":0,"href":"https:\/\/l21.mx\/index.php?rest_route=\/wp\/v2\/posts\/87312\/revisions"}],"wp:featuredmedia":[{"embeddable":true,"href":"https:\/\/l21.mx\/index.php?rest_route=\/wp\/v2\/media\/87313"}],"wp:attachment":[{"href":"https:\/\/l21.mx\/index.php?rest_route=%2Fwp%2Fv2%2Fmedia&parent=87312"}],"wp:term":[{"taxonomy":"category","embeddable":true,"href":"https:\/\/l21.mx\/index.php?rest_route=%2Fwp%2Fv2%2Fcategories&post=87312"},{"taxonomy":"post_tag","embeddable":true,"href":"https:\/\/l21.mx\/index.php?rest_route=%2Fwp%2Fv2%2Ftags&post=87312"}],"curies":[{"name":"wp","href":"https:\/\/api.w.org\/{rel}","templated":true}]}}