{"id":87339,"date":"2025-06-05T09:59:21","date_gmt":"2025-06-05T14:59:21","guid":{"rendered":"https:\/\/l21.mx\/?p=87339"},"modified":"2025-06-06T10:01:49","modified_gmt":"2025-06-06T15:01:49","slug":"helicoptero-del-gobierno-de-playa-del-carmen-rescata-a-dos-personas-frente-a-las-costas-de-punta-allen","status":"publish","type":"post","link":"https:\/\/l21.mx\/?p=87339","title":{"rendered":"Helic\u00f3ptero del Gobierno de Playa del Carmen rescata a dos personas frente a las costas de Punta Allen"},"content":{"rendered":"<div><\/div>\n<div><\/div>\n<div>Playa del Carmen, Quintana Roo, 5 de junio de 2025.\u2014 Gracias a la visi\u00f3n humanista del Gobierno que encabeza la presidenta municipal Estefan\u00eda Mercado y al trabajo coordinado entre la Secretar\u00eda de Seguridad Ciudadana de Playa del Carmen, la Secretar\u00eda de Marina y la Secretar\u00eda de Protecci\u00f3n Civil, Prevenci\u00f3n de Riesgos y Bomberos, se logr\u00f3 la localizaci\u00f3n y rescate de dos personas extraviadas frente a las costas de Punta Allen, en el municipio de Tulum.<\/div>\n<div><a href=\"https:\/\/l21.mx\/wp-content\/uploads\/2025\/06\/playa-del-carmen-rescata-3.jpg\" data-rel=\"penci-gallery-image-content\" ><img fetchpriority=\"high\" decoding=\"async\" class=\"alignnone size-medium wp-image-87340\" src=\"https:\/\/l21.mx\/wp-content\/uploads\/2025\/06\/playa-del-carmen-rescata-3-300x200.jpg\" alt=\"\" width=\"300\" height=\"200\" srcset=\"https:\/\/l21.mx\/wp-content\/uploads\/2025\/06\/playa-del-carmen-rescata-3-300x200.jpg 300w, https:\/\/l21.mx\/wp-content\/uploads\/2025\/06\/playa-del-carmen-rescata-3-1024x682.jpg 1024w, https:\/\/l21.mx\/wp-content\/uploads\/2025\/06\/playa-del-carmen-rescata-3-768x512.jpg 768w, https:\/\/l21.mx\/wp-content\/uploads\/2025\/06\/playa-del-carmen-rescata-3-1536x1023.jpg 1536w, https:\/\/l21.mx\/wp-content\/uploads\/2025\/06\/playa-del-carmen-rescata-3-1170x780.jpg 1170w, https:\/\/l21.mx\/wp-content\/uploads\/2025\/06\/playa-del-carmen-rescata-3-585x390.jpg 585w, https:\/\/l21.mx\/wp-content\/uploads\/2025\/06\/playa-del-carmen-rescata-3-263x175.jpg 263w, https:\/\/l21.mx\/wp-content\/uploads\/2025\/06\/playa-del-carmen-rescata-3.jpg 1600w\" sizes=\"(max-width: 300px) 100vw, 300px\" \/><\/a><\/div>\n<div><\/div>\n<div>El operativo de b\u00fasqueda se activ\u00f3 tras el reporte de desaparici\u00f3n de Erick Gabriel Ram\u00edrez Luna y Jos\u00e9 \u00c1ngel Rodr\u00edguez R\u00edos, quienes hab\u00edan sido vistos por \u00faltima vez durante la tarde del d\u00eda anterior. A las 09:58 horas de este d\u00eda, gracias al despliegue a\u00e9reo del helic\u00f3ptero Albatros, se logr\u00f3 su ubicaci\u00f3n en altamar, activando de inmediato el protocolo de rescate.<\/div>\n<div><\/div>\n<div>Una vez rescatados y puestos a salvo, ambos fueron atendidos por personal m\u00e9dico de la ambulancia 2\u2013D de Protecci\u00f3n Civil y de la unidad 8700-EB del ERUM de la SSC, quienes los valoraron en el lugar. Se encontraban estables, aunque con s\u00edntomas de deshidrataci\u00f3n, por lo que recibieron primeros auxilios en sitio.<\/div>\n<div><\/div>\n<div><a href=\"https:\/\/l21.mx\/wp-content\/uploads\/2025\/06\/playa-del-carmen-rescata-1.jpg\" data-rel=\"penci-gallery-image-content\" ><img decoding=\"async\" class=\"alignnone size-medium wp-image-87342\" src=\"https:\/\/l21.mx\/wp-content\/uploads\/2025\/06\/playa-del-carmen-rescata-1-300x200.jpg\" alt=\"\" width=\"300\" height=\"200\" srcset=\"https:\/\/l21.mx\/wp-content\/uploads\/2025\/06\/playa-del-carmen-rescata-1-300x200.jpg 300w, https:\/\/l21.mx\/wp-content\/uploads\/2025\/06\/playa-del-carmen-rescata-1-1024x682.jpg 1024w, https:\/\/l21.mx\/wp-content\/uploads\/2025\/06\/playa-del-carmen-rescata-1-768x512.jpg 768w, https:\/\/l21.mx\/wp-content\/uploads\/2025\/06\/playa-del-carmen-rescata-1-1536x1023.jpg 1536w, https:\/\/l21.mx\/wp-content\/uploads\/2025\/06\/playa-del-carmen-rescata-1-1170x780.jpg 1170w, https:\/\/l21.mx\/wp-content\/uploads\/2025\/06\/playa-del-carmen-rescata-1-585x390.jpg 585w, https:\/\/l21.mx\/wp-content\/uploads\/2025\/06\/playa-del-carmen-rescata-1-263x175.jpg 263w, https:\/\/l21.mx\/wp-content\/uploads\/2025\/06\/playa-del-carmen-rescata-1.jpg 1600w\" sizes=\"(max-width: 300px) 100vw, 300px\" \/><\/a><\/div>\n<div>Este rescate representa el tercer operativo exitoso en el que el helic\u00f3ptero Albatros ha sido clave, confirmando que su incorporaci\u00f3n a la estrategia de seguridad y protecci\u00f3n civil ha sido una decisi\u00f3n acertada por parte del gobierno municipal, con un enfoque claro en la protecci\u00f3n de la vida y el bienestar de la ciudadan\u00eda.<\/div>\n<div><\/div>\n<div>Con acciones concretas y tecnolog\u00eda al servicio de la gente, el Gobierno de Estefan\u00eda Mercado reafirma su compromiso de cuidar a quienes viven y visitan Playa del Carmen.<\/div>\n","protected":false},"excerpt":{"rendered":"<p>Playa del Carmen, Quintana Roo, 5 de junio de 2025.\u2014 Gracias a la visi\u00f3n humanista del&hellip;<\/p>\n","protected":false},"author":100,"featured_media":87341,"comment_status":"closed","ping_status":"closed","sticky":false,"template":"","format":"standard","meta":{"_acf_changed":false,"_lmt_disableupdate":"","_lmt_disable":"","_mbp_gutenberg_autopost":false,"footnotes":""},"categories":[1654],"tags":[1804,241],"class_list":["post-87339","post","type-post","status-publish","format-standard","has-post-thumbnail","hentry","category-solidaridad","tag-estefania-mercado","tag-playa-del-carmen"],"acf":[],"_links":{"self":[{"href":"https:\/\/l21.mx\/index.php?rest_route=\/wp\/v2\/posts\/87339","targetHints":{"allow":["GET"]}}],"collection":[{"href":"https:\/\/l21.mx\/index.php?rest_route=\/wp\/v2\/posts"}],"about":[{"href":"https:\/\/l21.mx\/index.php?rest_route=\/wp\/v2\/types\/post"}],"author":[{"embeddable":true,"href":"https:\/\/l21.mx\/index.php?rest_route=\/wp\/v2\/users\/100"}],"replies":[{"embeddable":true,"href":"https:\/\/l21.mx\/index.php?rest_route=%2Fwp%2Fv2%2Fcomments&post=87339"}],"version-history":[{"count":0,"href":"https:\/\/l21.mx\/index.php?rest_route=\/wp\/v2\/posts\/87339\/revisions"}],"wp:featuredmedia":[{"embeddable":true,"href":"https:\/\/l21.mx\/index.php?rest_route=\/wp\/v2\/media\/87341"}],"wp:attachment":[{"href":"https:\/\/l21.mx\/index.php?rest_route=%2Fwp%2Fv2%2Fmedia&parent=87339"}],"wp:term":[{"taxonomy":"category","embeddable":true,"href":"https:\/\/l21.mx\/index.php?rest_route=%2Fwp%2Fv2%2Fcategories&post=87339"},{"taxonomy":"post_tag","embeddable":true,"href":"https:\/\/l21.mx\/index.php?rest_route=%2Fwp%2Fv2%2Ftags&post=87339"}],"curies":[{"name":"wp","href":"https:\/\/api.w.org\/{rel}","templated":true}]}}