{"id":87537,"date":"2025-06-17T11:38:40","date_gmt":"2025-06-17T16:38:40","guid":{"rendered":"https:\/\/l21.mx\/?p=87537"},"modified":"2025-06-18T11:40:55","modified_gmt":"2025-06-18T16:40:55","slug":"reafirma-gobierno-de-estefania-mercado-compromiso-con-la-transparencia-playa-del-carmen-se-suma-a-la-jornada-de-capacitacion-a-autoridades-estatales-y-municipales","status":"publish","type":"post","link":"https:\/\/l21.mx\/?p=87537","title":{"rendered":"Reafirma Gobierno de Estefan\u00eda Mercado compromiso con la transparencia; Playa del Carmen se suma a la jornada de capacitaci\u00f3n a autoridades estatales y municipales"},"content":{"rendered":"<div><\/div>\n<div>Puerto Morelos, Quintana Roo, 17 de junio de 2025. \u2014 Con el objetivo de fortalecer la transparencia, la rendici\u00f3n de cuentas y la gesti\u00f3n responsable de los recursos p\u00fablicos, el gobierno municipal de Playa del Carmen, encabezado por la presidenta Estefan\u00eda Mercado, se sum\u00f3 a la Jornada de Capacitaci\u00f3n a Personas Servidoras P\u00fablicas Estatales y Municipales, que puso en marcha la gobernadora Mara Lezama y el titular de la Auditor\u00eda Superior de la Federaci\u00f3n (ASF), David Rogelio Colmenares P\u00e1ramo.<\/div>\n<div><a href=\"https:\/\/l21.mx\/wp-content\/uploads\/2025\/06\/estefania-mercado-1.jpeg\" data-rel=\"penci-gallery-image-content\" ><img fetchpriority=\"high\" decoding=\"async\" class=\"alignnone size-medium wp-image-87539\" src=\"https:\/\/l21.mx\/wp-content\/uploads\/2025\/06\/estefania-mercado-1-300x200.jpeg\" alt=\"\" width=\"300\" height=\"200\" srcset=\"https:\/\/l21.mx\/wp-content\/uploads\/2025\/06\/estefania-mercado-1-300x200.jpeg 300w, https:\/\/l21.mx\/wp-content\/uploads\/2025\/06\/estefania-mercado-1-1024x682.jpeg 1024w, https:\/\/l21.mx\/wp-content\/uploads\/2025\/06\/estefania-mercado-1-768x512.jpeg 768w, https:\/\/l21.mx\/wp-content\/uploads\/2025\/06\/estefania-mercado-1-1536x1023.jpeg 1536w, https:\/\/l21.mx\/wp-content\/uploads\/2025\/06\/estefania-mercado-1-1170x780.jpeg 1170w, https:\/\/l21.mx\/wp-content\/uploads\/2025\/06\/estefania-mercado-1-585x390.jpeg 585w, https:\/\/l21.mx\/wp-content\/uploads\/2025\/06\/estefania-mercado-1-263x175.jpeg 263w, https:\/\/l21.mx\/wp-content\/uploads\/2025\/06\/estefania-mercado-1.jpeg 1600w\" sizes=\"(max-width: 300px) 100vw, 300px\" \/><\/a><\/div>\n<div><\/div>\n<div>El Gobierno del Estado, alineado con la visi\u00f3n del Gobierno de M\u00e9xico que encabeza la presidenta Claudia Sheinbaum Pardo, impulsa un modelo de administraci\u00f3n m\u00e1s justo, eficiente y transparente, dijo la gobernadora. \u201cAqu\u00ed nadie se rinde, nadie se queda fuera, nadie se queda atr\u00e1s\u201d.<\/div>\n<div><\/div>\n<div>Mara Lezama enfatiz\u00f3 que la rendici\u00f3n de cuentas va m\u00e1s all\u00e1 de una obligaci\u00f3n legal; es un acto de respeto y justicia social:<\/div>\n<div><\/div>\n<div>\u201cLos recursos p\u00fablicos no pertenecen al gobierno en turno, le pertenecen al pueblo. Y es nuestra responsabilidad administrarlos con transparencia, eficiencia y absoluta honestidad\u201d, se\u00f1al\u00f3.<\/div>\n<div><\/div>\n<div>Reconoci\u00f3 el respaldo constante del Auditor Superior y destac\u00f3 el compromiso de los 11 municipios para rendir cuentas y trabajar en equipo.<\/div>\n<div><\/div>\n<div>Entre las y los participantes, destac\u00f3 la asistencia de la presidenta municipal de Playa del Carmen, Estefan\u00eda Mercado, acompa\u00f1ada por el tesorero municipal, Javier Regalado, y la titular del \u00d3rgano Interno de Control, Cristina Alc\u00e9rreca.<\/div>\n<div><\/div>\n<div>La Alcaldesa subray\u00f3 que \u201cla transparencia y la rendici\u00f3n de cuentas son ejes centrales para construir un gobierno sensible, cercano a la gente y con cero tolerancia a la corrupci\u00f3n\u201d.<\/div>\n<div><\/div>\n<div>La jornada tuvo como prop\u00f3sito capacitar t\u00e9cnicamente a servidores p\u00fablicos en temas clave como la fiscalizaci\u00f3n del gasto federalizado, el seguimiento de observaciones, responsabilidades administrativas y control del ejercicio de los recursos p\u00fablicos, aline\u00e1ndose al Nuevo Acuerdo por el Bienestar y Desarrollo de Quintana Roo y al Programa Anual de Auditor\u00edas para la Fiscalizaci\u00f3n Superior de la Cuenta P\u00fablica 2024.<\/div>\n<div><\/div>\n<div>El impulso a la fiscalizaci\u00f3n y al control interno en la actual administraci\u00f3n ha llevado a Quintana Roo a posicionarse entre los tres estados del pa\u00eds con mayor transparencia financiera, de acuerdon con el \u00faltimo reporte de la ASF.<\/div>\n<div><\/div>\n<div>En este sentido,\u00a0 Colmenares P\u00e1ramo expres\u00f3 su reconocimiento a la gobernadora Mara Lezama, destacando los avances logrados en materia de fortalecimiento institucional, transparencia, integridad p\u00fablica y colaboraci\u00f3n interinstitucional.<\/div>\n<div><\/div>\n<div>En su mensaje, tambi\u00e9n destac\u00f3 la s\u00f3lida participaci\u00f3n de presidentas y presidentes municipales, as\u00ed como del Poder Judicial y el Poder Legislativo del estado, subrayando el trabajo coordinado y el compromiso de los tres \u00f3rdenes de gobierno para consolidar una gesti\u00f3n p\u00fablica eficiente y \u00e9tica.<\/div>\n<div><\/div>\n<div>\u2060\u201cMe siento muy contento de ver la participaci\u00f3n activa de los gobiernos municipales, del Congreso del Estado y del Tribunal Superior de Justicia\u201d, expres\u00f3 el Auditor Superior.<\/div>\n<div><\/div>\n<div>En tanto, la titular de la Secretar\u00eda Anticorrupci\u00f3n y Buen Gobierno, Reyna Arceo Rosado, se\u00f1al\u00f3 que \u201cla lucha contra la corrupci\u00f3n no comienza con la sanci\u00f3n, sino con la prevenci\u00f3n, la capacitaci\u00f3n y la convicci\u00f3n de que se puede hacer un servicio p\u00fablico honesto\u201d.<\/div>\n<div><\/div>\n<div>La jornada culmin\u00f3 con un firme llamado a seguir fortaleciendo las capacidades institucionales de quienes integran el servicio p\u00fablico en Quintana Roo, con el objetivo de consolidar un gobierno que rinda cuentas claras, combata la corrupci\u00f3n y transforme vidas.<\/div>\n","protected":false},"excerpt":{"rendered":"<p>Puerto Morelos, Quintana Roo, 17 de junio de 2025. \u2014 Con el objetivo de fortalecer la&hellip;<\/p>\n","protected":false},"author":100,"featured_media":87538,"comment_status":"closed","ping_status":"closed","sticky":false,"template":"","format":"standard","meta":{"_acf_changed":false,"_lmt_disableupdate":"","_lmt_disable":"","_mbp_gutenberg_autopost":false,"footnotes":""},"categories":[1654],"tags":[241],"class_list":["post-87537","post","type-post","status-publish","format-standard","has-post-thumbnail","hentry","category-solidaridad","tag-playa-del-carmen"],"acf":[],"_links":{"self":[{"href":"https:\/\/l21.mx\/index.php?rest_route=\/wp\/v2\/posts\/87537","targetHints":{"allow":["GET"]}}],"collection":[{"href":"https:\/\/l21.mx\/index.php?rest_route=\/wp\/v2\/posts"}],"about":[{"href":"https:\/\/l21.mx\/index.php?rest_route=\/wp\/v2\/types\/post"}],"author":[{"embeddable":true,"href":"https:\/\/l21.mx\/index.php?rest_route=\/wp\/v2\/users\/100"}],"replies":[{"embeddable":true,"href":"https:\/\/l21.mx\/index.php?rest_route=%2Fwp%2Fv2%2Fcomments&post=87537"}],"version-history":[{"count":0,"href":"https:\/\/l21.mx\/index.php?rest_route=\/wp\/v2\/posts\/87537\/revisions"}],"wp:featuredmedia":[{"embeddable":true,"href":"https:\/\/l21.mx\/index.php?rest_route=\/wp\/v2\/media\/87538"}],"wp:attachment":[{"href":"https:\/\/l21.mx\/index.php?rest_route=%2Fwp%2Fv2%2Fmedia&parent=87537"}],"wp:term":[{"taxonomy":"category","embeddable":true,"href":"https:\/\/l21.mx\/index.php?rest_route=%2Fwp%2Fv2%2Fcategories&post=87537"},{"taxonomy":"post_tag","embeddable":true,"href":"https:\/\/l21.mx\/index.php?rest_route=%2Fwp%2Fv2%2Ftags&post=87537"}],"curies":[{"name":"wp","href":"https:\/\/api.w.org\/{rel}","templated":true}]}}