{"id":878,"date":"2012-12-04T19:21:05","date_gmt":"2012-12-05T01:21:05","guid":{"rendered":"http:\/\/innovatori.space\/lat21\/?p=878"},"modified":"2012-12-07T12:34:03","modified_gmt":"2012-12-07T18:34:03","slug":"boca-negra-%e2%86%93%e2%86%93","status":"publish","type":"post","link":"https:\/\/l21.mx\/?p=878","title":{"rendered":"BOCA NEGRA  \u2193\u2193"},"content":{"rendered":"<p><a href=\"http:\/\/l21.mx\/wp-content\/uploads\/2012\/12\/BOCANEGRA-latitud21-dic.jpg\" data-rel=\"penci-gallery-image-content\" ><img fetchpriority=\"high\" decoding=\"async\" class=\"alignleft size-full wp-image-880\" title=\"BOCANEGRA latitud21 dic\" src=\"http:\/\/l21.mx\/wp-content\/uploads\/2012\/12\/BOCANEGRA-latitud21-dic.jpg\" alt=\"\" width=\"800\" height=\"531\" srcset=\"https:\/\/l21.mx\/wp-content\/uploads\/2012\/12\/BOCANEGRA-latitud21-dic.jpg 800w, https:\/\/l21.mx\/wp-content\/uploads\/2012\/12\/BOCANEGRA-latitud21-dic-300x199.jpg 300w, https:\/\/l21.mx\/wp-content\/uploads\/2012\/12\/BOCANEGRA-latitud21-dic-128x85.jpg 128w, https:\/\/l21.mx\/wp-content\/uploads\/2012\/12\/BOCANEGRA-latitud21-dic-600x398.jpg 600w, https:\/\/l21.mx\/wp-content\/uploads\/2012\/12\/BOCANEGRA-latitud21-dic-167x110.jpg 167w, https:\/\/l21.mx\/wp-content\/uploads\/2012\/12\/BOCANEGRA-latitud21-dic-80x53.jpg 80w\" sizes=\"(max-width: 800px) 100vw, 800px\" \/><\/a>Este <strong>restaurante de cocina internacional<\/strong> que abri\u00f3 a principios de a\u00f1o cerr\u00f3 operaciones. Propiedad de un grupo de socios entre quienes se cuenta a Fernando \u00c1lvarez y Alan Casas. Se ubicaba en <strong>Plaza Atrium<\/strong>.<\/p>\n<div>[editor]sube-y-baja[\/editor]<\/div>\n","protected":false},"excerpt":{"rendered":"<p>Este restaurante de cocina internacional que abri\u00f3 a principios de a\u00f1o cerr\u00f3 operaciones. Propiedad de un&hellip;<\/p>\n","protected":false},"author":2,"featured_media":880,"comment_status":"open","ping_status":"open","sticky":false,"template":"","format":"standard","meta":{"_acf_changed":false,"_lmt_disableupdate":"","_lmt_disable":"","_mbp_gutenberg_autopost":false,"footnotes":""},"categories":[10],"tags":[],"class_list":["post-878","post","type-post","status-publish","format-standard","has-post-thumbnail","hentry","category-sube-y-baja"],"acf":[],"_links":{"self":[{"href":"https:\/\/l21.mx\/index.php?rest_route=\/wp\/v2\/posts\/878","targetHints":{"allow":["GET"]}}],"collection":[{"href":"https:\/\/l21.mx\/index.php?rest_route=\/wp\/v2\/posts"}],"about":[{"href":"https:\/\/l21.mx\/index.php?rest_route=\/wp\/v2\/types\/post"}],"author":[{"embeddable":true,"href":"https:\/\/l21.mx\/index.php?rest_route=\/wp\/v2\/users\/2"}],"replies":[{"embeddable":true,"href":"https:\/\/l21.mx\/index.php?rest_route=%2Fwp%2Fv2%2Fcomments&post=878"}],"version-history":[{"count":0,"href":"https:\/\/l21.mx\/index.php?rest_route=\/wp\/v2\/posts\/878\/revisions"}],"wp:featuredmedia":[{"embeddable":true,"href":"https:\/\/l21.mx\/index.php?rest_route=\/wp\/v2\/media\/880"}],"wp:attachment":[{"href":"https:\/\/l21.mx\/index.php?rest_route=%2Fwp%2Fv2%2Fmedia&parent=878"}],"wp:term":[{"taxonomy":"category","embeddable":true,"href":"https:\/\/l21.mx\/index.php?rest_route=%2Fwp%2Fv2%2Fcategories&post=878"},{"taxonomy":"post_tag","embeddable":true,"href":"https:\/\/l21.mx\/index.php?rest_route=%2Fwp%2Fv2%2Ftags&post=878"}],"curies":[{"name":"wp","href":"https:\/\/api.w.org\/{rel}","templated":true}]}}