{"id":87840,"date":"2025-07-02T08:55:49","date_gmt":"2025-07-02T13:55:49","guid":{"rendered":"https:\/\/l21.mx\/?p=87840"},"modified":"2025-07-02T08:55:49","modified_gmt":"2025-07-02T13:55:49","slug":"impulsan-diversificacion-turistica-en-cancun","status":"publish","type":"post","link":"https:\/\/l21.mx\/?p=87840","title":{"rendered":"Impulsan diversificaci\u00f3n tur\u00edstica en Canc\u00fan"},"content":{"rendered":"<p>&nbsp;<\/p>\n<p><span style=\"font-weight: 400;\"><br \/>\n<\/span><span style=\"font-weight: 400;\">Se suma Ana Paty Peralta al festival \u201cTaste of Nizuc: Entre fuegos\u201d<\/span><span style=\"font-weight: 400;\"><br \/>\n<\/span><span style=\"font-weight: 400;\"><br \/>\n<\/span><span style=\"font-weight: 400;\">Canc\u00fan, Q. Roo.- En una iniciativa por consolidar a Canc\u00fan como un destino tur\u00edstico de clase mundial m\u00e1s all\u00e1 del sol y la playa, la Presidenta Municipal, Ana Paty Peralta, se sum\u00f3 a la inauguraci\u00f3n del festival gastron\u00f3mico \u201cTaste of Nizuc: Entre Fuegos\u201d, una experiencia culinaria que rinde homenaje a la riqueza de la cocina oaxaque\u00f1a en uno de los escenarios m\u00e1s exclusivos del Caribe mexicano.<\/span><span style=\"font-weight: 400;\"><br \/>\n<\/span><span style=\"font-weight: 400;\">En el restaurante Ramona del hotel NIZUC Resort &amp; Spa, la alcaldesa destac\u00f3 la importancia de diversificar la oferta tur\u00edstica de Canc\u00fan a trav\u00e9s de la gastronom\u00eda, una expresi\u00f3n cultural que despierta memorias, emociones y refleja el alma de nuestro pa\u00eds, por lo que agradeci\u00f3 al equipo de Grupo Brisas y a los chefs participantes por hacer de este evento una muestra de excelencia y vocaci\u00f3n de servicio.<\/span><span style=\"font-weight: 400;\"><br \/>\n<\/span><span style=\"font-weight: 400;\">\u201cQue hoy estemos celebrando la creaci\u00f3n de una cena con tanto significado es muy relevante para nuestra ciudad, al ser Canc\u00fan un destino tur\u00edstico reconocido mundialmente tenemos que continuar apostando por nuevas atracciones como esta\u201d, afirm\u00f3.<\/span><\/p>\n","protected":false},"excerpt":{"rendered":"<p>&nbsp; Se suma Ana Paty Peralta al festival \u201cTaste of Nizuc: Entre fuegos\u201d Canc\u00fan, Q. Roo.-&hellip;<\/p>\n","protected":false},"author":100,"featured_media":87841,"comment_status":"closed","ping_status":"closed","sticky":false,"template":"","format":"standard","meta":{"_acf_changed":false,"_lmt_disableupdate":"","_lmt_disable":"","_mbp_gutenberg_autopost":false,"footnotes":""},"categories":[1657,1655],"tags":[48,777],"class_list":["post-87840","post","type-post","status-publish","format-standard","has-post-thumbnail","hentry","category-benito-juarez","category-cancun","tag-cancun","tag-nizuc"],"acf":[],"_links":{"self":[{"href":"https:\/\/l21.mx\/index.php?rest_route=\/wp\/v2\/posts\/87840","targetHints":{"allow":["GET"]}}],"collection":[{"href":"https:\/\/l21.mx\/index.php?rest_route=\/wp\/v2\/posts"}],"about":[{"href":"https:\/\/l21.mx\/index.php?rest_route=\/wp\/v2\/types\/post"}],"author":[{"embeddable":true,"href":"https:\/\/l21.mx\/index.php?rest_route=\/wp\/v2\/users\/100"}],"replies":[{"embeddable":true,"href":"https:\/\/l21.mx\/index.php?rest_route=%2Fwp%2Fv2%2Fcomments&post=87840"}],"version-history":[{"count":0,"href":"https:\/\/l21.mx\/index.php?rest_route=\/wp\/v2\/posts\/87840\/revisions"}],"wp:featuredmedia":[{"embeddable":true,"href":"https:\/\/l21.mx\/index.php?rest_route=\/wp\/v2\/media\/87841"}],"wp:attachment":[{"href":"https:\/\/l21.mx\/index.php?rest_route=%2Fwp%2Fv2%2Fmedia&parent=87840"}],"wp:term":[{"taxonomy":"category","embeddable":true,"href":"https:\/\/l21.mx\/index.php?rest_route=%2Fwp%2Fv2%2Fcategories&post=87840"},{"taxonomy":"post_tag","embeddable":true,"href":"https:\/\/l21.mx\/index.php?rest_route=%2Fwp%2Fv2%2Ftags&post=87840"}],"curies":[{"name":"wp","href":"https:\/\/api.w.org\/{rel}","templated":true}]}}