{"id":87851,"date":"2025-07-02T09:00:29","date_gmt":"2025-07-02T14:00:29","guid":{"rendered":"https:\/\/l21.mx\/?p=87851"},"modified":"2025-07-02T09:00:29","modified_gmt":"2025-07-02T14:00:29","slug":"voluntariado-que-deja-huella","status":"publish","type":"post","link":"https:\/\/l21.mx\/?p=87851","title":{"rendered":"Voluntariado que deja huella"},"content":{"rendered":"<p>&nbsp;<\/p>\n<p>&nbsp;<\/p>\n<p><span style=\"font-weight: 400;\">Minor Hotels Europe &amp; Americas refuerza su compromiso social a trav\u00e9s del programa Together With Love y la Feria Circular\u00a0<\/span><\/p>\n<p><a href=\"https:\/\/l21.mx\/wp-content\/uploads\/2025\/07\/feria-circular-1-scaled.jpg\" data-rel=\"penci-gallery-image-content\" ><img fetchpriority=\"high\" decoding=\"async\" class=\"alignnone size-medium wp-image-87852\" src=\"https:\/\/l21.mx\/wp-content\/uploads\/2025\/07\/feria-circular-1-169x300.jpg\" alt=\"\" width=\"169\" height=\"300\" srcset=\"https:\/\/l21.mx\/wp-content\/uploads\/2025\/07\/feria-circular-1-169x300.jpg 169w, https:\/\/l21.mx\/wp-content\/uploads\/2025\/07\/feria-circular-1-576x1024.jpg 576w, https:\/\/l21.mx\/wp-content\/uploads\/2025\/07\/feria-circular-1-768x1366.jpg 768w, https:\/\/l21.mx\/wp-content\/uploads\/2025\/07\/feria-circular-1-864x1536.jpg 864w, https:\/\/l21.mx\/wp-content\/uploads\/2025\/07\/feria-circular-1-1152x2048.jpg 1152w, https:\/\/l21.mx\/wp-content\/uploads\/2025\/07\/feria-circular-1-1170x2080.jpg 1170w, https:\/\/l21.mx\/wp-content\/uploads\/2025\/07\/feria-circular-1-585x1040.jpg 585w, https:\/\/l21.mx\/wp-content\/uploads\/2025\/07\/feria-circular-1-scaled.jpg 1440w\" sizes=\"(max-width: 169px) 100vw, 169px\" \/><\/a><\/p>\n<p><span style=\"font-weight: 400;\">Como parte de su estrategia de sostenibilidad y vinculaci\u00f3n comunitaria, Minor Hotels Europe &amp; Americas celebr\u00f3 recientemente la Feria Circular en M\u00e9xico, Colombia, Argentina y Chile. Esta acci\u00f3n forma parte del programa de voluntariado corporativo Together With Love, el cual promueve el consumo responsable, la econom\u00eda circular y la solidaridad entre colaboradores y comunidades.<\/span><\/p>\n<p><span style=\"font-weight: 400;\">Durante dos semanas, m\u00e1s de 890 colaboradores participaron activamente donando ropa y accesorios en excelente estado, mismos que fueron intercambiados por alimentos no perecederos destinados a fundaciones aliadas. El evento tambi\u00e9n cont\u00f3 con la colaboraci\u00f3n de dise\u00f1adores como Liz Campos (M\u00e9xico), Ver\u00f3nica de la Canal (Argentina) y Juliana Hern\u00e1ndez (Colombia), quienes intervinieron creativamente algunas prendas para darles una segunda vida y promover el dise\u00f1o sustentable.<\/span><\/p>\n<p><span style=\"font-weight: 400;\">La iniciativa no s\u00f3lo permiti\u00f3 recolectar m\u00e1s de 2,500 art\u00edculos, sino tambi\u00e9n generar conciencia sobre el poder del consumo consciente dentro y fuera de la organizaci\u00f3n. \u201cA trav\u00e9s de la Feria Circular, buscamos inspirar a nuestros equipos a ser agentes de cambio\u201d, expres\u00f3 Carla Amado, directora de Operaciones y PMO Am\u00e9rica de Minor Hotels. \u201cEsta acci\u00f3n nos permite promover h\u00e1bitos m\u00e1s sustentables dentro de nuestra organizaci\u00f3n, al tiempo que fortalecemos el v\u00ednculo con nuestras comunidades locales\u201d, a\u00f1adi\u00f3.<\/span><\/p>\n<p><a href=\"https:\/\/l21.mx\/wp-content\/uploads\/2025\/07\/feria-circular-2.jpg\" data-rel=\"penci-gallery-image-content\" ><img decoding=\"async\" class=\"alignnone size-medium wp-image-87853\" src=\"https:\/\/l21.mx\/wp-content\/uploads\/2025\/07\/feria-circular-2-300x169.jpg\" alt=\"\" width=\"300\" height=\"169\" srcset=\"https:\/\/l21.mx\/wp-content\/uploads\/2025\/07\/feria-circular-2-300x169.jpg 300w, https:\/\/l21.mx\/wp-content\/uploads\/2025\/07\/feria-circular-2-1024x576.jpg 1024w, https:\/\/l21.mx\/wp-content\/uploads\/2025\/07\/feria-circular-2-768x432.jpg 768w, https:\/\/l21.mx\/wp-content\/uploads\/2025\/07\/feria-circular-2-1170x663.jpg 1170w, https:\/\/l21.mx\/wp-content\/uploads\/2025\/07\/feria-circular-2-585x329.jpg 585w, https:\/\/l21.mx\/wp-content\/uploads\/2025\/07\/feria-circular-2.jpg 1500w\" sizes=\"(max-width: 300px) 100vw, 300px\" \/><\/a><\/p>\n<p><b>Sostenibilidad, clave<\/b><\/p>\n<p>&nbsp;<\/p>\n<p><span style=\"font-weight: 400;\">La sostenibilidad es un pilar estrat\u00e9gico para Minor Hotels y se concreta en acciones como esta, as\u00ed como en sus programas globales UP FOR PLANET y UP FOR PEOPLE, dise\u00f1ados para impulsar el impacto ambiental positivo y el desarrollo humano dentro de la organizaci\u00f3n y sus destinos tur\u00edsticos.<\/span><\/p>\n<p><span style=\"font-weight: 400;\">Con m\u00e1s de 560 hoteles en 57 pa\u00edses, Minor Hotels contin\u00faa desarrollando modelos de acci\u00f3n social que generan valor compartido, especialmente en Am\u00e9rica Latina, una regi\u00f3n clave para sus operaciones y su crecimiento.<\/span><\/p>\n<p>&nbsp;<\/p>\n<p><a href=\"https:\/\/l21.mx\/wp-content\/uploads\/2025\/07\/feria-circular-4.jpg\" data-rel=\"penci-gallery-image-content\" ><img decoding=\"async\" class=\"alignnone size-medium wp-image-87855\" src=\"https:\/\/l21.mx\/wp-content\/uploads\/2025\/07\/feria-circular-4-300x169.jpg\" alt=\"\" width=\"300\" height=\"169\" srcset=\"https:\/\/l21.mx\/wp-content\/uploads\/2025\/07\/feria-circular-4-300x169.jpg 300w, https:\/\/l21.mx\/wp-content\/uploads\/2025\/07\/feria-circular-4-1024x576.jpg 1024w, https:\/\/l21.mx\/wp-content\/uploads\/2025\/07\/feria-circular-4-768x432.jpg 768w, https:\/\/l21.mx\/wp-content\/uploads\/2025\/07\/feria-circular-4-1170x663.jpg 1170w, https:\/\/l21.mx\/wp-content\/uploads\/2025\/07\/feria-circular-4-585x329.jpg 585w, https:\/\/l21.mx\/wp-content\/uploads\/2025\/07\/feria-circular-4.jpg 1500w\" sizes=\"(max-width: 300px) 100vw, 300px\" \/><\/a><\/p>\n<p>&nbsp;<\/p>\n<p><span style=\"font-weight: 400;\">Compromiso que transforma<\/span><\/p>\n<p><span style=\"font-weight: 400;\">\u00a0+2,500 prendas y accesorios recolectados<\/span><\/p>\n<p>&nbsp;<\/p>\n<p><span style=\"font-weight: 400;\">\u00a0+110 voluntarios participaron en la organizaci\u00f3n<\/span><\/p>\n<p>&nbsp;<\/p>\n<p><span style=\"font-weight: 400;\">\u00a0+890 colaboradores activos en la iniciativa<\/span><\/p>\n<p>&nbsp;<\/p>\n<p><span style=\"font-weight: 400;\">\u00a0+3,500 alimentos no perecederos donados<\/span><\/p>\n<p>&nbsp;<\/p>\n","protected":false},"excerpt":{"rendered":"<p>&nbsp; &nbsp; Minor Hotels Europe &amp; Americas refuerza su compromiso social a trav\u00e9s del programa Together&hellip;<\/p>\n","protected":false},"author":100,"featured_media":87854,"comment_status":"closed","ping_status":"closed","sticky":false,"template":"","format":"standard","meta":{"_acf_changed":false,"_lmt_disableupdate":"","_lmt_disable":"","_mbp_gutenberg_autopost":false,"footnotes":""},"categories":[35],"tags":[1890,1889],"class_list":["post-87851","post","type-post","status-publish","format-standard","has-post-thumbnail","hentry","category-responsabilidad-social","tag-feria-circular","tag-voluntariado"],"acf":[],"_links":{"self":[{"href":"https:\/\/l21.mx\/index.php?rest_route=\/wp\/v2\/posts\/87851","targetHints":{"allow":["GET"]}}],"collection":[{"href":"https:\/\/l21.mx\/index.php?rest_route=\/wp\/v2\/posts"}],"about":[{"href":"https:\/\/l21.mx\/index.php?rest_route=\/wp\/v2\/types\/post"}],"author":[{"embeddable":true,"href":"https:\/\/l21.mx\/index.php?rest_route=\/wp\/v2\/users\/100"}],"replies":[{"embeddable":true,"href":"https:\/\/l21.mx\/index.php?rest_route=%2Fwp%2Fv2%2Fcomments&post=87851"}],"version-history":[{"count":0,"href":"https:\/\/l21.mx\/index.php?rest_route=\/wp\/v2\/posts\/87851\/revisions"}],"wp:featuredmedia":[{"embeddable":true,"href":"https:\/\/l21.mx\/index.php?rest_route=\/wp\/v2\/media\/87854"}],"wp:attachment":[{"href":"https:\/\/l21.mx\/index.php?rest_route=%2Fwp%2Fv2%2Fmedia&parent=87851"}],"wp:term":[{"taxonomy":"category","embeddable":true,"href":"https:\/\/l21.mx\/index.php?rest_route=%2Fwp%2Fv2%2Fcategories&post=87851"},{"taxonomy":"post_tag","embeddable":true,"href":"https:\/\/l21.mx\/index.php?rest_route=%2Fwp%2Fv2%2Ftags&post=87851"}],"curies":[{"name":"wp","href":"https:\/\/api.w.org\/{rel}","templated":true}]}}