{"id":87903,"date":"2025-06-27T09:38:40","date_gmt":"2025-06-27T14:38:40","guid":{"rendered":"https:\/\/l21.mx\/?p=87903"},"modified":"2025-07-02T09:40:38","modified_gmt":"2025-07-02T14:40:38","slug":"gobierno-de-estefania-mercado-impulsa-el-arte-y-la-moda-como-engranaje-de-desarrollo-turistico-y-cultural","status":"publish","type":"post","link":"https:\/\/l21.mx\/?p=87903","title":{"rendered":"Gobierno de Estefan\u00eda Mercado impulsa el arte y la moda como engranaje de desarrollo tur\u00edstico y cultural"},"content":{"rendered":"<div><\/div>\n<div><\/div>\n<div>Playa del Carmen, Quintana Roo, 27 de junio de 2025.\u2013 En el coraz\u00f3n de Playa del Carmen, uno de los destinos tur\u00edsticos m\u00e1s importantes a nivel mundial, inici\u00f3 con gran \u00e9xito el Playa Art &amp; Fashion Fest (PAFF) 2025, un evento que marca un antes y un despu\u00e9s en la proyecci\u00f3n cultural y creativa del municipio.<\/div>\n<div><\/div>\n<div><a href=\"https:\/\/l21.mx\/wp-content\/uploads\/2025\/07\/playa-del-carmen-2.jpeg\" data-rel=\"penci-gallery-image-content\" ><img fetchpriority=\"high\" decoding=\"async\" class=\"alignnone size-medium wp-image-87905\" src=\"https:\/\/l21.mx\/wp-content\/uploads\/2025\/07\/playa-del-carmen-2-300x200.jpeg\" alt=\"\" width=\"300\" height=\"200\" srcset=\"https:\/\/l21.mx\/wp-content\/uploads\/2025\/07\/playa-del-carmen-2-300x200.jpeg 300w, https:\/\/l21.mx\/wp-content\/uploads\/2025\/07\/playa-del-carmen-2-1024x682.jpeg 1024w, https:\/\/l21.mx\/wp-content\/uploads\/2025\/07\/playa-del-carmen-2-768x512.jpeg 768w, https:\/\/l21.mx\/wp-content\/uploads\/2025\/07\/playa-del-carmen-2-1536x1023.jpeg 1536w, https:\/\/l21.mx\/wp-content\/uploads\/2025\/07\/playa-del-carmen-2-1170x780.jpeg 1170w, https:\/\/l21.mx\/wp-content\/uploads\/2025\/07\/playa-del-carmen-2-585x390.jpeg 585w, https:\/\/l21.mx\/wp-content\/uploads\/2025\/07\/playa-del-carmen-2-263x175.jpeg 263w, https:\/\/l21.mx\/wp-content\/uploads\/2025\/07\/playa-del-carmen-2.jpeg 1600w\" sizes=\"(max-width: 300px) 100vw, 300px\" \/><\/a><\/div>\n<div>Organizado con el respaldo del gobierno municipal, que encabeza la presidenta Estefan\u00eda Mercado, el PAFF 2025 representa una oportunidad estrat\u00e9gica para posicionar a Playa del Carmen como un referente internacional de turismo cultural, moda y arte contempor\u00e1neo.<\/div>\n<div><\/div>\n<div>Con una poblaci\u00f3n beneficiaria estimada en 333,800 habitantes, Playa del Carmen lidera en infraestructura tur\u00edstica con m\u00e1s de 46 mil cuartos hoteleros y una afluencia anual superior a los 6 millones de visitantes.<\/div>\n<div><\/div>\n<div>\u201cEl turismo es la principal actividad econ\u00f3mica de nuestro municipio, pero necesitamos evolucionar como destino maduro. Con eventos como el PAFF 2025 promovemos la renovaci\u00f3n, la identidad y la diversificaci\u00f3n de nuestras experiencias tur\u00edsticas, impulsando a la vez la econom\u00eda creativa y el talento local\u201d, afirm\u00f3 Estefan\u00eda Hern\u00e1ndez, secretaria de Turismo municipal.<\/div>\n<div><\/div>\n<div>Uno de los momentos m\u00e1s emblem\u00e1ticos del festival fue el desfile de modas, que no solo exhibi\u00f3 el talento de dise\u00f1adores emergentes y consolidados, sino que impregn\u00f3 la marca Playa del Carmen con una visi\u00f3n aut\u00e9ntica y vibrante de su identidad cultural. Cada prenda, cada dise\u00f1o, llev\u00f3 consigo los colores, texturas y expresiones que reflejan el esp\u00edritu de una ciudad abierta al mundo pero profundamente arraigada en su patrimonio.<\/div>\n<div><\/div>\n<div>El festival no solo fortalece la identidad cultural del municipio, sino que promueve la derrama econ\u00f3mica, la atracci\u00f3n de nuevas inversiones y la consolidaci\u00f3n de la marca Playa del Carmen como un destino innovador y sofisticado.<\/div>\n<div><\/div>\n<div>En ese sentido, el gobierno municipal que encabeza Estefan\u00eda Mercado impulsa una pol\u00edtica de desarrollo con visi\u00f3n integral, en la que el arte, la moda y la cultura act\u00faan como catalizadores de transformaci\u00f3n social. \u201cLa creatividad es tambi\u00e9n una forma de justicia social: democratiza oportunidades, reconoce talentos y visibiliza nuestras ra\u00edces\u201d, sostiene la administraci\u00f3n.<\/div>\n<div><\/div>\n<div>El PAFF 2025 se alinea con la estrategia nacional de impulso a la econom\u00eda creativa, proyectando a M\u00e9xico como una naci\u00f3n diversa, vibrante y en constante evoluci\u00f3n. Desde dise\u00f1adores emergentes y artistas pl\u00e1sticos hasta exponentes de la moda sostenible y representantes de comunidades originarias, el festival celebr\u00f3 la riqueza cultural del pa\u00eds en una plataforma de proyecci\u00f3n global.<\/div>\n<div><\/div>\n<div>La secretaria de Turismo, Estefan\u00eda Hern\u00e1ndez, concluy\u00f3 que el \u00e9xito del festival es muestra del trabajo colaborativo entre sector p\u00fablico, comunidad art\u00edstica, empresarios y ciudadan\u00eda. \u201cPlaya del Carmen no solo recibe turistas: inspira, conecta y transforma\u201d.<\/div>\n<div><\/div>\n<div>El PAFF 2025 re\u00fane a m\u00e1s de 30 modelos nacionales e internacionales provenientes de Argentina, Colombia, Espa\u00f1a, Costa Rica, Bolivia y Guatemala.<\/div>\n<div><\/div>\n<div>Pasarelas<\/div>\n<div>\u2022 Pineda Covalin, colecci\u00f3n de verano \u00abDestellos\u00bb.<\/div>\n<div>\u2022 Consuelo by Ericka del Rayo en colaboraci\u00f3n con Zevach Accesorios, colecci\u00f3n \u201cEsencia Mexicana\u201d.<\/div>\n<div>\u2022 Persuid, del dise\u00f1ador Reynaldo Gaona Piamante.<\/div>\n<div>\u2022 Playa del Bikini, de Viviana Arcos.<\/div>\n<div>\u2022 \u00c1gatha Ruiz de la Prada.<\/div>\n<div>\u2022 Carmen Belissa, colecci\u00f3n \u201cREGINA! La Reina del Cielo\u201d.<\/div>\n<div><\/div>\n<div>Entre los patrocinadores se encuentran BYD Playa del Carmen, Led Event Technology, GOmart, Antromex, hotel Royal Hideway Playacar, St Regis, Edition at Kanai, Perfecto Harto y Real State, Martina, Coco Bongo, Sothebys Internacional Agency y Winjet, entre otros.<\/div>\n","protected":false},"excerpt":{"rendered":"<p>Playa del Carmen, Quintana Roo, 27 de junio de 2025.\u2013 En el coraz\u00f3n de Playa del&hellip;<\/p>\n","protected":false},"author":100,"featured_media":87904,"comment_status":"closed","ping_status":"closed","sticky":false,"template":"","format":"standard","meta":{"_acf_changed":false,"_lmt_disableupdate":"","_lmt_disable":"","_mbp_gutenberg_autopost":false,"footnotes":""},"categories":[1654],"tags":[833,1492,241],"class_list":["post-87903","post","type-post","status-publish","format-standard","has-post-thumbnail","hentry","category-solidaridad","tag-cultura","tag-moda","tag-playa-del-carmen"],"acf":[],"_links":{"self":[{"href":"https:\/\/l21.mx\/index.php?rest_route=\/wp\/v2\/posts\/87903","targetHints":{"allow":["GET"]}}],"collection":[{"href":"https:\/\/l21.mx\/index.php?rest_route=\/wp\/v2\/posts"}],"about":[{"href":"https:\/\/l21.mx\/index.php?rest_route=\/wp\/v2\/types\/post"}],"author":[{"embeddable":true,"href":"https:\/\/l21.mx\/index.php?rest_route=\/wp\/v2\/users\/100"}],"replies":[{"embeddable":true,"href":"https:\/\/l21.mx\/index.php?rest_route=%2Fwp%2Fv2%2Fcomments&post=87903"}],"version-history":[{"count":0,"href":"https:\/\/l21.mx\/index.php?rest_route=\/wp\/v2\/posts\/87903\/revisions"}],"wp:featuredmedia":[{"embeddable":true,"href":"https:\/\/l21.mx\/index.php?rest_route=\/wp\/v2\/media\/87904"}],"wp:attachment":[{"href":"https:\/\/l21.mx\/index.php?rest_route=%2Fwp%2Fv2%2Fmedia&parent=87903"}],"wp:term":[{"taxonomy":"category","embeddable":true,"href":"https:\/\/l21.mx\/index.php?rest_route=%2Fwp%2Fv2%2Fcategories&post=87903"},{"taxonomy":"post_tag","embeddable":true,"href":"https:\/\/l21.mx\/index.php?rest_route=%2Fwp%2Fv2%2Ftags&post=87903"}],"curies":[{"name":"wp","href":"https:\/\/api.w.org\/{rel}","templated":true}]}}