{"id":88310,"date":"2025-07-13T14:48:19","date_gmt":"2025-07-13T19:48:19","guid":{"rendered":"https:\/\/l21.mx\/?p=88310"},"modified":"2025-07-13T14:48:19","modified_gmt":"2025-07-13T19:48:19","slug":"starbucks-crece-en-el-sureste-con-tiendas-que-conectan-con-el-entorno-y-con-las-personas","status":"publish","type":"post","link":"https:\/\/l21.mx\/?p=88310","title":{"rendered":"Starbucks crece en el sureste con tiendas que conectan con el entorno y con las personas"},"content":{"rendered":"<h3 data-start=\"307\" data-end=\"399\"><em>En el marco de su estrategia de expansi\u00f3n en el sureste mexicano, Starbucks M\u00e9xico \u2014operado por Alsea\u2014 ofreci\u00f3 una experiencia inmersiva a medios y aliados estrat\u00e9gicos, donde comparti\u00f3 tanto su visi\u00f3n de negocio como su lado m\u00e1s humano y social. <\/em><\/h3>\n<p><a href=\"https:\/\/l21.mx\/wp-content\/uploads\/2025\/07\/starbucks-2.png\" data-rel=\"penci-gallery-image-content\" ><img fetchpriority=\"high\" decoding=\"async\" class=\"alignnone size-medium wp-image-88313\" src=\"https:\/\/l21.mx\/wp-content\/uploads\/2025\/07\/starbucks-2-300x191.png\" alt=\"\" width=\"300\" height=\"191\" srcset=\"https:\/\/l21.mx\/wp-content\/uploads\/2025\/07\/starbucks-2-300x191.png 300w, https:\/\/l21.mx\/wp-content\/uploads\/2025\/07\/starbucks-2-585x373.png 585w, https:\/\/l21.mx\/wp-content\/uploads\/2025\/07\/starbucks-2.png 701w\" sizes=\"(max-width: 300px) 100vw, 300px\" \/><\/a><\/p>\n<p data-start=\"336\" data-end=\"706\">En un recorrido que comenz\u00f3 con una cata de caf\u00e9 y termin\u00f3 en una reflexi\u00f3n profunda sobre la sustentabilidad, el cuidado del planeta y el impacto social, Starbucks mostr\u00f3 que su presencia en el sureste mexicano va m\u00e1s all\u00e1 del aroma de un buen espresso: es una apuesta integral por el desarrollo humano, econ\u00f3mico y ambiental.<\/p>\n<p data-start=\"336\" data-end=\"706\"><a href=\"https:\/\/l21.mx\/wp-content\/uploads\/2025\/07\/starbucks-cata-5.jpeg\" data-rel=\"penci-gallery-image-content\" ><img decoding=\"async\" class=\"alignnone size-medium wp-image-88317\" src=\"https:\/\/l21.mx\/wp-content\/uploads\/2025\/07\/starbucks-cata-5-300x225.jpeg\" alt=\"\" width=\"300\" height=\"225\" srcset=\"https:\/\/l21.mx\/wp-content\/uploads\/2025\/07\/starbucks-cata-5-300x225.jpeg 300w, https:\/\/l21.mx\/wp-content\/uploads\/2025\/07\/starbucks-cata-5-1024x768.jpeg 1024w, https:\/\/l21.mx\/wp-content\/uploads\/2025\/07\/starbucks-cata-5-768x576.jpeg 768w, https:\/\/l21.mx\/wp-content\/uploads\/2025\/07\/starbucks-cata-5-1536x1152.jpeg 1536w, https:\/\/l21.mx\/wp-content\/uploads\/2025\/07\/starbucks-cata-5-1170x878.jpeg 1170w, https:\/\/l21.mx\/wp-content\/uploads\/2025\/07\/starbucks-cata-5-585x439.jpeg 585w, https:\/\/l21.mx\/wp-content\/uploads\/2025\/07\/starbucks-cata-5.jpeg 1600w\" sizes=\"(max-width: 300px) 100vw, 300px\" \/><\/a><\/p>\n<p data-start=\"708\" data-end=\"1079\">La cita fue en la tienda <strong data-start=\"733\" data-end=\"767\">Starbucks Plaza Village Canc\u00fan<\/strong>, una de las m\u00e1s representativas para la marca en la regi\u00f3n, no solo por su dise\u00f1o c\u00e1lido y funcional con materiales locales como el chukum, sino por su enfoque en la inclusi\u00f3n y la equidad laboral: m\u00e1s del 70\u202f% del equipo est\u00e1 conformado por mujeres y se han abierto oportunidades para personas adultas mayores.<\/p>\n<p data-start=\"708\" data-end=\"1079\"><a href=\"https:\/\/l21.mx\/wp-content\/uploads\/2025\/07\/starbucks-cata-1.jpeg\" data-rel=\"penci-gallery-image-content\" ><img decoding=\"async\" class=\"alignnone size-medium wp-image-88318\" src=\"https:\/\/l21.mx\/wp-content\/uploads\/2025\/07\/starbucks-cata-1-225x300.jpeg\" alt=\"\" width=\"225\" height=\"300\" srcset=\"https:\/\/l21.mx\/wp-content\/uploads\/2025\/07\/starbucks-cata-1-225x300.jpeg 225w, https:\/\/l21.mx\/wp-content\/uploads\/2025\/07\/starbucks-cata-1-768x1024.jpeg 768w, https:\/\/l21.mx\/wp-content\/uploads\/2025\/07\/starbucks-cata-1-1152x1536.jpeg 1152w, https:\/\/l21.mx\/wp-content\/uploads\/2025\/07\/starbucks-cata-1-1170x1560.jpeg 1170w, https:\/\/l21.mx\/wp-content\/uploads\/2025\/07\/starbucks-cata-1-585x780.jpeg 585w, https:\/\/l21.mx\/wp-content\/uploads\/2025\/07\/starbucks-cata-1.jpeg 1200w\" sizes=\"(max-width: 225px) 100vw, 225px\" \/><\/a><\/p>\n<p data-start=\"1081\" data-end=\"1690\">Durante el encuentro, <strong data-start=\"1103\" data-end=\"1120\">Sara\u00ed Jim\u00e9nez<\/strong>, directora de Construcci\u00f3n y Reputaci\u00f3n de Marca en Starbucks M\u00e9xico, encabez\u00f3 una cata de caf\u00e9 con prensa y aliados estrat\u00e9gicos, donde se comparti\u00f3 la complejidad detr\u00e1s de una taza de caf\u00e9: desde la cosecha y el tostado, hasta el trabajo de miles de caficultores. Fue tambi\u00e9n la oportunidad para hablar del programa <strong data-start=\"1440\" data-end=\"1466\">\u201cTodos Sembramos Caf\u00e9\u201d<\/strong>, una iniciativa con m\u00e1s de una d\u00e9cada de existencia que ha permitido donar millones de plantas a productores en M\u00e9xico, con el objetivo de renovar fincas afectadas por plagas como la roya y hacer frente al cambio clim\u00e1tico.<\/p>\n<p data-start=\"1692\" data-end=\"2077\">\u201cQueremos asegurar el futuro sostenible del caf\u00e9, y eso hoy es m\u00e1s dif\u00edcil que nunca. El cambio clim\u00e1tico, las sequ\u00edas prolongadas y la migraci\u00f3n de nuevas generaciones hacia otros cultivos son una amenaza real. Pero tambi\u00e9n es una llamada a actuar con m\u00e1s responsabilidad\u201d, comparti\u00f3 Jim\u00e9nez, visiblemente conmovida por las historias de los cafetaleros que han enfrentado estos retos.<\/p>\n<p data-start=\"1692\" data-end=\"2077\"><a href=\"https:\/\/l21.mx\/wp-content\/uploads\/2025\/07\/starbucks-cata-3.jpeg\" data-rel=\"penci-gallery-image-content\" ><img loading=\"lazy\" decoding=\"async\" class=\"alignnone size-medium wp-image-88320\" src=\"https:\/\/l21.mx\/wp-content\/uploads\/2025\/07\/starbucks-cata-3-300x225.jpeg\" alt=\"\" width=\"300\" height=\"225\" srcset=\"https:\/\/l21.mx\/wp-content\/uploads\/2025\/07\/starbucks-cata-3-300x225.jpeg 300w, https:\/\/l21.mx\/wp-content\/uploads\/2025\/07\/starbucks-cata-3-1024x768.jpeg 1024w, https:\/\/l21.mx\/wp-content\/uploads\/2025\/07\/starbucks-cata-3-768x576.jpeg 768w, https:\/\/l21.mx\/wp-content\/uploads\/2025\/07\/starbucks-cata-3-1536x1152.jpeg 1536w, https:\/\/l21.mx\/wp-content\/uploads\/2025\/07\/starbucks-cata-3-1170x878.jpeg 1170w, https:\/\/l21.mx\/wp-content\/uploads\/2025\/07\/starbucks-cata-3-585x439.jpeg 585w, https:\/\/l21.mx\/wp-content\/uploads\/2025\/07\/starbucks-cata-3.jpeg 1600w\" sizes=\"(max-width: 300px) 100vw, 300px\" \/><\/a><\/p>\n<p data-start=\"2079\" data-end=\"2491\">La visi\u00f3n de Starbucks se construye sobre tres ejes: <strong data-start=\"2132\" data-end=\"2159\">People, Planet y Coffee<\/strong>. Es decir, personas, planeta y caf\u00e9. Bajo este modelo, se implementan pr\u00e1cticas como el uso eficiente del agua mediante sistemas de riego por goteo y captura de agua pluvial, as\u00ed como diagn\u00f3sticos de suelo que ayudan a los productores a aplicar \u00fanicamente los nutrientes necesarios, evitando el uso de qu\u00edmicos que da\u00f1en la tierra.<\/p>\n<p data-start=\"2493\" data-end=\"2754\">Adem\u00e1s, Starbucks ha impulsado programas sociales como jornadas de salud para mujeres en comunidades cafetaleras y donaciones a organizaciones que trabajan en la nutrici\u00f3n infantil. \u201cEl caf\u00e9 lo hacen personas, y nuestro compromiso es con ellas\u201d, a\u00f1adi\u00f3 Jim\u00e9nez.<\/p>\n<p data-start=\"2493\" data-end=\"2754\"><a href=\"https:\/\/l21.mx\/wp-content\/uploads\/2025\/07\/starbucks-1.png\" data-rel=\"penci-gallery-image-content\" ><img loading=\"lazy\" decoding=\"async\" class=\"alignnone size-medium wp-image-88312\" src=\"https:\/\/l21.mx\/wp-content\/uploads\/2025\/07\/starbucks-1-300x226.png\" alt=\"\" width=\"300\" height=\"226\" srcset=\"https:\/\/l21.mx\/wp-content\/uploads\/2025\/07\/starbucks-1-300x226.png 300w, https:\/\/l21.mx\/wp-content\/uploads\/2025\/07\/starbucks-1-585x440.png 585w, https:\/\/l21.mx\/wp-content\/uploads\/2025\/07\/starbucks-1.png 610w\" sizes=\"(max-width: 300px) 100vw, 300px\" \/><\/a><\/p>\n<h3 data-start=\"2756\" data-end=\"2799\">Cuatro tiendas que marcan la diferencia<\/h3>\n<p data-start=\"2801\" data-end=\"3127\">Actualmente, Starbucks cuenta con <strong data-start=\"2835\" data-end=\"2870\">73 tiendas en la regi\u00f3n sureste<\/strong>, que abarca <strong data-start=\"2883\" data-end=\"2928\">Quintana Roo, Yucat\u00e1n, Campeche y Chiapas<\/strong>, y emplea a m\u00e1s de <strong data-start=\"2948\" data-end=\"2966\">1,100 partners<\/strong> (como llaman a sus colaboradores). En el corredor tur\u00edstico Canc\u00fan\u2013Tulum\u2013Playa del Carmen, destacan cuatro nuevas tiendas que est\u00e1n redefiniendo la experiencia:<\/p>\n<ul data-start=\"3129\" data-end=\"4087\">\n<li data-start=\"3129\" data-end=\"3475\">\n<p data-start=\"3131\" data-end=\"3475\"><strong data-start=\"3131\" data-end=\"3167\">Starbucks Anah, Playa del Carmen<\/strong>: Inaugurada en 2025, esta tienda en plena Quinta Avenida combina dise\u00f1o contempor\u00e1neo y esencia local. Su mobiliario es 90\u202f% mexicano, e incluye una instalaci\u00f3n art\u00edstica de <strong data-start=\"3342\" data-end=\"3357\">Elena Caltz<\/strong>, artista de Canc\u00fan reconocida por su trabajo con materiales nativos y temas de conexi\u00f3n espiritual con la naturaleza.<\/p>\n<\/li>\n<li data-start=\"3477\" data-end=\"3677\">\n<p data-start=\"3479\" data-end=\"3677\"><strong data-start=\"3479\" data-end=\"3519\">Starbucks flagship, Playa del Carmen<\/strong>: Otro punto clave en la Quinta Avenida que promueve el consumo responsable, la inclusi\u00f3n de talento local y un dise\u00f1o que invita a reconectar con el entorno.<\/p>\n<\/li>\n<li data-start=\"3679\" data-end=\"3868\">\n<p data-start=\"3681\" data-end=\"3868\"><strong data-start=\"3681\" data-end=\"3716\">Starbucks Plaza Village, Canc\u00fan<\/strong>: Una tienda con formato <strong data-start=\"3741\" data-end=\"3755\">Drive-Thru<\/strong>, pensada para clientes en movimiento, y un dise\u00f1o en dos niveles que combina modernidad, calidez y cultura maya.<\/p>\n<\/li>\n<li data-start=\"3870\" data-end=\"4087\">\n<p data-start=\"3872\" data-end=\"4087\"><strong data-start=\"3872\" data-end=\"3897\">Starbucks Ahau, Tulum<\/strong>: Un ejemplo internacional de arquitectura sustentable, construida con materiales como bamb\u00fa certificado y piedra caliza. Aqu\u00ed se promueve el reciclaje, la composta y la educaci\u00f3n ambiental.<\/p>\n<\/li>\n<\/ul>\n<h3 data-start=\"4089\" data-end=\"4105\"><a href=\"https:\/\/l21.mx\/wp-content\/uploads\/2025\/07\/starbucks-5.png\" data-rel=\"penci-gallery-image-content\" ><img loading=\"lazy\" decoding=\"async\" class=\"alignnone size-medium wp-image-88311\" src=\"https:\/\/l21.mx\/wp-content\/uploads\/2025\/07\/starbucks-5-200x300.png\" alt=\"\" width=\"200\" height=\"300\" srcset=\"https:\/\/l21.mx\/wp-content\/uploads\/2025\/07\/starbucks-5-200x300.png 200w, https:\/\/l21.mx\/wp-content\/uploads\/2025\/07\/starbucks-5.png 323w\" sizes=\"(max-width: 200px) 100vw, 200px\" \/><\/a><\/h3>\n<h3 data-start=\"4089\" data-end=\"4105\">M\u00e1s que caf\u00e9<\/h3>\n<p data-start=\"4107\" data-end=\"4491\">En 2025, Starbucks M\u00e9xico proyecta superar <strong data-start=\"4150\" data-end=\"4209\">las 200 tiendas en estados con alto atractivo tur\u00edstico<\/strong>, como parte de su estrategia de expansi\u00f3n con impacto positivo. Solo en 2024, la marca evit\u00f3 el uso de m\u00e1s de <strong data-start=\"4320\" data-end=\"4355\">5 millones de vasos desechables<\/strong>, y colabor\u00f3 con organizaciones para restaurar jardines p\u00fablicos, limpiar cenotes y playas, y donar alimentos en hospitales del sureste.<\/p>\n<p data-start=\"4493\" data-end=\"4754\">En palabras de Francisco Tosso, director general de Alsea Starbucks: \u201cCada tienda es una oportunidad para generar un impacto positivo. Queremos que sean m\u00e1s que un punto de encuentro, que reflejen nuestro compromiso con las comunidades y con el medio ambiente\u201d.<\/p>\n<p data-start=\"4493\" data-end=\"4754\"><a href=\"https:\/\/l21.mx\/wp-content\/uploads\/2025\/07\/starbucks-4.png\" data-rel=\"penci-gallery-image-content\" ><img loading=\"lazy\" decoding=\"async\" class=\"alignnone size-medium wp-image-88315\" src=\"https:\/\/l21.mx\/wp-content\/uploads\/2025\/07\/starbucks-4-235x300.png\" alt=\"\" width=\"235\" height=\"300\" srcset=\"https:\/\/l21.mx\/wp-content\/uploads\/2025\/07\/starbucks-4-235x300.png 235w, https:\/\/l21.mx\/wp-content\/uploads\/2025\/07\/starbucks-4.png 379w\" sizes=\"(max-width: 235px) 100vw, 235px\" \/><\/a><\/p>\n<p data-start=\"4756\" data-end=\"5041\">Tras vivir la experiencia de degustar el caf\u00e9, conocer el origen de cada grano, el esfuerzo de los productores, la visi\u00f3n de sustentabilidad y el compromiso con las comunidades, es f\u00e1cil entender que Starbucks no solo est\u00e1 expandiendo su presencia en el sureste: est\u00e1 sembrando ra\u00edces.<\/p>\n","protected":false},"excerpt":{"rendered":"<p>En el marco de su estrategia de expansi\u00f3n en el sureste mexicano, Starbucks M\u00e9xico \u2014operado por&hellip;<\/p>\n","protected":false},"author":100,"featured_media":88314,"comment_status":"closed","ping_status":"closed","sticky":false,"template":"","format":"standard","meta":{"_acf_changed":false,"_lmt_disableupdate":"","_lmt_disable":"","_mbp_gutenberg_autopost":false,"footnotes":""},"categories":[4,23],"tags":[1896,1207],"class_list":["post-88310","post","type-post","status-publish","format-standard","has-post-thumbnail","hentry","category-empresas-y-negocios","category-noticias","tag-cafe","tag-starbucks"],"acf":[],"_links":{"self":[{"href":"https:\/\/l21.mx\/index.php?rest_route=\/wp\/v2\/posts\/88310","targetHints":{"allow":["GET"]}}],"collection":[{"href":"https:\/\/l21.mx\/index.php?rest_route=\/wp\/v2\/posts"}],"about":[{"href":"https:\/\/l21.mx\/index.php?rest_route=\/wp\/v2\/types\/post"}],"author":[{"embeddable":true,"href":"https:\/\/l21.mx\/index.php?rest_route=\/wp\/v2\/users\/100"}],"replies":[{"embeddable":true,"href":"https:\/\/l21.mx\/index.php?rest_route=%2Fwp%2Fv2%2Fcomments&post=88310"}],"version-history":[{"count":0,"href":"https:\/\/l21.mx\/index.php?rest_route=\/wp\/v2\/posts\/88310\/revisions"}],"wp:featuredmedia":[{"embeddable":true,"href":"https:\/\/l21.mx\/index.php?rest_route=\/wp\/v2\/media\/88314"}],"wp:attachment":[{"href":"https:\/\/l21.mx\/index.php?rest_route=%2Fwp%2Fv2%2Fmedia&parent=88310"}],"wp:term":[{"taxonomy":"category","embeddable":true,"href":"https:\/\/l21.mx\/index.php?rest_route=%2Fwp%2Fv2%2Fcategories&post=88310"},{"taxonomy":"post_tag","embeddable":true,"href":"https:\/\/l21.mx\/index.php?rest_route=%2Fwp%2Fv2%2Ftags&post=88310"}],"curies":[{"name":"wp","href":"https:\/\/api.w.org\/{rel}","templated":true}]}}