{"id":8859,"date":"2015-02-27T09:55:09","date_gmt":"2015-02-27T15:55:09","guid":{"rendered":"http:\/\/innovatori.space\/lat21\/?p=8859"},"modified":"2015-02-27T09:55:09","modified_gmt":"2015-02-27T15:55:09","slug":"%e2%86%91%e2%86%91-cinemex","status":"publish","type":"post","link":"https:\/\/l21.mx\/?p=8859","title":{"rendered":"\u2191\u2191  Cinemex"},"content":{"rendered":"<p><a href=\"http:\/\/l21.mx\/wp-content\/uploads\/2015\/02\/cinemex.jpg\" data-rel=\"penci-gallery-image-content\" ><img fetchpriority=\"high\" decoding=\"async\" class=\"alignleft size-medium wp-image-8860\" title=\"cinemex\" src=\"http:\/\/l21.mx\/wp-content\/uploads\/2015\/02\/cinemex-199x300.jpg\" alt=\"\" width=\"199\" height=\"300\" srcset=\"https:\/\/l21.mx\/wp-content\/uploads\/2015\/02\/cinemex-199x300.jpg 199w, https:\/\/l21.mx\/wp-content\/uploads\/2015\/02\/cinemex.jpg 536w\" sizes=\"(max-width: 199px) 100vw, 199px\" \/><\/a>Con una inversi\u00f3n de 4.5 mdd, Cinemex abri\u00f3 en este centro vacacional su complejo n\u00famero 277 en el pa\u00eds y el cuarto en el destino, para sumar dos mil 408 pantallas en M\u00e9xico. El nuevo complejo categor\u00eda Premium que se ubica en el centro comercial La Roca cuenta con ocho salas y 856 butacas, y brinda servicio de cafeter\u00eda, dulcer\u00eda y atenci\u00f3n personalizada. El grupo invertir\u00e1 3.5 mdd para otro complejo en Mi Plaza H\u00e9roes Canc\u00fan con seis salas tradicionales. Gener\u00f3 42 empleos directos y 300 indirectos. Blvd. Cumbres esquina con Av. Luis Donaldo Colosio, SM 310, Mza. 109, Residencial Cumbres.<\/p>\n<div><\/div>\n","protected":false},"excerpt":{"rendered":"<p>Con una inversi\u00f3n de 4.5 mdd, Cinemex abri\u00f3 en este centro vacacional su complejo n\u00famero 277&hellip;<\/p>\n","protected":false},"author":2,"featured_media":8860,"comment_status":"open","ping_status":"open","sticky":false,"template":"","format":"standard","meta":{"_acf_changed":false,"_lmt_disableupdate":"","_lmt_disable":"","_mbp_gutenberg_autopost":false,"footnotes":""},"categories":[10],"tags":[],"class_list":["post-8859","post","type-post","status-publish","format-standard","has-post-thumbnail","hentry","category-sube-y-baja"],"acf":[],"_links":{"self":[{"href":"https:\/\/l21.mx\/index.php?rest_route=\/wp\/v2\/posts\/8859","targetHints":{"allow":["GET"]}}],"collection":[{"href":"https:\/\/l21.mx\/index.php?rest_route=\/wp\/v2\/posts"}],"about":[{"href":"https:\/\/l21.mx\/index.php?rest_route=\/wp\/v2\/types\/post"}],"author":[{"embeddable":true,"href":"https:\/\/l21.mx\/index.php?rest_route=\/wp\/v2\/users\/2"}],"replies":[{"embeddable":true,"href":"https:\/\/l21.mx\/index.php?rest_route=%2Fwp%2Fv2%2Fcomments&post=8859"}],"version-history":[{"count":0,"href":"https:\/\/l21.mx\/index.php?rest_route=\/wp\/v2\/posts\/8859\/revisions"}],"wp:featuredmedia":[{"embeddable":true,"href":"https:\/\/l21.mx\/index.php?rest_route=\/wp\/v2\/media\/8860"}],"wp:attachment":[{"href":"https:\/\/l21.mx\/index.php?rest_route=%2Fwp%2Fv2%2Fmedia&parent=8859"}],"wp:term":[{"taxonomy":"category","embeddable":true,"href":"https:\/\/l21.mx\/index.php?rest_route=%2Fwp%2Fv2%2Fcategories&post=8859"},{"taxonomy":"post_tag","embeddable":true,"href":"https:\/\/l21.mx\/index.php?rest_route=%2Fwp%2Fv2%2Ftags&post=8859"}],"curies":[{"name":"wp","href":"https:\/\/api.w.org\/{rel}","templated":true}]}}