{"id":89408,"date":"2025-11-07T17:34:22","date_gmt":"2025-11-07T22:34:22","guid":{"rendered":"https:\/\/l21.mx\/?p=89408"},"modified":"2025-11-07T17:34:22","modified_gmt":"2025-11-07T22:34:22","slug":"7-de-noviembre-los-mochis-culinary-fest","status":"publish","type":"post","link":"https:\/\/l21.mx\/?p=89408","title":{"rendered":"7 de noviembre \u2022\u00a0Los Mochis Culinary Fest"},"content":{"rendered":"<p>&nbsp;<\/p>\n<p>&nbsp;<\/p>\n<p><b>La tercera edici\u00f3n del Los Mochis Culinary Fest reunir\u00e1 a chefs nacionales e internacionales en la Huerta La Reserva para una experiencia sensorial \u00fanica. Habr\u00e1 cocina de autor, maridajes, m\u00fasica y arte en un ambiente que celebra los sabores del norte de Sinaloa. Con la participaci\u00f3n de reconocidos cocineros, el festival se consolida como punto de encuentro entre tradici\u00f3n e innovaci\u00f3n, posicionando a Los Mochis como destino gastron\u00f3mico emergente.<\/b><\/p>\n","protected":false},"excerpt":{"rendered":"<p>&nbsp; &nbsp; La tercera edici\u00f3n del Los Mochis Culinary Fest reunir\u00e1 a chefs nacionales e internacionales&hellip;<\/p>\n","protected":false},"author":95,"featured_media":89388,"comment_status":"closed","ping_status":"closed","sticky":false,"template":"","format":"standard","meta":{"_acf_changed":false,"_lmt_disableupdate":"","_lmt_disable":"","_mbp_gutenberg_autopost":false,"footnotes":""},"categories":[476],"tags":[],"class_list":["post-89408","post","type-post","status-publish","format-standard","has-post-thumbnail","hentry","category-agenda"],"acf":[],"_links":{"self":[{"href":"https:\/\/l21.mx\/index.php?rest_route=\/wp\/v2\/posts\/89408","targetHints":{"allow":["GET"]}}],"collection":[{"href":"https:\/\/l21.mx\/index.php?rest_route=\/wp\/v2\/posts"}],"about":[{"href":"https:\/\/l21.mx\/index.php?rest_route=\/wp\/v2\/types\/post"}],"author":[{"embeddable":true,"href":"https:\/\/l21.mx\/index.php?rest_route=\/wp\/v2\/users\/95"}],"replies":[{"embeddable":true,"href":"https:\/\/l21.mx\/index.php?rest_route=%2Fwp%2Fv2%2Fcomments&post=89408"}],"version-history":[{"count":0,"href":"https:\/\/l21.mx\/index.php?rest_route=\/wp\/v2\/posts\/89408\/revisions"}],"wp:featuredmedia":[{"embeddable":true,"href":"https:\/\/l21.mx\/index.php?rest_route=\/wp\/v2\/media\/89388"}],"wp:attachment":[{"href":"https:\/\/l21.mx\/index.php?rest_route=%2Fwp%2Fv2%2Fmedia&parent=89408"}],"wp:term":[{"taxonomy":"category","embeddable":true,"href":"https:\/\/l21.mx\/index.php?rest_route=%2Fwp%2Fv2%2Fcategories&post=89408"},{"taxonomy":"post_tag","embeddable":true,"href":"https:\/\/l21.mx\/index.php?rest_route=%2Fwp%2Fv2%2Ftags&post=89408"}],"curies":[{"name":"wp","href":"https:\/\/api.w.org\/{rel}","templated":true}]}}