{"id":89789,"date":"2025-12-10T08:53:04","date_gmt":"2025-12-10T13:53:04","guid":{"rendered":"https:\/\/l21.mx\/?p=89789"},"modified":"2025-12-10T08:53:04","modified_gmt":"2025-12-10T13:53:04","slug":"6-diciembre-sabor-a-vid","status":"publish","type":"post","link":"https:\/\/l21.mx\/?p=89789","title":{"rendered":"6 diciembre \u2022 Sabor a Vid"},"content":{"rendered":"<p>&nbsp;<\/p>\n<p><b>6 de diciembre<\/b><b><\/b><\/p>\n<p><b>M\u00e9rida vivir\u00e1 la primera edici\u00f3n de este festival dedicado a la cultura vitivin\u00edcola, con m\u00e1s de 35 bodegas nacionales e internacionales, catas maridaje, talleres, propuestas gastron\u00f3micas y m\u00fasica en vivo. El evento reunir\u00e1 m\u00e1s de 100 etiquetas y experiencias culinarias al aire libre en una de las \u00e9pocas m\u00e1s agradables del a\u00f1o. Con la participaci\u00f3n de casas vin\u00edcolas de M\u00e9xico, Am\u00e9rica y Europa, Sabor a Vid busca consolidarse como el encuentro vitivin\u00edcola m\u00e1s importante del sureste.<\/b><\/p>\n","protected":false},"excerpt":{"rendered":"<p>&nbsp; 6 de diciembre M\u00e9rida vivir\u00e1 la primera edici\u00f3n de este festival dedicado a la cultura&hellip;<\/p>\n","protected":false},"author":95,"featured_media":89772,"comment_status":"closed","ping_status":"closed","sticky":false,"template":"","format":"standard","meta":{"_acf_changed":false,"_lmt_disableupdate":"","_lmt_disable":"","_mbp_gutenberg_autopost":false,"footnotes":""},"categories":[476],"tags":[],"class_list":["post-89789","post","type-post","status-publish","format-standard","has-post-thumbnail","hentry","category-agenda"],"acf":[],"_links":{"self":[{"href":"https:\/\/l21.mx\/index.php?rest_route=\/wp\/v2\/posts\/89789","targetHints":{"allow":["GET"]}}],"collection":[{"href":"https:\/\/l21.mx\/index.php?rest_route=\/wp\/v2\/posts"}],"about":[{"href":"https:\/\/l21.mx\/index.php?rest_route=\/wp\/v2\/types\/post"}],"author":[{"embeddable":true,"href":"https:\/\/l21.mx\/index.php?rest_route=\/wp\/v2\/users\/95"}],"replies":[{"embeddable":true,"href":"https:\/\/l21.mx\/index.php?rest_route=%2Fwp%2Fv2%2Fcomments&post=89789"}],"version-history":[{"count":0,"href":"https:\/\/l21.mx\/index.php?rest_route=\/wp\/v2\/posts\/89789\/revisions"}],"wp:featuredmedia":[{"embeddable":true,"href":"https:\/\/l21.mx\/index.php?rest_route=\/wp\/v2\/media\/89772"}],"wp:attachment":[{"href":"https:\/\/l21.mx\/index.php?rest_route=%2Fwp%2Fv2%2Fmedia&parent=89789"}],"wp:term":[{"taxonomy":"category","embeddable":true,"href":"https:\/\/l21.mx\/index.php?rest_route=%2Fwp%2Fv2%2Fcategories&post=89789"},{"taxonomy":"post_tag","embeddable":true,"href":"https:\/\/l21.mx\/index.php?rest_route=%2Fwp%2Fv2%2Ftags&post=89789"}],"curies":[{"name":"wp","href":"https:\/\/api.w.org\/{rel}","templated":true}]}}