{"id":89884,"date":"2025-12-10T10:54:18","date_gmt":"2025-12-10T15:54:18","guid":{"rendered":"https:\/\/l21.mx\/?p=89884"},"modified":"2025-12-11T10:54:56","modified_gmt":"2025-12-11T15:54:56","slug":"promueven-participacion-de-la-ninez","status":"publish","type":"post","link":"https:\/\/l21.mx\/?p=89884","title":{"rendered":"Promueven participaci\u00f3n de la ni\u00f1ez"},"content":{"rendered":"<p>&nbsp;<\/p>\n<p>Playa del Carmen, Q. Roo.\u2014 En el marco del D\u00eda Naranja, el gobierno municipal, que encabeza la presidenta Estefan\u00eda Mercado, llev\u00f3 a cabo, a trav\u00e9s del Sistema de Protecci\u00f3n Integral de Ni\u00f1as, Ni\u00f1os y Adolescentes (SIPINNA) y la Primera Regidur\u00eda, el Conversatorio \u201cLas voces de ni\u00f1as y adolescentes se escuchan\u201d en el sal\u00f3n \u00abJavier Rojo G\u00f3mez\u00bb, un espacio destinado a escuchar sus reflexiones y promover la participaci\u00f3n activa de las ni\u00f1as y adolescentes en la defensa de sus derechos.<br \/>\nLa primera regidora, Milagros \u00c1lvarez, destac\u00f3 la importancia de escuchar y reconocer la voz de ni\u00f1as y adolescentes. Se\u00f1al\u00f3 que el gobierno municipal se compromete a atender sus ideas, inquietudes y sue\u00f1os mediante acciones y pol\u00edticas p\u00fablicas que garanticen su bienestar.<br \/>\nHizo un llamado a funcionarios, docentes, sociedad civil y futuras administraciones a mantener este compromiso para que la ni\u00f1ez y adolescencias crezcan en entornos de paz, libres de violencia y con pleno acceso a sus derechos.<\/p>\n","protected":false},"excerpt":{"rendered":"<p>&nbsp; Playa del Carmen, Q. Roo.\u2014 En el marco del D\u00eda Naranja, el gobierno municipal, que&hellip;<\/p>\n","protected":false},"author":100,"featured_media":89853,"comment_status":"closed","ping_status":"closed","sticky":false,"template":"","format":"standard","meta":{"_acf_changed":false,"_lmt_disableupdate":"","_lmt_disable":"","_mbp_gutenberg_autopost":false,"footnotes":""},"categories":[1654],"tags":[],"class_list":["post-89884","post","type-post","status-publish","format-standard","has-post-thumbnail","hentry","category-solidaridad"],"acf":[],"_links":{"self":[{"href":"https:\/\/l21.mx\/index.php?rest_route=\/wp\/v2\/posts\/89884","targetHints":{"allow":["GET"]}}],"collection":[{"href":"https:\/\/l21.mx\/index.php?rest_route=\/wp\/v2\/posts"}],"about":[{"href":"https:\/\/l21.mx\/index.php?rest_route=\/wp\/v2\/types\/post"}],"author":[{"embeddable":true,"href":"https:\/\/l21.mx\/index.php?rest_route=\/wp\/v2\/users\/100"}],"replies":[{"embeddable":true,"href":"https:\/\/l21.mx\/index.php?rest_route=%2Fwp%2Fv2%2Fcomments&post=89884"}],"version-history":[{"count":0,"href":"https:\/\/l21.mx\/index.php?rest_route=\/wp\/v2\/posts\/89884\/revisions"}],"wp:featuredmedia":[{"embeddable":true,"href":"https:\/\/l21.mx\/index.php?rest_route=\/wp\/v2\/media\/89853"}],"wp:attachment":[{"href":"https:\/\/l21.mx\/index.php?rest_route=%2Fwp%2Fv2%2Fmedia&parent=89884"}],"wp:term":[{"taxonomy":"category","embeddable":true,"href":"https:\/\/l21.mx\/index.php?rest_route=%2Fwp%2Fv2%2Fcategories&post=89884"},{"taxonomy":"post_tag","embeddable":true,"href":"https:\/\/l21.mx\/index.php?rest_route=%2Fwp%2Fv2%2Ftags&post=89884"}],"curies":[{"name":"wp","href":"https:\/\/api.w.org\/{rel}","templated":true}]}}