{"id":89888,"date":"2025-12-10T10:55:08","date_gmt":"2025-12-10T15:55:08","guid":{"rendered":"https:\/\/l21.mx\/?p=89888"},"modified":"2025-12-11T10:56:06","modified_gmt":"2025-12-11T15:56:06","slug":"refuerzan-vigilancia-en-zona-turistica","status":"publish","type":"post","link":"https:\/\/l21.mx\/?p=89888","title":{"rendered":"Refuerzan vigilancia en zona tur\u00edstica"},"content":{"rendered":"<p>Playa del Carmen, Q. Roo.\u2013 La Secretar\u00eda de Seguridad Ciudadana Municipal reforz\u00f3 la vigilancia en la zona de playas, particularmente en el muelle y el Parque Fundadores, con el objetivo de mantener un entorno 100% familiar, seguro y limpio, adem\u00e1s de prevenir faltas administrativas relacionadas con el consumo excesivo de alcohol y otras conductas que afectan la convivencia social y la higiene del espacio p\u00fablico.<br \/>\nEsta acci\u00f3n se lleva a cabo en atenci\u00f3n a peticiones de colonos, prestadores de servicios y comerciantes del primer cuadro de la ciudad, quienes solicitaron mayor presencia policial ante la llegada de algunas personas que, los fines de semana, acuden al \u00e1rea exclusivamente para ingerir bebidas alcoh\u00f3licas en exceso, dormir en la v\u00eda p\u00fablica, realizar sus necesidades fisiol\u00f3gicas en los arenales y alterar el orden p\u00fablico.<br \/>\nLa Secretar\u00eda de Seguridad Ciudadana aclara que el acceso a las playas no est\u00e1 restringido para ninguna persona, ya que son espacios p\u00fablicos abiertos a todos; sin embargo, es importante acatar las disposiciones de las autoridades para conservar el orden, la limpieza y el bienestar com\u00fan.<\/p>\n","protected":false},"excerpt":{"rendered":"<p>Playa del Carmen, Q. Roo.\u2013 La Secretar\u00eda de Seguridad Ciudadana Municipal reforz\u00f3 la vigilancia en la&hellip;<\/p>\n","protected":false},"author":100,"featured_media":89889,"comment_status":"closed","ping_status":"closed","sticky":false,"template":"","format":"standard","meta":{"_acf_changed":false,"_lmt_disableupdate":"","_lmt_disable":"","_mbp_gutenberg_autopost":false,"footnotes":""},"categories":[1654],"tags":[],"class_list":["post-89888","post","type-post","status-publish","format-standard","has-post-thumbnail","hentry","category-solidaridad"],"acf":[],"_links":{"self":[{"href":"https:\/\/l21.mx\/index.php?rest_route=\/wp\/v2\/posts\/89888","targetHints":{"allow":["GET"]}}],"collection":[{"href":"https:\/\/l21.mx\/index.php?rest_route=\/wp\/v2\/posts"}],"about":[{"href":"https:\/\/l21.mx\/index.php?rest_route=\/wp\/v2\/types\/post"}],"author":[{"embeddable":true,"href":"https:\/\/l21.mx\/index.php?rest_route=\/wp\/v2\/users\/100"}],"replies":[{"embeddable":true,"href":"https:\/\/l21.mx\/index.php?rest_route=%2Fwp%2Fv2%2Fcomments&post=89888"}],"version-history":[{"count":0,"href":"https:\/\/l21.mx\/index.php?rest_route=\/wp\/v2\/posts\/89888\/revisions"}],"wp:featuredmedia":[{"embeddable":true,"href":"https:\/\/l21.mx\/index.php?rest_route=\/wp\/v2\/media\/89889"}],"wp:attachment":[{"href":"https:\/\/l21.mx\/index.php?rest_route=%2Fwp%2Fv2%2Fmedia&parent=89888"}],"wp:term":[{"taxonomy":"category","embeddable":true,"href":"https:\/\/l21.mx\/index.php?rest_route=%2Fwp%2Fv2%2Fcategories&post=89888"},{"taxonomy":"post_tag","embeddable":true,"href":"https:\/\/l21.mx\/index.php?rest_route=%2Fwp%2Fv2%2Ftags&post=89888"}],"curies":[{"name":"wp","href":"https:\/\/api.w.org\/{rel}","templated":true}]}}