{"id":89954,"date":"2026-02-20T18:40:02","date_gmt":"2026-02-20T23:40:02","guid":{"rendered":"https:\/\/l21.mx\/?p=89954"},"modified":"2026-02-20T18:40:02","modified_gmt":"2026-02-20T23:40:02","slug":"nascar-mexico-series-en-el-aeropuerto-de-tulum","status":"publish","type":"post","link":"https:\/\/l21.mx\/?p=89954","title":{"rendered":"Nascar M\u00e9xico Series en el aeropuerto de Tulum"},"content":{"rendered":"<p>NASCAR M\u00c9XICO anunci\u00f3 un evento \u00fanico en la historia del deporte mexicano donde tierra y aire efect\u00faan una alianza sin precedentes para realizar en Tulum, Quintana Roo, la Feria Aeroespacial M\u00e9xico (FAMEX), <em>Airshow Tulum 2026<\/em>\u00a0y carreras de NASCAR M\u00e9xico y Challenge Series el 25 y 26 de abril.<\/p>\n<p>El evento iniciar\u00e1 el 23 de abril con los espect\u00e1culos a\u00e9reos y el rugir de los motores de NASCAR M\u00c9XICO llegar\u00e1 por primera vez al Aeropuerto Internacional de Tulum Felipe Carrillo Puerto el 25 de abril y 26 de abril. Este evento marca la tercera fecha de la temporada 2026 en el calendario de NASCAR M\u00c9XICO Series.<\/p>\n<p>NASCAR M\u00e9xico es el semillero m\u00e1s grande para pilotos en sus divisiones de NASCAR M\u00e9xico Series y Challenge Series, contando con Daniel Su\u00e1rez de la NASCAR Cup Series como el primer egresado de la categor\u00eda en lograr llegar a la c\u00faspide de NASCAR en Estados Unidos.<\/p>\n<p>Se habl\u00f3 que se esperan m\u00e1s de 30,000 personas para presencia este evento y que todo se encuentra listos en temas de seguridad, hoteler\u00eda y log\u00edstica desde el 23 hasta el 25 de abril que dura el mismo.<\/p>\n<p>Los boletos podr\u00e1n ser adquiridos m\u00e1s adelante mediante los canales de la Feria Aeroespacial M\u00e9xico (FAMEX).<\/p>\n<p>La presentaci\u00f3n cont\u00f3 con la presencia del Comandante R.A.M.C. General de Div. P.A.E.M, Alfonso Rodr\u00edguez Sierra; Director de Pol\u00edtica Tur\u00edstica, enrepresentaci\u00f3n de Turismo Federal Lic, Alfonso Ballesteros M\u00e9ndez; Cmte. de la R.A.M. No. 1 General de Ala P.A.E.M. Jos\u00e9 Antonio Sierra Amador; Dir. FAMEX Gral. Gpo. E.M. Disraeli G\u00f3mez Herrera; Subsecretario de Promoci\u00f3n y Operaci\u00f3n tur\u00edstica Zona Norte Lic. Pablo Vladimir Casas G\u00f3mez; Secretaria de Turismo de Tulum, Lic. Carla Patricia Andrade Piedras; Presidente de NASCAR M\u00e9xico, Jimmy Morales; Representante de OPEMSA, Jaime Vel\u00e1zquez Ramos y Subgerente de Promoci\u00f3n y Difusi\u00f3n tur\u00edstica del Gpo. Mundo Maya \u00c1ngela Jovana Gaspar L\u00f3pez.<\/p>\n<p><a href=\"https:\/\/l21.mx\/wp-content\/uploads\/2026\/02\/nascar-mexico-tulum-2.jpg\" data-rel=\"penci-gallery-image-content\" ><img fetchpriority=\"high\" decoding=\"async\" class=\"aligncenter size-full wp-image-89955\" src=\"https:\/\/l21.mx\/wp-content\/uploads\/2026\/02\/nascar-mexico-tulum-2.jpg\" alt=\"\" width=\"960\" height=\"510\" srcset=\"https:\/\/l21.mx\/wp-content\/uploads\/2026\/02\/nascar-mexico-tulum-2.jpg 960w, https:\/\/l21.mx\/wp-content\/uploads\/2026\/02\/nascar-mexico-tulum-2-300x159.jpg 300w, https:\/\/l21.mx\/wp-content\/uploads\/2026\/02\/nascar-mexico-tulum-2-768x408.jpg 768w, https:\/\/l21.mx\/wp-content\/uploads\/2026\/02\/nascar-mexico-tulum-2-585x311.jpg 585w\" sizes=\"(max-width: 960px) 100vw, 960px\" \/><\/a><\/p>\n","protected":false},"excerpt":{"rendered":"<p>NASCAR M\u00c9XICO anunci\u00f3 un evento \u00fanico en la historia del deporte mexicano donde tierra y aire&hellip;<\/p>\n","protected":false},"author":95,"featured_media":89956,"comment_status":"closed","ping_status":"closed","sticky":false,"template":"","format":"standard","meta":{"_acf_changed":false,"_lmt_disableupdate":"","_lmt_disable":"","_mbp_gutenberg_autopost":false,"footnotes":""},"categories":[23],"tags":[],"class_list":["post-89954","post","type-post","status-publish","format-standard","has-post-thumbnail","hentry","category-noticias"],"acf":[],"_links":{"self":[{"href":"https:\/\/l21.mx\/index.php?rest_route=\/wp\/v2\/posts\/89954","targetHints":{"allow":["GET"]}}],"collection":[{"href":"https:\/\/l21.mx\/index.php?rest_route=\/wp\/v2\/posts"}],"about":[{"href":"https:\/\/l21.mx\/index.php?rest_route=\/wp\/v2\/types\/post"}],"author":[{"embeddable":true,"href":"https:\/\/l21.mx\/index.php?rest_route=\/wp\/v2\/users\/95"}],"replies":[{"embeddable":true,"href":"https:\/\/l21.mx\/index.php?rest_route=%2Fwp%2Fv2%2Fcomments&post=89954"}],"version-history":[{"count":0,"href":"https:\/\/l21.mx\/index.php?rest_route=\/wp\/v2\/posts\/89954\/revisions"}],"wp:featuredmedia":[{"embeddable":true,"href":"https:\/\/l21.mx\/index.php?rest_route=\/wp\/v2\/media\/89956"}],"wp:attachment":[{"href":"https:\/\/l21.mx\/index.php?rest_route=%2Fwp%2Fv2%2Fmedia&parent=89954"}],"wp:term":[{"taxonomy":"category","embeddable":true,"href":"https:\/\/l21.mx\/index.php?rest_route=%2Fwp%2Fv2%2Fcategories&post=89954"},{"taxonomy":"post_tag","embeddable":true,"href":"https:\/\/l21.mx\/index.php?rest_route=%2Fwp%2Fv2%2Ftags&post=89954"}],"curies":[{"name":"wp","href":"https:\/\/api.w.org\/{rel}","templated":true}]}}