{"id":9049,"date":"2015-03-11T10:39:40","date_gmt":"2015-03-11T16:39:40","guid":{"rendered":"http:\/\/innovatori.space\/lat21\/?p=9049"},"modified":"2015-03-11T10:40:02","modified_gmt":"2015-03-11T16:40:02","slug":"sibaritas-visita-obligada-a-cancun","status":"publish","type":"post","link":"https:\/\/l21.mx\/?p=9049","title":{"rendered":"Sibaritas: visita obligada a Canc\u00fan"},"content":{"rendered":"<div>\n<div>\n<h1 id=\"m41-40-42\"><a href=\"http:\/\/l21.mx\/wp-content\/uploads\/2015\/03\/Captura-de-pantalla-2015-03-11-a-las-11.36.41.png\" data-rel=\"penci-gallery-image-content\" ><img fetchpriority=\"high\" decoding=\"async\" class=\"alignleft size-large wp-image-9050\" title=\"Captura de pantalla 2015-03-11 a las 11.36.41\" src=\"http:\/\/l21.mx\/wp-content\/uploads\/2015\/03\/Captura-de-pantalla-2015-03-11-a-las-11.36.41-1024x479.png\" alt=\"\" width=\"1024\" height=\"479\" \/><\/a><\/h1>\n<h1>El Wine &amp; Food Festival re\u00fane a los mejores chefs del mundo en M\u00e9xico. M\u00e1s de 70 cocineros nacionales e internacionales ofrecer\u00e1n cenas exclusivas, degustaciones, conferencias, una villa gastron\u00f3mica, catas, fiestas y clases de cocina del 12 al 15 de marzo en lujosas sedes de Canc\u00fan y Riviera Maya.<\/h1>\n<\/div>\n<\/div>\n<div>\n<div><\/div>\n<div>\n<p id=\"m78-77-79\">(elfinanciero.com.mx)\u00a0El men\u00fa de\u00a0<strong>chefs\u00a0<\/strong>y\u00a0<strong>especialistas del vino<\/strong>\u00a0que para la cuarta edici\u00f3n del\u00a0<em><strong>Wine &amp; Food Festival<\/strong><\/em>\u00a0es una delicia.\u00a0M\u00e1s de 70 cocineros nacionales e internacionales ofrecer\u00e1n cenas exclusivas, degustaciones, conferencias, una\u00a0<strong>villa gastron\u00f3mica<\/strong>,\u00a0<strong>catas<\/strong>, fiestas y clases de cocina del 12 al 15 de marzo en lujosas sedes de\u00a0<strong>Canc\u00fan\u00a0<\/strong>y\u00a0<strong>Riviera Maya<\/strong>.<\/p>\n<p>Entre los invitados se encuentra el legendario\u00a0<strong>Juan Mari Arzak<\/strong>\u00a0y J<strong>oan Roca<\/strong>, del c\u00e9lebre restaurante\u00a0<strong>Celler de Can Roca<\/strong>, y los\u00a0<strong>en\u00f3logos \u00c1lvaro Palacios<\/strong>\u00a0y<strong>\u00a0Hugo D\u2019Acosta<\/strong>.<\/p>\n<p>La carta de cocineros mexicanos re\u00fane a varias generaciones, tradicionales y vanguardistas, que han ayudado a posicionar la gastronom\u00eda nacional en el mundo:<strong>\u00a0Martha Ortiz<\/strong>,\u00a0<strong>Patricia Quintana<\/strong>,\u00a0<strong>Elena Reygadas<\/strong>,\u00a0<strong>Carmen Ram\u00edrez<\/strong>\u00a0(<em>Titita<\/em>), Benito Molina, Eduardo Garc\u00eda, Enrique Olvera,\u00a0<strong>Paola Gardu\u00f1o<\/strong>\u00a0y\u00a0<strong>Enrique Olvera<\/strong>, por mencionar algunos.<\/p>\n<div id=\"m137-1-138\">\n<div>\n<div id=\"m147-1-148\" style=\"text-align: center;\"><strong>Cata<\/strong><\/div>\n<\/div>\n<div>\n<p id=\"m153-2-154\">Entre los invitados est\u00e1n los en\u00f3logos \u00c1lvaro Palacios y Hugo D\u2019Acosta, adem\u00e1s del legendario Juan Mari Arzak y Joan Roca, del c\u00e9lebre restaurante Celler de Can Roca.<\/p>\n<\/div>\n<\/div>\n<p id=\"m101-1-102\">El costo por evento va de los 50 a los 500 d\u00f3lares. Los lugares son limitados, as\u00ed que se recomienda comprar los boletos anticipadamente en la p\u00e1gina de Internet (<em><a href=\"http:\/\/dev.crmfest.com\/es\/\" target=\"_blank\" rel=\"noopener\">crmfest.com<\/a><\/em>).\u00a0Aqu\u00ed le presentamos las cinco actividades imperdibles de este a\u00f1o.<br \/>\n<strong><\/strong><\/p>\n<p style=\"text-align: left;\"><strong>Divas de la cocina mexicana<\/strong><\/p>\n<p style=\"text-align: left;\"><strong><\/strong>Diez de las chefs m\u00e1s reconocidas del pa\u00eds cocinar\u00e1n juntas por primera vez en una cena-maridaje de cinco tiempos frente al mar: Martha Ortiz, Martha Chapa, Carmen Ram\u00edrez (Titita), Yerika Mu\u00f1oz, Alicia Gironella De\u2019Angeli, Paola Gardu\u00f1o, Susanna Palazuelos, Teresa Ram\u00edrez Degollado y Lula Mart\u00edn del Campo.<\/p>\n<p style=\"text-align: left;\"><strong>Star chefs dinner<br \/>\n<\/strong>M\u00e1s de 20 chefs mexicanos e internacionales brindar\u00e1 una degustaci\u00f3n-maridaje con vinos de M\u00e9xico, Espa\u00f1a, Francia y Argentina. Entre los cocineros invitados est\u00e1n Alicia Gironella, Aquiles Ch\u00e1vez, Daniele Muller, Gregory Gourreau, Henri Charvet, Irving Quiroz y Pablo Salas.<\/p>\n<p><strong>Dupla de lujo<br \/>\n<\/strong>No se puede entender la gastronom\u00eda ib\u00e9rica contempor\u00e1nea sin Juan Mari Arzak y Joan Roca. Ambos chefs realizar\u00e1n una conferencia donde compartir\u00e1n sus experiencias, hablar\u00e1n de la evoluci\u00f3n de la cocina y de sus t\u00e9cnicas avant-garde. Tambi\u00e9n realizar\u00e1n una cena dedicada a la cocina ib\u00e9rica en la que tambi\u00e9n participar\u00e1n Bruno Oteiza y Mikel Alonso, de Biko.<\/p>\n<p><strong>Cooking Class Martha Chapa y Martha Ortiz<br \/>\n<\/strong>Madre e hija se reunir\u00e1n para brindar una clase de cocina de dos horas a 24 personas. Martha Chapa, adem\u00e1s de ser artista pl\u00e1stica, se ha dedicado por m\u00e1s de 30 a\u00f1os a la investigaci\u00f3n gastron\u00f3mica, mientras que su hija, Martha Ortiz, es una de las chefs estrellas del pa\u00eds con su restaurante Dulce Patria.<\/p>\n<p><strong>Paseo por el Caribe mexicano<br \/>\n<\/strong>Atravesar el mar a bordo de un catamar\u00e1n acompa\u00f1ado de algunos de los invitados estrella es uno de los eventos VIP que ofrece este festival. Poco m\u00e1s de 30 personas podr\u00e1n viajar rumbo a Isla Mujeres acompa\u00f1ados de Joan Roca, Juan Mari Arzak y los en\u00f3logos Hugo D\u2019Acosta y \u00c1lvaro Palacios. El viaje concluir\u00e1 con una degustaci\u00f3n en el exclusivo hotel Zo\u00ebtry Villa Rolandi.<\/p>\n<\/div>\n<\/div>\n","protected":false},"excerpt":{"rendered":"<p>El Wine &amp; Food Festival re\u00fane a los mejores chefs del mundo en M\u00e9xico. M\u00e1s de&hellip;<\/p>\n","protected":false},"author":2,"featured_media":9051,"comment_status":"open","ping_status":"open","sticky":false,"template":"","format":"standard","meta":{"_acf_changed":false,"_lmt_disableupdate":"","_lmt_disable":"","_mbp_gutenberg_autopost":false,"footnotes":""},"categories":[23,8],"tags":[],"class_list":["post-9049","post","type-post","status-publish","format-standard","has-post-thumbnail","hentry","category-noticias","category-turismo"],"acf":[],"_links":{"self":[{"href":"https:\/\/l21.mx\/index.php?rest_route=\/wp\/v2\/posts\/9049","targetHints":{"allow":["GET"]}}],"collection":[{"href":"https:\/\/l21.mx\/index.php?rest_route=\/wp\/v2\/posts"}],"about":[{"href":"https:\/\/l21.mx\/index.php?rest_route=\/wp\/v2\/types\/post"}],"author":[{"embeddable":true,"href":"https:\/\/l21.mx\/index.php?rest_route=\/wp\/v2\/users\/2"}],"replies":[{"embeddable":true,"href":"https:\/\/l21.mx\/index.php?rest_route=%2Fwp%2Fv2%2Fcomments&post=9049"}],"version-history":[{"count":0,"href":"https:\/\/l21.mx\/index.php?rest_route=\/wp\/v2\/posts\/9049\/revisions"}],"wp:featuredmedia":[{"embeddable":true,"href":"https:\/\/l21.mx\/index.php?rest_route=\/wp\/v2\/media\/9051"}],"wp:attachment":[{"href":"https:\/\/l21.mx\/index.php?rest_route=%2Fwp%2Fv2%2Fmedia&parent=9049"}],"wp:term":[{"taxonomy":"category","embeddable":true,"href":"https:\/\/l21.mx\/index.php?rest_route=%2Fwp%2Fv2%2Fcategories&post=9049"},{"taxonomy":"post_tag","embeddable":true,"href":"https:\/\/l21.mx\/index.php?rest_route=%2Fwp%2Fv2%2Ftags&post=9049"}],"curies":[{"name":"wp","href":"https:\/\/api.w.org\/{rel}","templated":true}]}}