{"id":9057,"date":"2015-03-13T16:57:48","date_gmt":"2015-03-13T22:57:48","guid":{"rendered":"http:\/\/innovatori.space\/lat21\/?p=9057"},"modified":"2015-03-13T16:57:48","modified_gmt":"2015-03-13T22:57:48","slug":"el-sabado-llega-a-q-roo-primer-mexicano-en-cruzar-en-remo-el-atlantico","status":"publish","type":"post","link":"https:\/\/l21.mx\/?p=9057","title":{"rendered":"EL S\u00c1BADO LLEGA A Q. ROO PRIMER MEXICANO EN CRUZAR EN REMO EL ATL\u00c1NTICO"},"content":{"rendered":"<p>&nbsp;<\/p>\n<article>\n<h1><a href=\"http:\/\/l21.mx\/wp-content\/uploads\/2015\/03\/Captura-de-pantalla-2015-03-13-a-las-17.55.23.png\" data-rel=\"penci-gallery-image-content\" ><img fetchpriority=\"high\" decoding=\"async\" class=\"alignleft size-medium wp-image-9058\" title=\"Abraham Levy, remero mexicano\" src=\"http:\/\/l21.mx\/wp-content\/uploads\/2015\/03\/Captura-de-pantalla-2015-03-13-a-las-17.55.23-300x174.png\" alt=\"\" width=\"300\" height=\"174\" \/><\/a>Inici\u00f3 su traves\u00eda en Puerto de Palos en Espa\u00f1a y prev\u00e9 arribar a la Marina Chac Chi, en el km 3.5 de la zona hotelera de Canc\u00fan.<\/h1>\n<div>\n<p dir=\"ltr\"><strong>Abraham Levy es el primer mexicano en cruzar el Oc\u00e9ano Atl\u00e1ntico en remo<\/strong>\u00a0y su\u00a0<strong>llegada a Canc\u00fan, Quintana Roo<\/strong>, est\u00e1 prevista para la ma\u00f1ana del\u00a0<strong>s\u00e1bado 14 de marzo.<\/strong><\/p>\n<p dir=\"ltr\"><strong>Levy inici\u00f3 su haza\u00f1a al salir del Puerto de Palos en Espa\u00f1a el pasado 21 de octubre<\/strong>\u00a0para realizar un viaje de miles de kil\u00f3metros en solitario, \u00fanicamente\u00a0<strong>transportado en su Bote de Remo Oce\u00e1nico (BRO),\u00a0<\/strong>dise\u00f1ado tambi\u00e9n para sus necesidades como comer y dormir<strong>.\u00a0<\/strong>El \u00fanico contacto que tuvo fue<strong>\u00a0<\/strong>conexi\u00f3n satelital o radio VHF.<\/p>\n<p dir=\"ltr\">Para su viaje, el remero mexicano,<strong>\u00a0llev\u00f3 una dieta muy espec\u00edfica<\/strong>\u00a0desde huevo en polvo con tocino hasta lasa\u00f1a o pasta con salm\u00f3n, estofado de res con papa y verduras, y de postre, un pastel de queso con frambuesa. La dieta es cuidadosamente planeada por la nutri\u00f3loga especializada en deporte Celia Peniche (Nutriq).<\/p>\n<p dir=\"ltr\">Durante su trayecto de Espa\u00f1a a costas mexicanas, con una\u00a0<strong>duraci\u00f3n de poco m\u00e1s de cuatro meses<\/strong>,\u00a0<strong>no utiliz\u00f3 ning\u00fan tipo de motor o ayuda<\/strong>, s\u00f3lo la fuerza de sus brazos para completar el esperado trayecto.<\/p>\n<p dir=\"ltr\"><strong>Nacido en el estado de Colima<\/strong>, el deportista ha recorrido muchos kil\u00f3metros en kayak entre ellos toda la costa mexicana. \u201cMi vida como explorador empez\u00f3 a los 26 a\u00f1os cuando vend\u00eda celulares de puerta en puerta; esto no era lo que me llenaba, as\u00ed que decid\u00ed apostarle todo a un proyecto con el que so\u00f1\u00e9 muchos a\u00f1os: conocer todos los rincones de la costa de M\u00e9xico&#8230;\u201d, asegura.<\/p>\n<div><\/div>\n<\/div>\n<\/article>\n<p>&nbsp;<\/p>\n<div><\/div>\n<div><\/div>\n","protected":false},"excerpt":{"rendered":"<p>&nbsp; Inici\u00f3 su traves\u00eda en Puerto de Palos en Espa\u00f1a y prev\u00e9 arribar a la Marina&hellip;<\/p>\n","protected":false},"author":2,"featured_media":9059,"comment_status":"open","ping_status":"open","sticky":false,"template":"","format":"standard","meta":{"_acf_changed":false,"_lmt_disableupdate":"","_lmt_disable":"","_mbp_gutenberg_autopost":false,"footnotes":""},"categories":[23,8],"tags":[],"class_list":["post-9057","post","type-post","status-publish","format-standard","has-post-thumbnail","hentry","category-noticias","category-turismo"],"acf":[],"yoast_head":"<!-- This site is optimized with the Yoast SEO plugin v27.3 - https:\/\/yoast.com\/product\/yoast-seo-wordpress\/ -->\n<title>EL S\u00c1BADO LLEGA A Q. ROO PRIMER MEXICANO EN CRUZAR EN REMO EL ATL\u00c1NTICO | Revista Latitud 21<\/title>\n<meta name=\"description\" content=\"L21, Emprendedores y Negocios en el Caribe Mexicano, es la revista l\u00edder entre el Sector Empresarial y Tur\u00edstico del Caribe Mexicano.\" \/>\n<meta name=\"robots\" content=\"index, follow, max-snippet:-1, max-image-preview:large, max-video-preview:-1\" \/>\n<link rel=\"canonical\" href=\"https:\/\/l21.mx\/?p=9057\" \/>\n<meta name=\"twitter:card\" content=\"summary_large_image\" \/>\n<meta name=\"twitter:title\" content=\"EL S\u00c1BADO LLEGA A Q. ROO PRIMER MEXICANO EN CRUZAR EN REMO EL ATL\u00c1NTICO | Revista Latitud 21\" \/>\n<meta name=\"twitter:description\" content=\"L21, Emprendedores y Negocios en el Caribe Mexicano, es la revista l\u00edder entre el Sector Empresarial y Tur\u00edstico del Caribe Mexicano.\" \/>\n<meta name=\"twitter:image\" content=\"https:\/\/l21.mx\/wp-content\/uploads\/2015\/03\/Abraham-Levy-remero-mexicano.png\" \/>\n<meta name=\"twitter:creator\" content=\"@Latitud21mx\" \/>\n<meta name=\"twitter:site\" content=\"@Latitud21mx\" \/>\n<meta name=\"twitter:label1\" content=\"Escrito por\" \/>\n\t<meta name=\"twitter:data1\" content=\"Latitud21 Redacci\u00f3n\" \/>\n\t<meta name=\"twitter:label2\" content=\"Tiempo de lectura\" \/>\n\t<meta name=\"twitter:data2\" content=\"1 minuto\" \/>\n<script type=\"application\/ld+json\" class=\"yoast-schema-graph\">{\"@context\":\"https:\\\/\\\/schema.org\",\"@graph\":[{\"@type\":\"Article\",\"@id\":\"https:\\\/\\\/l21.mx\\\/?p=9057#article\",\"isPartOf\":{\"@id\":\"https:\\\/\\\/l21.mx\\\/?p=9057\"},\"author\":{\"name\":\"Latitud21 Redacci\u00f3n\",\"@id\":\"https:\\\/\\\/l21.mx\\\/#\\\/schema\\\/person\\\/4b571cc212089f95579f3b66253728f1\"},\"headline\":\"EL S\u00c1BADO LLEGA A Q. ROO PRIMER MEXICANO EN CRUZAR EN REMO EL ATL\u00c1NTICO\",\"datePublished\":\"2015-03-13T22:57:48+00:00\",\"mainEntityOfPage\":{\"@id\":\"https:\\\/\\\/l21.mx\\\/?p=9057\"},\"wordCount\":312,\"commentCount\":0,\"publisher\":{\"@id\":\"https:\\\/\\\/l21.mx\\\/#organization\"},\"image\":{\"@id\":\"https:\\\/\\\/l21.mx\\\/?p=9057#primaryimage\"},\"thumbnailUrl\":\"https:\\\/\\\/l21.mx\\\/wp-content\\\/uploads\\\/2015\\\/03\\\/Abraham-Levy-remero-mexicano.png\",\"articleSection\":[\"Noticias\",\"Turismo\"],\"inLanguage\":\"es\",\"potentialAction\":[{\"@type\":\"CommentAction\",\"name\":\"Comment\",\"target\":[\"https:\\\/\\\/l21.mx\\\/?p=9057#respond\"]}]},{\"@type\":\"WebPage\",\"@id\":\"https:\\\/\\\/l21.mx\\\/?p=9057\",\"url\":\"https:\\\/\\\/l21.mx\\\/?p=9057\",\"name\":\"EL S\u00c1BADO LLEGA A Q. ROO PRIMER MEXICANO EN CRUZAR EN REMO EL ATL\u00c1NTICO | Revista Latitud 21\",\"isPartOf\":{\"@id\":\"https:\\\/\\\/l21.mx\\\/#website\"},\"primaryImageOfPage\":{\"@id\":\"https:\\\/\\\/l21.mx\\\/?p=9057#primaryimage\"},\"image\":{\"@id\":\"https:\\\/\\\/l21.mx\\\/?p=9057#primaryimage\"},\"thumbnailUrl\":\"https:\\\/\\\/l21.mx\\\/wp-content\\\/uploads\\\/2015\\\/03\\\/Abraham-Levy-remero-mexicano.png\",\"datePublished\":\"2015-03-13T22:57:48+00:00\",\"description\":\"L21, Emprendedores y Negocios en el Caribe Mexicano, es la revista l\u00edder entre el Sector Empresarial y Tur\u00edstico del Caribe Mexicano.\",\"breadcrumb\":{\"@id\":\"https:\\\/\\\/l21.mx\\\/?p=9057#breadcrumb\"},\"inLanguage\":\"es\",\"potentialAction\":[{\"@type\":\"ReadAction\",\"target\":[\"https:\\\/\\\/l21.mx\\\/?p=9057\"]}]},{\"@type\":\"ImageObject\",\"inLanguage\":\"es\",\"@id\":\"https:\\\/\\\/l21.mx\\\/?p=9057#primaryimage\",\"url\":\"https:\\\/\\\/l21.mx\\\/wp-content\\\/uploads\\\/2015\\\/03\\\/Abraham-Levy-remero-mexicano.png\",\"contentUrl\":\"https:\\\/\\\/l21.mx\\\/wp-content\\\/uploads\\\/2015\\\/03\\\/Abraham-Levy-remero-mexicano.png\",\"width\":90,\"height\":60},{\"@type\":\"BreadcrumbList\",\"@id\":\"https:\\\/\\\/l21.mx\\\/?p=9057#breadcrumb\",\"itemListElement\":[{\"@type\":\"ListItem\",\"position\":1,\"name\":\"Portada\",\"item\":\"https:\\\/\\\/l21.mx\\\/\"},{\"@type\":\"ListItem\",\"position\":2,\"name\":\"EL S\u00c1BADO LLEGA A Q. ROO PRIMER MEXICANO EN CRUZAR EN REMO EL ATL\u00c1NTICO\"}]},{\"@type\":\"WebSite\",\"@id\":\"https:\\\/\\\/l21.mx\\\/#website\",\"url\":\"https:\\\/\\\/l21.mx\\\/\",\"name\":\"Revista Latitud 21\",\"description\":\"Emprendedores  y negocios en el Caribe Mexicano\",\"publisher\":{\"@id\":\"https:\\\/\\\/l21.mx\\\/#organization\"},\"potentialAction\":[{\"@type\":\"SearchAction\",\"target\":{\"@type\":\"EntryPoint\",\"urlTemplate\":\"https:\\\/\\\/l21.mx\\\/?s={search_term_string}\"},\"query-input\":{\"@type\":\"PropertyValueSpecification\",\"valueRequired\":true,\"valueName\":\"search_term_string\"}}],\"inLanguage\":\"es\"},{\"@type\":\"Organization\",\"@id\":\"https:\\\/\\\/l21.mx\\\/#organization\",\"name\":\"Grupo Editorial Latitud 21 SA de CV\",\"url\":\"https:\\\/\\\/l21.mx\\\/\",\"logo\":{\"@type\":\"ImageObject\",\"inLanguage\":\"es\",\"@id\":\"https:\\\/\\\/l21.mx\\\/#\\\/schema\\\/logo\\\/image\\\/\",\"url\":\"https:\\\/\\\/l21.mx\\\/wp-content\\\/uploads\\\/2020\\\/10\\\/logo-l21-baja.jpg\",\"contentUrl\":\"https:\\\/\\\/l21.mx\\\/wp-content\\\/uploads\\\/2020\\\/10\\\/logo-l21-baja.jpg\",\"width\":250,\"height\":250,\"caption\":\"Grupo Editorial Latitud 21 SA de CV\"},\"image\":{\"@id\":\"https:\\\/\\\/l21.mx\\\/#\\\/schema\\\/logo\\\/image\\\/\"},\"sameAs\":[\"https:\\\/\\\/www.facebook.com\\\/RevistaLatitud21\\\/\",\"https:\\\/\\\/x.com\\\/Latitud21mx\"]},{\"@type\":\"Person\",\"@id\":\"https:\\\/\\\/l21.mx\\\/#\\\/schema\\\/person\\\/4b571cc212089f95579f3b66253728f1\",\"name\":\"Latitud21 Redacci\u00f3n\",\"url\":\"https:\\\/\\\/l21.mx\\\/?author=2\"}]}<\/script>\n<!-- \/ Yoast SEO plugin. -->","yoast_head_json":{"title":"EL S\u00c1BADO LLEGA A Q. ROO PRIMER MEXICANO EN CRUZAR EN REMO EL ATL\u00c1NTICO | Revista Latitud 21","description":"L21, Emprendedores y Negocios en el Caribe Mexicano, es la revista l\u00edder entre el Sector Empresarial y Tur\u00edstico del Caribe Mexicano.","robots":{"index":"index","follow":"follow","max-snippet":"max-snippet:-1","max-image-preview":"max-image-preview:large","max-video-preview":"max-video-preview:-1"},"canonical":"https:\/\/l21.mx\/?p=9057","twitter_card":"summary_large_image","twitter_title":"EL S\u00c1BADO LLEGA A Q. ROO PRIMER MEXICANO EN CRUZAR EN REMO EL ATL\u00c1NTICO | Revista Latitud 21","twitter_description":"L21, Emprendedores y Negocios en el Caribe Mexicano, es la revista l\u00edder entre el Sector Empresarial y Tur\u00edstico del Caribe Mexicano.","twitter_image":"https:\/\/l21.mx\/wp-content\/uploads\/2015\/03\/Abraham-Levy-remero-mexicano.png","twitter_creator":"@Latitud21mx","twitter_site":"@Latitud21mx","twitter_misc":{"Escrito por":"Latitud21 Redacci\u00f3n","Tiempo de lectura":"1 minuto"},"schema":{"@context":"https:\/\/schema.org","@graph":[{"@type":"Article","@id":"https:\/\/l21.mx\/?p=9057#article","isPartOf":{"@id":"https:\/\/l21.mx\/?p=9057"},"author":{"name":"Latitud21 Redacci\u00f3n","@id":"https:\/\/l21.mx\/#\/schema\/person\/4b571cc212089f95579f3b66253728f1"},"headline":"EL S\u00c1BADO LLEGA A Q. ROO PRIMER MEXICANO EN CRUZAR EN REMO EL ATL\u00c1NTICO","datePublished":"2015-03-13T22:57:48+00:00","mainEntityOfPage":{"@id":"https:\/\/l21.mx\/?p=9057"},"wordCount":312,"commentCount":0,"publisher":{"@id":"https:\/\/l21.mx\/#organization"},"image":{"@id":"https:\/\/l21.mx\/?p=9057#primaryimage"},"thumbnailUrl":"https:\/\/l21.mx\/wp-content\/uploads\/2015\/03\/Abraham-Levy-remero-mexicano.png","articleSection":["Noticias","Turismo"],"inLanguage":"es","potentialAction":[{"@type":"CommentAction","name":"Comment","target":["https:\/\/l21.mx\/?p=9057#respond"]}]},{"@type":"WebPage","@id":"https:\/\/l21.mx\/?p=9057","url":"https:\/\/l21.mx\/?p=9057","name":"EL S\u00c1BADO LLEGA A Q. ROO PRIMER MEXICANO EN CRUZAR EN REMO EL ATL\u00c1NTICO | Revista Latitud 21","isPartOf":{"@id":"https:\/\/l21.mx\/#website"},"primaryImageOfPage":{"@id":"https:\/\/l21.mx\/?p=9057#primaryimage"},"image":{"@id":"https:\/\/l21.mx\/?p=9057#primaryimage"},"thumbnailUrl":"https:\/\/l21.mx\/wp-content\/uploads\/2015\/03\/Abraham-Levy-remero-mexicano.png","datePublished":"2015-03-13T22:57:48+00:00","description":"L21, Emprendedores y Negocios en el Caribe Mexicano, es la revista l\u00edder entre el Sector Empresarial y Tur\u00edstico del Caribe Mexicano.","breadcrumb":{"@id":"https:\/\/l21.mx\/?p=9057#breadcrumb"},"inLanguage":"es","potentialAction":[{"@type":"ReadAction","target":["https:\/\/l21.mx\/?p=9057"]}]},{"@type":"ImageObject","inLanguage":"es","@id":"https:\/\/l21.mx\/?p=9057#primaryimage","url":"https:\/\/l21.mx\/wp-content\/uploads\/2015\/03\/Abraham-Levy-remero-mexicano.png","contentUrl":"https:\/\/l21.mx\/wp-content\/uploads\/2015\/03\/Abraham-Levy-remero-mexicano.png","width":90,"height":60},{"@type":"BreadcrumbList","@id":"https:\/\/l21.mx\/?p=9057#breadcrumb","itemListElement":[{"@type":"ListItem","position":1,"name":"Portada","item":"https:\/\/l21.mx\/"},{"@type":"ListItem","position":2,"name":"EL S\u00c1BADO LLEGA A Q. ROO PRIMER MEXICANO EN CRUZAR EN REMO EL ATL\u00c1NTICO"}]},{"@type":"WebSite","@id":"https:\/\/l21.mx\/#website","url":"https:\/\/l21.mx\/","name":"Revista Latitud 21","description":"Emprendedores  y negocios en el Caribe Mexicano","publisher":{"@id":"https:\/\/l21.mx\/#organization"},"potentialAction":[{"@type":"SearchAction","target":{"@type":"EntryPoint","urlTemplate":"https:\/\/l21.mx\/?s={search_term_string}"},"query-input":{"@type":"PropertyValueSpecification","valueRequired":true,"valueName":"search_term_string"}}],"inLanguage":"es"},{"@type":"Organization","@id":"https:\/\/l21.mx\/#organization","name":"Grupo Editorial Latitud 21 SA de CV","url":"https:\/\/l21.mx\/","logo":{"@type":"ImageObject","inLanguage":"es","@id":"https:\/\/l21.mx\/#\/schema\/logo\/image\/","url":"https:\/\/l21.mx\/wp-content\/uploads\/2020\/10\/logo-l21-baja.jpg","contentUrl":"https:\/\/l21.mx\/wp-content\/uploads\/2020\/10\/logo-l21-baja.jpg","width":250,"height":250,"caption":"Grupo Editorial Latitud 21 SA de CV"},"image":{"@id":"https:\/\/l21.mx\/#\/schema\/logo\/image\/"},"sameAs":["https:\/\/www.facebook.com\/RevistaLatitud21\/","https:\/\/x.com\/Latitud21mx"]},{"@type":"Person","@id":"https:\/\/l21.mx\/#\/schema\/person\/4b571cc212089f95579f3b66253728f1","name":"Latitud21 Redacci\u00f3n","url":"https:\/\/l21.mx\/?author=2"}]}},"amp_enabled":true,"_links":{"self":[{"href":"https:\/\/l21.mx\/index.php?rest_route=\/wp\/v2\/posts\/9057","targetHints":{"allow":["GET"]}}],"collection":[{"href":"https:\/\/l21.mx\/index.php?rest_route=\/wp\/v2\/posts"}],"about":[{"href":"https:\/\/l21.mx\/index.php?rest_route=\/wp\/v2\/types\/post"}],"author":[{"embeddable":true,"href":"https:\/\/l21.mx\/index.php?rest_route=\/wp\/v2\/users\/2"}],"replies":[{"embeddable":true,"href":"https:\/\/l21.mx\/index.php?rest_route=%2Fwp%2Fv2%2Fcomments&post=9057"}],"version-history":[{"count":0,"href":"https:\/\/l21.mx\/index.php?rest_route=\/wp\/v2\/posts\/9057\/revisions"}],"wp:featuredmedia":[{"embeddable":true,"href":"https:\/\/l21.mx\/index.php?rest_route=\/wp\/v2\/media\/9059"}],"wp:attachment":[{"href":"https:\/\/l21.mx\/index.php?rest_route=%2Fwp%2Fv2%2Fmedia&parent=9057"}],"wp:term":[{"taxonomy":"category","embeddable":true,"href":"https:\/\/l21.mx\/index.php?rest_route=%2Fwp%2Fv2%2Fcategories&post=9057"},{"taxonomy":"post_tag","embeddable":true,"href":"https:\/\/l21.mx\/index.php?rest_route=%2Fwp%2Fv2%2Ftags&post=9057"}],"curies":[{"name":"wp","href":"https:\/\/api.w.org\/{rel}","templated":true}]}}