{"id":90618,"date":"2026-04-01T08:20:30","date_gmt":"2026-04-01T13:20:30","guid":{"rendered":"https:\/\/l21.mx\/?p=90618"},"modified":"2026-04-01T08:20:30","modified_gmt":"2026-04-01T13:20:30","slug":"segundo-coloquio-sobre-administracion-publica-y-desarrollo-sostenible","status":"publish","type":"post","link":"https:\/\/l21.mx\/?p=90618","title":{"rendered":"Segundo Coloquio sobre Administraci\u00f3n P\u00fablica y Desarrollo Sostenible"},"content":{"rendered":"<p>Canc\u00fan.- Como parte de las acciones del Nuevo Acuerdo por el Bienestar y Desarrollo de Quintana Roo, se llev\u00f3 a cabo el Segundo Coloquio \u201cRetos y Perspectivas de la Administraci\u00f3n P\u00fablica en Quintana Roo: Plan Estrat\u00e9gico de Desarrollo Sostenible 2025-2050\u201d, en las instalaciones de la Universidad del Caribe.<\/p>\n<p>Este encuentro reuni\u00f3 a autoridades del Gobierno del Estado, gobiernos municipales, representantes de instituciones de educaci\u00f3n superior, sociedad civil y comunidad estudiantil, con el objetivo de fortalecer la participaci\u00f3n ciudadana y acad\u00e9mica en la construcci\u00f3n de pol\u00edticas p\u00fablicas que impulsen el desarrollo sostenible de Quintana Roo.<\/p>\n<p>A trav\u00e9s de este espacio de di\u00e1logo, se promovi\u00f3 el intercambio de ideas, experiencias y propuestas que permitan consolidar un modelo de planeaci\u00f3n estrat\u00e9gica con visi\u00f3n de largo plazo, centrado en el bienestar de las y los quintanarroenses, as\u00ed como en el equilibrio social, econ\u00f3mico y ambiental del estado.<\/p>\n<p>Durante el coloquio, las y los participantes compartieron avances y hallazgos derivados del diagn\u00f3stico del Plan Estrat\u00e9gico de Desarrollo Sostenible de Quintana Roo 2025-2050, un instrumento de planeaci\u00f3n que busca trazar la ruta de crecimiento del estado a largo plazo, alineando pol\u00edticas p\u00fablicas, inversi\u00f3n y acciones gubernamentales bajo criterios de sostenibilidad, inclusi\u00f3n y bienestar social.<\/p>\n<p>Adem\u00e1s, se destac\u00f3 la importancia de la coordinaci\u00f3n interinstitucional, el uso de evidencia acad\u00e9mica y la integraci\u00f3n de diversas perspectivas territoriales, sociales y econ\u00f3micas para fortalecer la toma de decisiones p\u00fablicas y garantizar un desarrollo equilibrado que responda a las necesidades presentes sin comprometer las de las futuras generaciones.<\/p>\n<p>Asimismo, se reafirm\u00f3 el compromiso de generar espacios permanentes de colaboraci\u00f3n entre la academia, el Gobierno del Estado y la sociedad, que permitan atender los retos actuales y aprovechar las oportunidades de crecimiento en beneficio de la ciudadan\u00eda.<\/p>\n<p>En el evento participaron Sergio de Luna Gallegos, secretario ejecutivo del Nuevo Acuerdo por el Bienestar y Desarrollo; Josu\u00e9 Nivardo Mena Villanueva, presidente municipal de L\u00e1zaro C\u00e1rdenas; Odette Ruiz Mart\u00ednez, subsecretaria de Planeaci\u00f3n; Rodrigo Guill\u00e9n L\u00f3pez, secretario acad\u00e9mico de la Universidad del Caribe; Juanita Jim\u00e9nez, representante de la Universidad Intercultural Maya de Quintana Roo; Luis Constantino Elizondo Paredes, coordinador de la Escuela Internacional de Gobierno y Estudios Globales de la Universidad An\u00e1huac Canc\u00fan; as\u00ed como Cinthya Dehesa Guzm\u00e1n, directora general de Ciudadan@s por la Transparencia.<\/p>\n","protected":false},"excerpt":{"rendered":"<p>Canc\u00fan.- Como parte de las acciones del Nuevo Acuerdo por el Bienestar y Desarrollo de Quintana&hellip;<\/p>\n","protected":false},"author":100,"featured_media":90619,"comment_status":"closed","ping_status":"closed","sticky":false,"template":"","format":"standard","meta":{"_acf_changed":false,"_lmt_disableupdate":"","_lmt_disable":"","_mbp_gutenberg_autopost":false,"footnotes":""},"categories":[23],"tags":[1962],"class_list":["post-90618","post","type-post","status-publish","format-standard","has-post-thumbnail","hentry","category-noticias","tag-desarrollo-sostenible"],"acf":[],"_links":{"self":[{"href":"https:\/\/l21.mx\/index.php?rest_route=\/wp\/v2\/posts\/90618","targetHints":{"allow":["GET"]}}],"collection":[{"href":"https:\/\/l21.mx\/index.php?rest_route=\/wp\/v2\/posts"}],"about":[{"href":"https:\/\/l21.mx\/index.php?rest_route=\/wp\/v2\/types\/post"}],"author":[{"embeddable":true,"href":"https:\/\/l21.mx\/index.php?rest_route=\/wp\/v2\/users\/100"}],"replies":[{"embeddable":true,"href":"https:\/\/l21.mx\/index.php?rest_route=%2Fwp%2Fv2%2Fcomments&post=90618"}],"version-history":[{"count":0,"href":"https:\/\/l21.mx\/index.php?rest_route=\/wp\/v2\/posts\/90618\/revisions"}],"wp:featuredmedia":[{"embeddable":true,"href":"https:\/\/l21.mx\/index.php?rest_route=\/wp\/v2\/media\/90619"}],"wp:attachment":[{"href":"https:\/\/l21.mx\/index.php?rest_route=%2Fwp%2Fv2%2Fmedia&parent=90618"}],"wp:term":[{"taxonomy":"category","embeddable":true,"href":"https:\/\/l21.mx\/index.php?rest_route=%2Fwp%2Fv2%2Fcategories&post=90618"},{"taxonomy":"post_tag","embeddable":true,"href":"https:\/\/l21.mx\/index.php?rest_route=%2Fwp%2Fv2%2Ftags&post=90618"}],"curies":[{"name":"wp","href":"https:\/\/api.w.org\/{rel}","templated":true}]}}