{"id":9067,"date":"2015-03-18T10:11:30","date_gmt":"2015-03-18T16:11:30","guid":{"rendered":"http:\/\/innovatori.space\/lat21\/?p=9067"},"modified":"2015-03-18T10:11:30","modified_gmt":"2015-03-18T16:11:30","slug":"hoy-se-decide-la-sede-del-tianguis-turistico-de-2016","status":"publish","type":"post","link":"https:\/\/l21.mx\/?p=9067","title":{"rendered":"Hoy se decide la sede del Tianguis Tur\u00edstico de 2016"},"content":{"rendered":"<div>\n<h1><a href=\"http:\/\/l21.mx\/wp-content\/uploads\/2015\/03\/Captura-de-pantalla-2015-03-18-a-las-11.05.28.png\" data-rel=\"penci-gallery-image-content\" ><img fetchpriority=\"high\" decoding=\"async\" class=\"alignleft size-medium wp-image-9068\" title=\"Captura de pantalla 2015-03-18 a las 11.05.28\" src=\"http:\/\/l21.mx\/wp-content\/uploads\/2015\/03\/Captura-de-pantalla-2015-03-18-a-las-11.05.28-300x182.png\" alt=\"\" width=\"300\" height=\"182\" srcset=\"https:\/\/l21.mx\/wp-content\/uploads\/2015\/03\/Captura-de-pantalla-2015-03-18-a-las-11.05.28-300x182.png 300w, https:\/\/l21.mx\/wp-content\/uploads\/2015\/03\/Captura-de-pantalla-2015-03-18-a-las-11.05.28-585x355.png 585w, https:\/\/l21.mx\/wp-content\/uploads\/2015\/03\/Captura-de-pantalla-2015-03-18-a-las-11.05.28.png 604w\" sizes=\"(max-width: 300px) 100vw, 300px\" \/><\/a>(Carlos Vel\u00e1zquez, Columnista en Exc\u00e9lsior. ) Si las bases para contender por la sede de la edici\u00f3n XLI del Tianguis Tur\u00edstico 2016 se dilataron m\u00e1s de lo previsto, la decisi\u00f3n se dar\u00e1 a conocer en un tiempo r\u00e9cord.<\/h1>\n<\/div>\n<div id=\"nota-final-body\">\n<div>\n<p>De hecho hoy mi\u00e9rcoles en la ma\u00f1ana,\u00a0<strong>Claudia Ruiz Massieu<\/strong>, secretaria de Turismo, dar\u00e1 a conocer cu\u00e1l ser\u00e1 el destino que organizar\u00e1 este evento el pr\u00f3ximo a\u00f1o.<\/p>\n<p>Para ello est\u00e1 convocando a las 10 am, en el edificio de Presidente Mazaryk, a los funcionarios p\u00fablicos y empresarios que votar\u00e1n despu\u00e9s de que la funcionaria haga sus consideraciones.<\/p>\n<p>Los cuatros estados participantes son Guanajuato, Jalisco, Yucat\u00e1n y Quintana Roo; de todos ellos, pr\u00e1cticamente est\u00e1 descartado este \u00faltimo, pues si bien all\u00ed est\u00e1n los destinos tur\u00edsticos de sol y playa m\u00e1s exitosos de M\u00e9xico, hace apenas un a\u00f1o, en 2014, fue sede del evento.<\/p>\n<p>Guanajuato, a trav\u00e9s de su secretario de Turismo,\u00a0<strong>Fernando Olivera<\/strong>, es el que ha hecho una campa\u00f1a m\u00e1s abierta, dando a conocer sus argumentos a trav\u00e9s de los medios y cabildeando con los empresarios y funcionarios del sector turismo.<\/p>\n<p>Su propuesta involucra promoci\u00f3n para seis estados del centro del pa\u00eds, sus destinos son culturales y de negocios; aunque, como contraparte, el gobernador de Guanajuato,\u00a0<strong>Miguel M\u00e1rquez<\/strong>, proviene de las filas del PAN.<\/p>\n<p>En Guadalajara el gobernador de Jalisco,\u00a0<strong>Arist\u00f3teles Sandoval<\/strong>, proviene de las filas del PRI, y esta ciudad cuenta con una importante infraestructura hotelera y de turismo de negocios.<\/p>\n<p>En contra Puerto Vallarta, tambi\u00e9n en Jalisco, fue hace tres a\u00f1os el primer destino que obtuvo el Tianguis en su modalidad itinerante.<\/p>\n<p>En Yucat\u00e1n el gobernador\u00a0<strong>Rolando Zapata<\/strong>\u00a0tambi\u00e9n proviene de las filas del PRI, pero la conectividad a\u00e9rea de M\u00e9rida no se compara con la del Baj\u00edo o de Guadalajara, aunque tiene a dos horas por tierra el aeropuerto de Canc\u00fan.<\/p>\n<p>Es una buena se\u00f1al que el tema vaya a ser resuelto en una sesi\u00f3n de trabajo, pues anticipa que la votaci\u00f3n ser\u00e1 efectiva y no es previsible que se planee un manejo poco transparente.<\/p>\n<p>Hace cuatro a\u00f1os, cuando se decidieron los Tianguis de Vallarta-Riviera Nayarit, Puebla y Canc\u00fan-Riviera Maya, el proceso fue menos expedito.<\/p>\n<p>Cada uno de los secretarios present\u00f3 sus propuestas, invirtieron para que sus presentaciones fueran llamativas, cabildearon con los votantes y hasta los propios funcionarios de la Secretar\u00eda de Turismo filtraron los nombres de sus favoritos.<\/p>\n<p>Una breve sesi\u00f3n como la de hoy, apenas da tiempo para emitir una valoraci\u00f3n t\u00e9cnica, que ya se hizo, e incluso dos de los secretarios de Turismo involucrados,\u00a0<strong>Enrique Ramos<\/strong>\u00a0 y\u00a0<strong>Sa\u00fal<\/strong>\u00a0<strong>Ancona<\/strong>\u00a0est\u00e1n en Miami en un evento de cruceros.<\/p>\n<p>As\u00ed es que lo deseable es que hoy las autoridades con ocho votos, y los empresarios, con cinco, tomen una decisi\u00f3n en donde el principal fin sea apoyar el crecimiento del turismo mexicano.<\/p>\n<\/div>\n<\/div>\n","protected":false},"excerpt":{"rendered":"<p>(Carlos Vel\u00e1zquez, Columnista en Exc\u00e9lsior. ) Si las bases para contender por la sede de la&hellip;<\/p>\n","protected":false},"author":2,"featured_media":9069,"comment_status":"open","ping_status":"open","sticky":false,"template":"","format":"standard","meta":{"_acf_changed":false,"_lmt_disableupdate":"","_lmt_disable":"","_mbp_gutenberg_autopost":false,"footnotes":""},"categories":[23,8],"tags":[],"class_list":["post-9067","post","type-post","status-publish","format-standard","has-post-thumbnail","hentry","category-noticias","category-turismo"],"acf":[],"_links":{"self":[{"href":"https:\/\/l21.mx\/index.php?rest_route=\/wp\/v2\/posts\/9067","targetHints":{"allow":["GET"]}}],"collection":[{"href":"https:\/\/l21.mx\/index.php?rest_route=\/wp\/v2\/posts"}],"about":[{"href":"https:\/\/l21.mx\/index.php?rest_route=\/wp\/v2\/types\/post"}],"author":[{"embeddable":true,"href":"https:\/\/l21.mx\/index.php?rest_route=\/wp\/v2\/users\/2"}],"replies":[{"embeddable":true,"href":"https:\/\/l21.mx\/index.php?rest_route=%2Fwp%2Fv2%2Fcomments&post=9067"}],"version-history":[{"count":0,"href":"https:\/\/l21.mx\/index.php?rest_route=\/wp\/v2\/posts\/9067\/revisions"}],"wp:featuredmedia":[{"embeddable":true,"href":"https:\/\/l21.mx\/index.php?rest_route=\/wp\/v2\/media\/9069"}],"wp:attachment":[{"href":"https:\/\/l21.mx\/index.php?rest_route=%2Fwp%2Fv2%2Fmedia&parent=9067"}],"wp:term":[{"taxonomy":"category","embeddable":true,"href":"https:\/\/l21.mx\/index.php?rest_route=%2Fwp%2Fv2%2Fcategories&post=9067"},{"taxonomy":"post_tag","embeddable":true,"href":"https:\/\/l21.mx\/index.php?rest_route=%2Fwp%2Fv2%2Ftags&post=9067"}],"curies":[{"name":"wp","href":"https:\/\/api.w.org\/{rel}","templated":true}]}}