{"id":90919,"date":"2026-04-30T17:22:53","date_gmt":"2026-04-30T22:22:53","guid":{"rendered":"https:\/\/l21.mx\/?p=90919"},"modified":"2026-04-30T17:22:53","modified_gmt":"2026-04-30T22:22:53","slug":"destino-con-prestigio","status":"publish","type":"post","link":"https:\/\/l21.mx\/?p=90919","title":{"rendered":"Destino con prestigio"},"content":{"rendered":"<p>&nbsp;<\/p>\n<p><b>Grupo Mesones de Valladolid fortalece su presencia en el turismo de alto nivel al combinar certificaciones de calidad con experiencias de romance que impulsan al oriente de Yucat\u00e1n como un referente emergente del sureste mexicano<\/b><\/p>\n<p><b>E<\/b>n el coraz\u00f3n del oriente de Yucat\u00e1n, Valladolid se ha consolidado como uno de los destinos con mayor crecimiento dentro del turismo cultural y de experiencias en la Pen\u00ednsula. Su arquitectura colonial, la cercan\u00eda con cenotes y zonas arqueol\u00f3gicas, as\u00ed como su ubicaci\u00f3n estrat\u00e9gica entre M\u00e9rida y Canc\u00fan, han convertido a este Pueblo M\u00e1gico en un punto clave para viajeros nacionales e internacionales que buscan una oferta distinta dentro del Caribe mexicano.<\/p>\n<p>En este escenario, las empresas tur\u00edsticas que apuestan por la profesionalizaci\u00f3n y la innovaci\u00f3n comienzan a marcar una diferencia en la competitividad regional. Grupo Mesones de Valladolid es una de ellas. La firma yucateca ha reforzado su presencia en el sector al combinar altos est\u00e1ndares de calidad en hospitalidad con una propuesta enfocada en experiencias personalizadas, desde el hospedaje tradicional hasta el turismo de romance, un segmento que gana terreno en el sureste del pa\u00eds.<\/p>\n<div data-sliderid=\"79009\" id=\"penci-post-gallery__79009\" class=\"penci-post-gallery-container justified column-3\" data-height=\"150\" data-margin=\"3\"><a class=\"penci-gallery-ite item-gallery-justified\" href=\"https:\/\/l21.mx\/wp-content\/uploads\/2026\/04\/ALMACEN-2-1.jpg\" data-rel=\"penci-gallery-image-content\" ><img decoding=\"async\" src=\"https:\/\/l21.mx\/wp-content\/uploads\/2026\/04\/ALMACEN-2-1-585x390.jpg\" alt=\"\" title=\"ALMAC\u00c9N-2\"><\/a><a class=\"penci-gallery-ite item-gallery-justified\" href=\"https:\/\/l21.mx\/wp-content\/uploads\/2026\/04\/Distintivos-1.jpg\" data-rel=\"penci-gallery-image-content\" ><img decoding=\"async\" src=\"https:\/\/l21.mx\/wp-content\/uploads\/2026\/04\/Distintivos-1-585x439.jpg\" alt=\"\" title=\"Distintivos\"><\/a><a class=\"penci-gallery-ite item-gallery-justified\" href=\"https:\/\/l21.mx\/wp-content\/uploads\/2026\/04\/DON-DIABLO-1.jpg\" data-rel=\"penci-gallery-image-content\" ><img decoding=\"async\" src=\"https:\/\/l21.mx\/wp-content\/uploads\/2026\/04\/DON-DIABLO-1-585x390.jpg\" alt=\"\" title=\"DON-DIABLO-1\"><\/a><a class=\"penci-gallery-ite item-gallery-justified\" href=\"https:\/\/l21.mx\/wp-content\/uploads\/2026\/04\/HMM-3.jpg\" data-rel=\"penci-gallery-image-content\" ><img decoding=\"async\" src=\"https:\/\/l21.mx\/wp-content\/uploads\/2026\/04\/HMM-3-585x390.jpg\" alt=\"\" title=\"HMM-3\"><\/a><a class=\"penci-gallery-ite item-gallery-justified\" href=\"https:\/\/l21.mx\/wp-content\/uploads\/2026\/04\/MESTIZO-MISTERIO-CULINARIO-1-jpg-1.jpg\" data-rel=\"penci-gallery-image-content\" ><img decoding=\"async\" src=\"https:\/\/l21.mx\/wp-content\/uploads\/2026\/04\/MESTIZO-MISTERIO-CULINARIO-1-jpg-1-585x390.jpg\" alt=\"\" title=\"MESTIZO-MISTERIO-CULINARIO-1-jpg\"><\/a><a class=\"penci-gallery-ite item-gallery-justified\" href=\"https:\/\/l21.mx\/wp-content\/uploads\/2026\/04\/ORIUNDO-2.-Lobby.jpg\" data-rel=\"penci-gallery-image-content\" ><img decoding=\"async\" src=\"https:\/\/l21.mx\/wp-content\/uploads\/2026\/04\/ORIUNDO-2.-Lobby-585x439.jpg\" alt=\"\" title=\"ORIUNDO-2.-Lobby\"><\/a><a class=\"penci-gallery-ite item-gallery-justified\" href=\"https:\/\/l21.mx\/wp-content\/uploads\/2026\/04\/ORIUNDO-3.-piscina.jpg\" data-rel=\"penci-gallery-image-content\" ><img decoding=\"async\" src=\"https:\/\/l21.mx\/wp-content\/uploads\/2026\/04\/ORIUNDO-3.-piscina-585x452.jpg\" alt=\"\" title=\"ORIUNDO-3.-piscina\"><\/a><a class=\"penci-gallery-ite item-gallery-justified\" href=\"https:\/\/l21.mx\/wp-content\/uploads\/2026\/04\/SELVA-MAYA-1.-Cenote-Saamal-3.jpg\" data-rel=\"penci-gallery-image-content\" ><img decoding=\"async\" src=\"https:\/\/l21.mx\/wp-content\/uploads\/2026\/04\/SELVA-MAYA-1.-Cenote-Saamal-3-585x439.jpg\" alt=\"\" title=\"SELVA-MAYA-1.-Cenote-Saamal-3\"><\/a><a class=\"penci-gallery-ite item-gallery-justified\" href=\"https:\/\/l21.mx\/wp-content\/uploads\/2026\/04\/SELVA-MAYA-2.jpg\" data-rel=\"penci-gallery-image-content\" ><img decoding=\"async\" src=\"https:\/\/l21.mx\/wp-content\/uploads\/2026\/04\/SELVA-MAYA-2-585x390.jpg\" alt=\"\" title=\"SELVA-MAYA-2\"><\/a><a class=\"penci-gallery-ite item-gallery-justified\" href=\"https:\/\/l21.mx\/wp-content\/uploads\/2026\/04\/TACENDA-2-1.jpg\" data-rel=\"penci-gallery-image-content\" ><img decoding=\"async\" src=\"https:\/\/l21.mx\/wp-content\/uploads\/2026\/04\/TACENDA-2-1-585x389.jpg\" alt=\"\" title=\"TACENDA-2\"><\/a><\/div>\n<p>Reconocimiento a<span class=\"Apple-converted-space\">\u00a0<\/span>la excelencia tur\u00edstica<\/p>\n<p>Como parte del Programa Integral de Capacitaci\u00f3n y Competitividad Tur\u00edstica impulsado por la Secretar\u00eda de Fomento Tur\u00edstico de Yucat\u00e1n, Grupo Mesones recibi\u00f3 nuevamente los distintivos \u201cH\u201d y \u201cM\u201d, reconocimientos que avalan las buenas pr\u00e1cticas en higiene, servicio y gesti\u00f3n empresarial dentro de la industria tur\u00edstica.<\/p>\n<p>El subsecretario de Desarrollo Tur\u00edstico Sustentable, Ra\u00fal Paz Noriega, destac\u00f3 que estos reconocimientos refrendan el compromiso del grupo con la calidad en algunos de sus espacios m\u00e1s representativos. En esta edici\u00f3n, diversas \u00e1reas de alimentos y bebidas del Hotel Mes\u00f3n del Marqu\u00e9s y de Hacienda Selva Maya fueron certificadas con el Distintivo \u201cH\u201d, mientras que el Hotel Mes\u00f3n del Marqu\u00e9s obtuvo adem\u00e1s el Distintivo \u201cM\u201d, que reconoce la aplicaci\u00f3n de procesos de mejora continua para elevar la competitividad del negocio.<\/p>\n<p>Estos resultados reflejan una estrategia enfocada en fortalecer la confianza del visitante, elevar el nivel de los servicios tur\u00edsticos en la regi\u00f3n y consolidar una operaci\u00f3n alineada con las exigencias del mercado nacional e internacional.<\/p>\n<p>Crecimiento del turismo de romance<\/p>\n<p>A la par de su fortalecimiento operativo, Grupo Mesones tambi\u00e9n participa en uno de los segmentos con mayor proyecci\u00f3n en el turismo internacional: las bodas de destino.<\/p>\n<p>La combinaci\u00f3n entre historia, naturaleza y cultura viva ha colocado a Valladolid como una alternativa cada vez m\u00e1s atractiva para parejas que buscan ceremonias alejadas de los formatos tradicionales. En este entorno, las experiencias pueden integrar rituales mayas en cenotes o cavernas, gastronom\u00eda regional y espacios concebidos para celebraciones \u00edntimas en contacto con la naturaleza.<\/p>\n<p>Parte de esta propuesta se desarrolla en Oriundo Luxury Nature Villas, un concepto inmerso en la selva que ampl\u00eda la oferta de hospitalidad premium de la regi\u00f3n. El proyecto ha sido dise\u00f1ado para ofrecer privacidad, exclusividad y una conexi\u00f3n aut\u00e9ntica con el entorno, sumando valor a un segmento tur\u00edstico que privilegia la personalizaci\u00f3n y la autenticidad.<\/p>\n<p>Visi\u00f3n integral<span class=\"Apple-converted-space\">\u00a0<\/span><\/p>\n<p>La fortaleza del grupo radica en haber construido una oferta que conecta dos elementos cada vez m\u00e1s valorados por el viajero contempor\u00e1neo: la certeza de un servicio de calidad y la posibilidad de vivir experiencias memorables.<\/p>\n<p>Desde la elegancia hist\u00f3rica de El Mes\u00f3n del Marqu\u00e9s hasta la propuesta inmersiva de Oriundo, Grupo Mesones contribuye a posicionar al oriente de Yucat\u00e1n como un destino capaz de competir en segmentos especializados del turismo nacional e internacional.<\/p>\n<p>En una regi\u00f3n donde la industria tur\u00edstica contin\u00faa diversific\u00e1ndose, la apuesta por la profesionalizaci\u00f3n, la identidad local y la innovaci\u00f3n confirma que el crecimiento del sector no s\u00f3lo depende de atraer visitantes, sino de ofrecer razones para regresar. <span class=\"Apple-converted-space\">\u00a0<\/span><\/p>\n","protected":false},"excerpt":{"rendered":"<p>&nbsp; Grupo Mesones de Valladolid fortalece su presencia en el turismo de alto nivel al combinar&hellip;<\/p>\n","protected":false},"author":95,"featured_media":90920,"comment_status":"closed","ping_status":"closed","sticky":false,"template":"","format":"standard","meta":{"_acf_changed":false,"_lmt_disableupdate":"","_lmt_disable":"","_mbp_gutenberg_autopost":false,"footnotes":""},"categories":[4,23],"tags":[],"class_list":["post-90919","post","type-post","status-publish","format-standard","has-post-thumbnail","hentry","category-empresas-y-negocios","category-noticias"],"acf":[],"yoast_head":"<!-- This site is optimized with the Yoast SEO plugin v27.5 - https:\/\/yoast.com\/product\/yoast-seo-wordpress\/ -->\n<title>Destino con prestigio | Revista Latitud 21<\/title>\n<meta name=\"description\" content=\"L21, Emprendedores y Negocios en el Caribe Mexicano, es la revista l\u00edder entre el Sector Empresarial y Tur\u00edstico del Caribe Mexicano.\" \/>\n<meta name=\"robots\" content=\"index, follow, max-snippet:-1, max-image-preview:large, max-video-preview:-1\" \/>\n<link rel=\"canonical\" href=\"https:\/\/l21.mx\/?p=90919\" \/>\n<meta name=\"twitter:card\" content=\"summary_large_image\" \/>\n<meta name=\"twitter:title\" content=\"Destino con prestigio | Revista Latitud 21\" \/>\n<meta name=\"twitter:description\" content=\"L21, Emprendedores y Negocios en el Caribe Mexicano, es la revista l\u00edder entre el Sector Empresarial y Tur\u00edstico del Caribe Mexicano.\" \/>\n<meta name=\"twitter:image\" content=\"https:\/\/l21.mx\/wp-content\/uploads\/2026\/04\/ALMACEN-2-1.jpg\" \/>\n<meta name=\"twitter:creator\" content=\"@Latitud21mx\" \/>\n<meta name=\"twitter:site\" content=\"@Latitud21mx\" \/>\n<meta name=\"twitter:label1\" content=\"Escrito por\" \/>\n\t<meta name=\"twitter:data1\" content=\"ahernandez@latitud21.com.mx\" \/>\n\t<meta name=\"twitter:label2\" content=\"Tiempo de lectura\" \/>\n\t<meta name=\"twitter:data2\" content=\"3 minutos\" \/>\n<script type=\"application\/ld+json\" class=\"yoast-schema-graph\">{\"@context\":\"https:\\\/\\\/schema.org\",\"@graph\":[{\"@type\":\"Article\",\"@id\":\"https:\\\/\\\/l21.mx\\\/?p=90919#article\",\"isPartOf\":{\"@id\":\"https:\\\/\\\/l21.mx\\\/?p=90919\"},\"author\":{\"name\":\"ahernandez@latitud21.com.mx\",\"@id\":\"https:\\\/\\\/l21.mx\\\/#\\\/schema\\\/person\\\/b3cb342bb947a88e1fc27e05770479da\"},\"headline\":\"Destino con prestigio\",\"datePublished\":\"2026-04-30T22:22:53+00:00\",\"mainEntityOfPage\":{\"@id\":\"https:\\\/\\\/l21.mx\\\/?p=90919\"},\"wordCount\":676,\"publisher\":{\"@id\":\"https:\\\/\\\/l21.mx\\\/#organization\"},\"image\":{\"@id\":\"https:\\\/\\\/l21.mx\\\/?p=90919#primaryimage\"},\"thumbnailUrl\":\"https:\\\/\\\/l21.mx\\\/wp-content\\\/uploads\\\/2026\\\/04\\\/ALMACEN-2-1.jpg\",\"articleSection\":[\"Empresas y Negocios\",\"Noticias\"],\"inLanguage\":\"es\"},{\"@type\":\"WebPage\",\"@id\":\"https:\\\/\\\/l21.mx\\\/?p=90919\",\"url\":\"https:\\\/\\\/l21.mx\\\/?p=90919\",\"name\":\"Destino con prestigio | Revista Latitud 21\",\"isPartOf\":{\"@id\":\"https:\\\/\\\/l21.mx\\\/#website\"},\"primaryImageOfPage\":{\"@id\":\"https:\\\/\\\/l21.mx\\\/?p=90919#primaryimage\"},\"image\":{\"@id\":\"https:\\\/\\\/l21.mx\\\/?p=90919#primaryimage\"},\"thumbnailUrl\":\"https:\\\/\\\/l21.mx\\\/wp-content\\\/uploads\\\/2026\\\/04\\\/ALMACEN-2-1.jpg\",\"datePublished\":\"2026-04-30T22:22:53+00:00\",\"description\":\"L21, Emprendedores y Negocios en el Caribe Mexicano, es la revista l\u00edder entre el Sector Empresarial y Tur\u00edstico del Caribe Mexicano.\",\"breadcrumb\":{\"@id\":\"https:\\\/\\\/l21.mx\\\/?p=90919#breadcrumb\"},\"inLanguage\":\"es\",\"potentialAction\":[{\"@type\":\"ReadAction\",\"target\":[\"https:\\\/\\\/l21.mx\\\/?p=90919\"]}]},{\"@type\":\"ImageObject\",\"inLanguage\":\"es\",\"@id\":\"https:\\\/\\\/l21.mx\\\/?p=90919#primaryimage\",\"url\":\"https:\\\/\\\/l21.mx\\\/wp-content\\\/uploads\\\/2026\\\/04\\\/ALMACEN-2-1.jpg\",\"contentUrl\":\"https:\\\/\\\/l21.mx\\\/wp-content\\\/uploads\\\/2026\\\/04\\\/ALMACEN-2-1.jpg\",\"width\":1500,\"height\":1000},{\"@type\":\"BreadcrumbList\",\"@id\":\"https:\\\/\\\/l21.mx\\\/?p=90919#breadcrumb\",\"itemListElement\":[{\"@type\":\"ListItem\",\"position\":1,\"name\":\"Portada\",\"item\":\"https:\\\/\\\/l21.mx\\\/\"},{\"@type\":\"ListItem\",\"position\":2,\"name\":\"Destino con prestigio\"}]},{\"@type\":\"WebSite\",\"@id\":\"https:\\\/\\\/l21.mx\\\/#website\",\"url\":\"https:\\\/\\\/l21.mx\\\/\",\"name\":\"Revista Latitud 21\",\"description\":\"Emprendedores  y negocios en el Caribe Mexicano\",\"publisher\":{\"@id\":\"https:\\\/\\\/l21.mx\\\/#organization\"},\"potentialAction\":[{\"@type\":\"SearchAction\",\"target\":{\"@type\":\"EntryPoint\",\"urlTemplate\":\"https:\\\/\\\/l21.mx\\\/?s={search_term_string}\"},\"query-input\":{\"@type\":\"PropertyValueSpecification\",\"valueRequired\":true,\"valueName\":\"search_term_string\"}}],\"inLanguage\":\"es\"},{\"@type\":\"Organization\",\"@id\":\"https:\\\/\\\/l21.mx\\\/#organization\",\"name\":\"Grupo Editorial Latitud 21 SA de CV\",\"url\":\"https:\\\/\\\/l21.mx\\\/\",\"logo\":{\"@type\":\"ImageObject\",\"inLanguage\":\"es\",\"@id\":\"https:\\\/\\\/l21.mx\\\/#\\\/schema\\\/logo\\\/image\\\/\",\"url\":\"https:\\\/\\\/l21.mx\\\/wp-content\\\/uploads\\\/2020\\\/10\\\/logo-l21-baja.jpg\",\"contentUrl\":\"https:\\\/\\\/l21.mx\\\/wp-content\\\/uploads\\\/2020\\\/10\\\/logo-l21-baja.jpg\",\"width\":250,\"height\":250,\"caption\":\"Grupo Editorial Latitud 21 SA de CV\"},\"image\":{\"@id\":\"https:\\\/\\\/l21.mx\\\/#\\\/schema\\\/logo\\\/image\\\/\"},\"sameAs\":[\"https:\\\/\\\/www.facebook.com\\\/RevistaLatitud21\\\/\",\"https:\\\/\\\/x.com\\\/Latitud21mx\"]},{\"@type\":\"Person\",\"@id\":\"https:\\\/\\\/l21.mx\\\/#\\\/schema\\\/person\\\/b3cb342bb947a88e1fc27e05770479da\",\"name\":\"ahernandez@latitud21.com.mx\",\"url\":\"https:\\\/\\\/l21.mx\\\/?author=95\"}]}<\/script>\n<!-- \/ Yoast SEO plugin. -->","yoast_head_json":{"title":"Destino con prestigio | Revista Latitud 21","description":"L21, Emprendedores y Negocios en el Caribe Mexicano, es la revista l\u00edder entre el Sector Empresarial y Tur\u00edstico del Caribe Mexicano.","robots":{"index":"index","follow":"follow","max-snippet":"max-snippet:-1","max-image-preview":"max-image-preview:large","max-video-preview":"max-video-preview:-1"},"canonical":"https:\/\/l21.mx\/?p=90919","twitter_card":"summary_large_image","twitter_title":"Destino con prestigio | Revista Latitud 21","twitter_description":"L21, Emprendedores y Negocios en el Caribe Mexicano, es la revista l\u00edder entre el Sector Empresarial y Tur\u00edstico del Caribe Mexicano.","twitter_image":"https:\/\/l21.mx\/wp-content\/uploads\/2026\/04\/ALMACEN-2-1.jpg","twitter_creator":"@Latitud21mx","twitter_site":"@Latitud21mx","twitter_misc":{"Escrito por":"ahernandez@latitud21.com.mx","Tiempo de lectura":"3 minutos"},"schema":{"@context":"https:\/\/schema.org","@graph":[{"@type":"Article","@id":"https:\/\/l21.mx\/?p=90919#article","isPartOf":{"@id":"https:\/\/l21.mx\/?p=90919"},"author":{"name":"ahernandez@latitud21.com.mx","@id":"https:\/\/l21.mx\/#\/schema\/person\/b3cb342bb947a88e1fc27e05770479da"},"headline":"Destino con prestigio","datePublished":"2026-04-30T22:22:53+00:00","mainEntityOfPage":{"@id":"https:\/\/l21.mx\/?p=90919"},"wordCount":676,"publisher":{"@id":"https:\/\/l21.mx\/#organization"},"image":{"@id":"https:\/\/l21.mx\/?p=90919#primaryimage"},"thumbnailUrl":"https:\/\/l21.mx\/wp-content\/uploads\/2026\/04\/ALMACEN-2-1.jpg","articleSection":["Empresas y Negocios","Noticias"],"inLanguage":"es"},{"@type":"WebPage","@id":"https:\/\/l21.mx\/?p=90919","url":"https:\/\/l21.mx\/?p=90919","name":"Destino con prestigio | Revista Latitud 21","isPartOf":{"@id":"https:\/\/l21.mx\/#website"},"primaryImageOfPage":{"@id":"https:\/\/l21.mx\/?p=90919#primaryimage"},"image":{"@id":"https:\/\/l21.mx\/?p=90919#primaryimage"},"thumbnailUrl":"https:\/\/l21.mx\/wp-content\/uploads\/2026\/04\/ALMACEN-2-1.jpg","datePublished":"2026-04-30T22:22:53+00:00","description":"L21, Emprendedores y Negocios en el Caribe Mexicano, es la revista l\u00edder entre el Sector Empresarial y Tur\u00edstico del Caribe Mexicano.","breadcrumb":{"@id":"https:\/\/l21.mx\/?p=90919#breadcrumb"},"inLanguage":"es","potentialAction":[{"@type":"ReadAction","target":["https:\/\/l21.mx\/?p=90919"]}]},{"@type":"ImageObject","inLanguage":"es","@id":"https:\/\/l21.mx\/?p=90919#primaryimage","url":"https:\/\/l21.mx\/wp-content\/uploads\/2026\/04\/ALMACEN-2-1.jpg","contentUrl":"https:\/\/l21.mx\/wp-content\/uploads\/2026\/04\/ALMACEN-2-1.jpg","width":1500,"height":1000},{"@type":"BreadcrumbList","@id":"https:\/\/l21.mx\/?p=90919#breadcrumb","itemListElement":[{"@type":"ListItem","position":1,"name":"Portada","item":"https:\/\/l21.mx\/"},{"@type":"ListItem","position":2,"name":"Destino con prestigio"}]},{"@type":"WebSite","@id":"https:\/\/l21.mx\/#website","url":"https:\/\/l21.mx\/","name":"Revista Latitud 21","description":"Emprendedores  y negocios en el Caribe Mexicano","publisher":{"@id":"https:\/\/l21.mx\/#organization"},"potentialAction":[{"@type":"SearchAction","target":{"@type":"EntryPoint","urlTemplate":"https:\/\/l21.mx\/?s={search_term_string}"},"query-input":{"@type":"PropertyValueSpecification","valueRequired":true,"valueName":"search_term_string"}}],"inLanguage":"es"},{"@type":"Organization","@id":"https:\/\/l21.mx\/#organization","name":"Grupo Editorial Latitud 21 SA de CV","url":"https:\/\/l21.mx\/","logo":{"@type":"ImageObject","inLanguage":"es","@id":"https:\/\/l21.mx\/#\/schema\/logo\/image\/","url":"https:\/\/l21.mx\/wp-content\/uploads\/2020\/10\/logo-l21-baja.jpg","contentUrl":"https:\/\/l21.mx\/wp-content\/uploads\/2020\/10\/logo-l21-baja.jpg","width":250,"height":250,"caption":"Grupo Editorial Latitud 21 SA de CV"},"image":{"@id":"https:\/\/l21.mx\/#\/schema\/logo\/image\/"},"sameAs":["https:\/\/www.facebook.com\/RevistaLatitud21\/","https:\/\/x.com\/Latitud21mx"]},{"@type":"Person","@id":"https:\/\/l21.mx\/#\/schema\/person\/b3cb342bb947a88e1fc27e05770479da","name":"ahernandez@latitud21.com.mx","url":"https:\/\/l21.mx\/?author=95"}]}},"amp_enabled":true,"_links":{"self":[{"href":"https:\/\/l21.mx\/index.php?rest_route=\/wp\/v2\/posts\/90919","targetHints":{"allow":["GET"]}}],"collection":[{"href":"https:\/\/l21.mx\/index.php?rest_route=\/wp\/v2\/posts"}],"about":[{"href":"https:\/\/l21.mx\/index.php?rest_route=\/wp\/v2\/types\/post"}],"author":[{"embeddable":true,"href":"https:\/\/l21.mx\/index.php?rest_route=\/wp\/v2\/users\/95"}],"replies":[{"embeddable":true,"href":"https:\/\/l21.mx\/index.php?rest_route=%2Fwp%2Fv2%2Fcomments&post=90919"}],"version-history":[{"count":1,"href":"https:\/\/l21.mx\/index.php?rest_route=\/wp\/v2\/posts\/90919\/revisions"}],"predecessor-version":[{"id":90932,"href":"https:\/\/l21.mx\/index.php?rest_route=\/wp\/v2\/posts\/90919\/revisions\/90932"}],"wp:featuredmedia":[{"embeddable":true,"href":"https:\/\/l21.mx\/index.php?rest_route=\/wp\/v2\/media\/90920"}],"wp:attachment":[{"href":"https:\/\/l21.mx\/index.php?rest_route=%2Fwp%2Fv2%2Fmedia&parent=90919"}],"wp:term":[{"taxonomy":"category","embeddable":true,"href":"https:\/\/l21.mx\/index.php?rest_route=%2Fwp%2Fv2%2Fcategories&post=90919"},{"taxonomy":"post_tag","embeddable":true,"href":"https:\/\/l21.mx\/index.php?rest_route=%2Fwp%2Fv2%2Ftags&post=90919"}],"curies":[{"name":"wp","href":"https:\/\/api.w.org\/{rel}","templated":true}]}}