{"id":90937,"date":"2026-04-30T17:26:47","date_gmt":"2026-04-30T22:26:47","guid":{"rendered":"https:\/\/l21.mx\/?p=90937"},"modified":"2026-04-30T17:26:47","modified_gmt":"2026-04-30T22:26:47","slug":"mexico-mira-mas-lejos","status":"publish","type":"post","link":"https:\/\/l21.mx\/?p=90937","title":{"rendered":"M\u00e9xico\u00a0mira m\u00e1s lejos"},"content":{"rendered":"<p>&nbsp;<\/p>\n<p><b>Felipe Ocampo Lizarralde, director de Inversi\u00f3n de Dils Lucas Fox, sostiene que el capital mexicano est\u00e1 entrando en una nueva etapa de sofisticaci\u00f3n en Europa, con estructuras m\u00e1s s\u00f3lidas y visi\u00f3n de largo plazo<\/b><\/p>\n<p><b>M<\/b>\u00e9xico ya no solo participa en el mercado inmobiliario europeo: comienza a redefinir la manera en que el capital latinoamericano entra en \u00e9l. Para Felipe Ocampo Lizarralde, Director de Inversi\u00f3n de Dils Lucas Fox, el momento que vive el inversionista mexicano en Europa representa una oportunidad in\u00e9dita para consolidar una presencia estrat\u00e9gica en uno de los ciclos m\u00e1s atractivos del sector inmobiliario internacional.<\/p>\n<p>\u201cEl capital institucional mexicano lleva d\u00e9cadas liderando la diversificaci\u00f3n latinoamericana en Europa, pero hoy la conversaci\u00f3n ya no es de compra; es de estructuraci\u00f3n\u201d, afirma. Desde su perspectiva, el inversionista mexicano dej\u00f3 atr\u00e1s la visi\u00f3n tradicional de adquirir activos individuales para avanzar hacia modelos m\u00e1s sofisticados, donde el an\u00e1lisis financiero, la selecci\u00f3n del socio correcto y la estructura del veh\u00edculo son tan importantes como el inmueble mismo.<\/p>\n<p>Actualmente, M\u00e9xico concentra m\u00e1s del 50% del capital latinoamericano acumulado en Espa\u00f1a, con una inversi\u00f3n superior a 33,900 millones de euros, una cifra que confirma el peso del pa\u00eds dentro del mapa financiero internacional y abre nuevas posibilidades para grupos patrimoniales que buscan diversificaci\u00f3n con mayor certidumbre.<\/p>\n<p>&nbsp;<\/p>\n<p>Nuevo perfil inversionista<\/p>\n<p>Para Ocampo, uno de los cambios m\u00e1s relevantes es que los family offices mexicanos est\u00e1n comenzando a asumir una visi\u00f3n mucho m\u00e1s institucional. Ya no se trata \u00fanicamente de colocar recursos en mercados estables, sino de participar en operaciones dise\u00f1adas para generar valor en plazos definidos y con m\u00e9tricas claras de retorno.<\/p>\n<p>Un family office que entra a un proyecto hotelero en Madrid a trav\u00e9s de una joint venture no est\u00e1 comprando un activo; est\u00e1 haciendo capital markets, explica. Esa evoluci\u00f3n coloca a M\u00e9xico en una posici\u00f3n privilegiada dentro de Europa, particularmente en segmentos como residencial premium, hospitality y activos comerciales en ciudades con alta demanda y oferta limitada.<\/p>\n<p>El ejecutivo considera que esta transici\u00f3n puede ser especialmente relevante para regiones como Quintana Roo, donde el empresariado tur\u00edstico ha comenzado a mirar con mayor inter\u00e9s modelos internacionales que permitan diversificar capital sin perder afinidad con mercados ligados al turismo y la hospitalidad.<\/p>\n<p><a href=\"https:\/\/l21.mx\/wp-content\/uploads\/2026\/04\/Felipe-Campo-2.jpg\" data-rel=\"penci-gallery-image-content\" ><img fetchpriority=\"high\" decoding=\"async\" class=\"aligncenter size-full wp-image-90938\" src=\"https:\/\/l21.mx\/wp-content\/uploads\/2026\/04\/Felipe-Campo-2.jpg\" alt=\"\" width=\"1500\" height=\"1500\" srcset=\"https:\/\/l21.mx\/wp-content\/uploads\/2026\/04\/Felipe-Campo-2.jpg 1500w, https:\/\/l21.mx\/wp-content\/uploads\/2026\/04\/Felipe-Campo-2-300x300.jpg 300w, https:\/\/l21.mx\/wp-content\/uploads\/2026\/04\/Felipe-Campo-2-1024x1024.jpg 1024w, https:\/\/l21.mx\/wp-content\/uploads\/2026\/04\/Felipe-Campo-2-150x150.jpg 150w, https:\/\/l21.mx\/wp-content\/uploads\/2026\/04\/Felipe-Campo-2-768x768.jpg 768w, https:\/\/l21.mx\/wp-content\/uploads\/2026\/04\/Felipe-Campo-2-1170x1170.jpg 1170w, https:\/\/l21.mx\/wp-content\/uploads\/2026\/04\/Felipe-Campo-2-585x585.jpg 585w\" sizes=\"(max-width: 1500px) 100vw, 1500px\" \/><\/a><\/p>\n<p>Siguiente escala<\/p>\n<p>Espa\u00f1a se ha convertido en uno de los principales puntos de entrada para este capital. El dinamismo del mercado, la recuperaci\u00f3n del sector hotelero y la fortaleza de ciudades como Madrid o Marbella est\u00e1n atrayendo a inversionistas que buscan proyectos con horizontes de entre tres y cuatro a\u00f1os.<\/p>\n<p>Dils Lucas Fox participa en ese proceso mediante un modelo que combina acceso a oportunidades fuera de mercado, estructuraci\u00f3n de veh\u00edculos de inversi\u00f3n y due diligence especializada. La firma acompa\u00f1a al inversionista desde la identificaci\u00f3n del proyecto hasta la ejecuci\u00f3n final, reduciendo riesgos en un entorno donde la confianza es decisiva.<\/p>\n<p>\u201cConocemos a los promotores, conocemos los mercados y sabemos qu\u00e9 estructura conviene en cada operaci\u00f3n. El inversionista mexicano llega a una oportunidad validada; su trabajo es decidir\u201d, se\u00f1ala Ocampo.<\/p>\n<p>Para la firma, el avance del capital mexicano en Europa no es una tendencia pasajera. Es una se\u00f1al de madurez financiera que podr\u00eda redefinir el papel de M\u00e9xico como uno de los jugadores m\u00e1s relevantes de Latinoam\u00e9rica en el mercado inmobiliario global.<span class=\"Apple-converted-space\">\u00a0<\/span> <span class=\"Apple-converted-space\">\u00a0<\/span><\/p>\n","protected":false},"excerpt":{"rendered":"<p>&nbsp; Felipe Ocampo Lizarralde, director de Inversi\u00f3n de Dils Lucas Fox, sostiene que el capital mexicano&hellip;<\/p>\n","protected":false},"author":95,"featured_media":90939,"comment_status":"closed","ping_status":"closed","sticky":false,"template":"","format":"standard","meta":{"_acf_changed":false,"_lmt_disableupdate":"","_lmt_disable":"","_mbp_gutenberg_autopost":false,"footnotes":""},"categories":[4],"tags":[],"class_list":["post-90937","post","type-post","status-publish","format-standard","has-post-thumbnail","hentry","category-empresas-y-negocios"],"acf":[],"yoast_head":"<!-- This site is optimized with the Yoast SEO plugin v27.5 - https:\/\/yoast.com\/product\/yoast-seo-wordpress\/ -->\n<title>M\u00e9xico\u00a0mira m\u00e1s lejos | Revista Latitud 21<\/title>\n<meta name=\"description\" content=\"L21, Emprendedores y Negocios en el Caribe Mexicano, es la revista l\u00edder entre el Sector Empresarial y Tur\u00edstico del Caribe Mexicano.\" \/>\n<meta name=\"robots\" content=\"index, follow, max-snippet:-1, max-image-preview:large, max-video-preview:-1\" \/>\n<link rel=\"canonical\" href=\"https:\/\/l21.mx\/?p=90937\" \/>\n<meta name=\"twitter:card\" content=\"summary_large_image\" \/>\n<meta name=\"twitter:title\" content=\"M\u00e9xico\u00a0mira m\u00e1s lejos | Revista Latitud 21\" \/>\n<meta name=\"twitter:description\" content=\"L21, Emprendedores y Negocios en el Caribe Mexicano, es la revista l\u00edder entre el Sector Empresarial y Tur\u00edstico del Caribe Mexicano.\" \/>\n<meta name=\"twitter:image\" content=\"https:\/\/l21.mx\/wp-content\/uploads\/2026\/04\/inversiones-1.jpg\" \/>\n<meta name=\"twitter:creator\" content=\"@Latitud21mx\" \/>\n<meta name=\"twitter:site\" content=\"@Latitud21mx\" \/>\n<meta name=\"twitter:label1\" content=\"Escrito por\" \/>\n\t<meta name=\"twitter:data1\" content=\"ahernandez@latitud21.com.mx\" \/>\n\t<meta name=\"twitter:label2\" content=\"Tiempo de lectura\" \/>\n\t<meta name=\"twitter:data2\" content=\"3 minutos\" \/>\n<script type=\"application\/ld+json\" class=\"yoast-schema-graph\">{\"@context\":\"https:\\\/\\\/schema.org\",\"@graph\":[{\"@type\":\"Article\",\"@id\":\"https:\\\/\\\/l21.mx\\\/?p=90937#article\",\"isPartOf\":{\"@id\":\"https:\\\/\\\/l21.mx\\\/?p=90937\"},\"author\":{\"name\":\"ahernandez@latitud21.com.mx\",\"@id\":\"https:\\\/\\\/l21.mx\\\/#\\\/schema\\\/person\\\/b3cb342bb947a88e1fc27e05770479da\"},\"headline\":\"M\u00e9xico\u00a0mira m\u00e1s lejos\",\"datePublished\":\"2026-04-30T22:26:47+00:00\",\"mainEntityOfPage\":{\"@id\":\"https:\\\/\\\/l21.mx\\\/?p=90937\"},\"wordCount\":600,\"publisher\":{\"@id\":\"https:\\\/\\\/l21.mx\\\/#organization\"},\"image\":{\"@id\":\"https:\\\/\\\/l21.mx\\\/?p=90937#primaryimage\"},\"thumbnailUrl\":\"https:\\\/\\\/l21.mx\\\/wp-content\\\/uploads\\\/2026\\\/04\\\/inversiones-1.jpg\",\"articleSection\":[\"Empresas y Negocios\"],\"inLanguage\":\"es\"},{\"@type\":\"WebPage\",\"@id\":\"https:\\\/\\\/l21.mx\\\/?p=90937\",\"url\":\"https:\\\/\\\/l21.mx\\\/?p=90937\",\"name\":\"M\u00e9xico\u00a0mira m\u00e1s lejos | Revista Latitud 21\",\"isPartOf\":{\"@id\":\"https:\\\/\\\/l21.mx\\\/#website\"},\"primaryImageOfPage\":{\"@id\":\"https:\\\/\\\/l21.mx\\\/?p=90937#primaryimage\"},\"image\":{\"@id\":\"https:\\\/\\\/l21.mx\\\/?p=90937#primaryimage\"},\"thumbnailUrl\":\"https:\\\/\\\/l21.mx\\\/wp-content\\\/uploads\\\/2026\\\/04\\\/inversiones-1.jpg\",\"datePublished\":\"2026-04-30T22:26:47+00:00\",\"description\":\"L21, Emprendedores y Negocios en el Caribe Mexicano, es la revista l\u00edder entre el Sector Empresarial y Tur\u00edstico del Caribe Mexicano.\",\"breadcrumb\":{\"@id\":\"https:\\\/\\\/l21.mx\\\/?p=90937#breadcrumb\"},\"inLanguage\":\"es\",\"potentialAction\":[{\"@type\":\"ReadAction\",\"target\":[\"https:\\\/\\\/l21.mx\\\/?p=90937\"]}]},{\"@type\":\"ImageObject\",\"inLanguage\":\"es\",\"@id\":\"https:\\\/\\\/l21.mx\\\/?p=90937#primaryimage\",\"url\":\"https:\\\/\\\/l21.mx\\\/wp-content\\\/uploads\\\/2026\\\/04\\\/inversiones-1.jpg\",\"contentUrl\":\"https:\\\/\\\/l21.mx\\\/wp-content\\\/uploads\\\/2026\\\/04\\\/inversiones-1.jpg\",\"width\":1500,\"height\":1000},{\"@type\":\"BreadcrumbList\",\"@id\":\"https:\\\/\\\/l21.mx\\\/?p=90937#breadcrumb\",\"itemListElement\":[{\"@type\":\"ListItem\",\"position\":1,\"name\":\"Portada\",\"item\":\"https:\\\/\\\/l21.mx\\\/\"},{\"@type\":\"ListItem\",\"position\":2,\"name\":\"M\u00e9xico\u00a0mira m\u00e1s lejos\"}]},{\"@type\":\"WebSite\",\"@id\":\"https:\\\/\\\/l21.mx\\\/#website\",\"url\":\"https:\\\/\\\/l21.mx\\\/\",\"name\":\"Revista Latitud 21\",\"description\":\"Emprendedores  y negocios en el Caribe Mexicano\",\"publisher\":{\"@id\":\"https:\\\/\\\/l21.mx\\\/#organization\"},\"potentialAction\":[{\"@type\":\"SearchAction\",\"target\":{\"@type\":\"EntryPoint\",\"urlTemplate\":\"https:\\\/\\\/l21.mx\\\/?s={search_term_string}\"},\"query-input\":{\"@type\":\"PropertyValueSpecification\",\"valueRequired\":true,\"valueName\":\"search_term_string\"}}],\"inLanguage\":\"es\"},{\"@type\":\"Organization\",\"@id\":\"https:\\\/\\\/l21.mx\\\/#organization\",\"name\":\"Grupo Editorial Latitud 21 SA de CV\",\"url\":\"https:\\\/\\\/l21.mx\\\/\",\"logo\":{\"@type\":\"ImageObject\",\"inLanguage\":\"es\",\"@id\":\"https:\\\/\\\/l21.mx\\\/#\\\/schema\\\/logo\\\/image\\\/\",\"url\":\"https:\\\/\\\/l21.mx\\\/wp-content\\\/uploads\\\/2020\\\/10\\\/logo-l21-baja.jpg\",\"contentUrl\":\"https:\\\/\\\/l21.mx\\\/wp-content\\\/uploads\\\/2020\\\/10\\\/logo-l21-baja.jpg\",\"width\":250,\"height\":250,\"caption\":\"Grupo Editorial Latitud 21 SA de CV\"},\"image\":{\"@id\":\"https:\\\/\\\/l21.mx\\\/#\\\/schema\\\/logo\\\/image\\\/\"},\"sameAs\":[\"https:\\\/\\\/www.facebook.com\\\/RevistaLatitud21\\\/\",\"https:\\\/\\\/x.com\\\/Latitud21mx\"]},{\"@type\":\"Person\",\"@id\":\"https:\\\/\\\/l21.mx\\\/#\\\/schema\\\/person\\\/b3cb342bb947a88e1fc27e05770479da\",\"name\":\"ahernandez@latitud21.com.mx\",\"url\":\"https:\\\/\\\/l21.mx\\\/?author=95\"}]}<\/script>\n<!-- \/ Yoast SEO plugin. -->","yoast_head_json":{"title":"M\u00e9xico\u00a0mira m\u00e1s lejos | Revista Latitud 21","description":"L21, Emprendedores y Negocios en el Caribe Mexicano, es la revista l\u00edder entre el Sector Empresarial y Tur\u00edstico del Caribe Mexicano.","robots":{"index":"index","follow":"follow","max-snippet":"max-snippet:-1","max-image-preview":"max-image-preview:large","max-video-preview":"max-video-preview:-1"},"canonical":"https:\/\/l21.mx\/?p=90937","twitter_card":"summary_large_image","twitter_title":"M\u00e9xico\u00a0mira m\u00e1s lejos | Revista Latitud 21","twitter_description":"L21, Emprendedores y Negocios en el Caribe Mexicano, es la revista l\u00edder entre el Sector Empresarial y Tur\u00edstico del Caribe Mexicano.","twitter_image":"https:\/\/l21.mx\/wp-content\/uploads\/2026\/04\/inversiones-1.jpg","twitter_creator":"@Latitud21mx","twitter_site":"@Latitud21mx","twitter_misc":{"Escrito por":"ahernandez@latitud21.com.mx","Tiempo de lectura":"3 minutos"},"schema":{"@context":"https:\/\/schema.org","@graph":[{"@type":"Article","@id":"https:\/\/l21.mx\/?p=90937#article","isPartOf":{"@id":"https:\/\/l21.mx\/?p=90937"},"author":{"name":"ahernandez@latitud21.com.mx","@id":"https:\/\/l21.mx\/#\/schema\/person\/b3cb342bb947a88e1fc27e05770479da"},"headline":"M\u00e9xico\u00a0mira m\u00e1s lejos","datePublished":"2026-04-30T22:26:47+00:00","mainEntityOfPage":{"@id":"https:\/\/l21.mx\/?p=90937"},"wordCount":600,"publisher":{"@id":"https:\/\/l21.mx\/#organization"},"image":{"@id":"https:\/\/l21.mx\/?p=90937#primaryimage"},"thumbnailUrl":"https:\/\/l21.mx\/wp-content\/uploads\/2026\/04\/inversiones-1.jpg","articleSection":["Empresas y Negocios"],"inLanguage":"es"},{"@type":"WebPage","@id":"https:\/\/l21.mx\/?p=90937","url":"https:\/\/l21.mx\/?p=90937","name":"M\u00e9xico\u00a0mira m\u00e1s lejos | Revista Latitud 21","isPartOf":{"@id":"https:\/\/l21.mx\/#website"},"primaryImageOfPage":{"@id":"https:\/\/l21.mx\/?p=90937#primaryimage"},"image":{"@id":"https:\/\/l21.mx\/?p=90937#primaryimage"},"thumbnailUrl":"https:\/\/l21.mx\/wp-content\/uploads\/2026\/04\/inversiones-1.jpg","datePublished":"2026-04-30T22:26:47+00:00","description":"L21, Emprendedores y Negocios en el Caribe Mexicano, es la revista l\u00edder entre el Sector Empresarial y Tur\u00edstico del Caribe Mexicano.","breadcrumb":{"@id":"https:\/\/l21.mx\/?p=90937#breadcrumb"},"inLanguage":"es","potentialAction":[{"@type":"ReadAction","target":["https:\/\/l21.mx\/?p=90937"]}]},{"@type":"ImageObject","inLanguage":"es","@id":"https:\/\/l21.mx\/?p=90937#primaryimage","url":"https:\/\/l21.mx\/wp-content\/uploads\/2026\/04\/inversiones-1.jpg","contentUrl":"https:\/\/l21.mx\/wp-content\/uploads\/2026\/04\/inversiones-1.jpg","width":1500,"height":1000},{"@type":"BreadcrumbList","@id":"https:\/\/l21.mx\/?p=90937#breadcrumb","itemListElement":[{"@type":"ListItem","position":1,"name":"Portada","item":"https:\/\/l21.mx\/"},{"@type":"ListItem","position":2,"name":"M\u00e9xico\u00a0mira m\u00e1s lejos"}]},{"@type":"WebSite","@id":"https:\/\/l21.mx\/#website","url":"https:\/\/l21.mx\/","name":"Revista Latitud 21","description":"Emprendedores  y negocios en el Caribe Mexicano","publisher":{"@id":"https:\/\/l21.mx\/#organization"},"potentialAction":[{"@type":"SearchAction","target":{"@type":"EntryPoint","urlTemplate":"https:\/\/l21.mx\/?s={search_term_string}"},"query-input":{"@type":"PropertyValueSpecification","valueRequired":true,"valueName":"search_term_string"}}],"inLanguage":"es"},{"@type":"Organization","@id":"https:\/\/l21.mx\/#organization","name":"Grupo Editorial Latitud 21 SA de CV","url":"https:\/\/l21.mx\/","logo":{"@type":"ImageObject","inLanguage":"es","@id":"https:\/\/l21.mx\/#\/schema\/logo\/image\/","url":"https:\/\/l21.mx\/wp-content\/uploads\/2020\/10\/logo-l21-baja.jpg","contentUrl":"https:\/\/l21.mx\/wp-content\/uploads\/2020\/10\/logo-l21-baja.jpg","width":250,"height":250,"caption":"Grupo Editorial Latitud 21 SA de CV"},"image":{"@id":"https:\/\/l21.mx\/#\/schema\/logo\/image\/"},"sameAs":["https:\/\/www.facebook.com\/RevistaLatitud21\/","https:\/\/x.com\/Latitud21mx"]},{"@type":"Person","@id":"https:\/\/l21.mx\/#\/schema\/person\/b3cb342bb947a88e1fc27e05770479da","name":"ahernandez@latitud21.com.mx","url":"https:\/\/l21.mx\/?author=95"}]}},"amp_enabled":true,"_links":{"self":[{"href":"https:\/\/l21.mx\/index.php?rest_route=\/wp\/v2\/posts\/90937","targetHints":{"allow":["GET"]}}],"collection":[{"href":"https:\/\/l21.mx\/index.php?rest_route=\/wp\/v2\/posts"}],"about":[{"href":"https:\/\/l21.mx\/index.php?rest_route=\/wp\/v2\/types\/post"}],"author":[{"embeddable":true,"href":"https:\/\/l21.mx\/index.php?rest_route=\/wp\/v2\/users\/95"}],"replies":[{"embeddable":true,"href":"https:\/\/l21.mx\/index.php?rest_route=%2Fwp%2Fv2%2Fcomments&post=90937"}],"version-history":[{"count":1,"href":"https:\/\/l21.mx\/index.php?rest_route=\/wp\/v2\/posts\/90937\/revisions"}],"predecessor-version":[{"id":90942,"href":"https:\/\/l21.mx\/index.php?rest_route=\/wp\/v2\/posts\/90937\/revisions\/90942"}],"wp:featuredmedia":[{"embeddable":true,"href":"https:\/\/l21.mx\/index.php?rest_route=\/wp\/v2\/media\/90939"}],"wp:attachment":[{"href":"https:\/\/l21.mx\/index.php?rest_route=%2Fwp%2Fv2%2Fmedia&parent=90937"}],"wp:term":[{"taxonomy":"category","embeddable":true,"href":"https:\/\/l21.mx\/index.php?rest_route=%2Fwp%2Fv2%2Fcategories&post=90937"},{"taxonomy":"post_tag","embeddable":true,"href":"https:\/\/l21.mx\/index.php?rest_route=%2Fwp%2Fv2%2Ftags&post=90937"}],"curies":[{"name":"wp","href":"https:\/\/api.w.org\/{rel}","templated":true}]}}