{"id":90977,"date":"2026-04-30T17:34:57","date_gmt":"2026-04-30T22:34:57","guid":{"rendered":"https:\/\/l21.mx\/?p=90977"},"modified":"2026-04-30T17:34:57","modified_gmt":"2026-04-30T22:34:57","slug":"empresarias-en-expansion","status":"publish","type":"post","link":"https:\/\/l21.mx\/?p=90977","title":{"rendered":"Empresarias en expansi\u00f3n"},"content":{"rendered":"<p>&nbsp;<\/p>\n<p><b>El CCME Quintana Roo renov\u00f3 su dirigencia con una agenda centrada en fortalecer el papel femenino en la econom\u00eda regional; Mercedes Hern\u00e1ndez Garz\u00f3n asume el nuevo liderazgo<\/b><\/p>\n<p><b>E<\/b>n una regi\u00f3n donde el turismo contin\u00faa marcando el ritmo de la econom\u00eda, la renovaci\u00f3n del liderazgo empresarial femenino en Quintana Roo se convirti\u00f3 en un mensaje sobre la evoluci\u00f3n que vive el sector productivo del Caribe Mexicano. La toma de protesta del nuevo consejo directivo del Consejo Coordinador de Mujeres Empresarias de Quintana Roo (CCME) reuni\u00f3 en Canc\u00fan a representantes del sector privado, autoridades estatales y liderazgos sociales para respaldar una nueva etapa encabezada por Mercedes Hern\u00e1ndez Garz\u00f3n, quien asumi\u00f3 la presidencia del organismo para el periodo 2025-2027.<\/p>\n<p>La ceremonia tuvo un significado especial para el entorno empresarial del estado, no solo por el relevo institucional, sino porque confirm\u00f3 el crecimiento de una red que durante los \u00faltimos a\u00f1os ha ganado presencia en sectores clave para la econom\u00eda local, desde la hospitalidad hasta los servicios especializados. En una entidad donde la participaci\u00f3n femenina ha tomado mayor relevancia dentro del turismo, el comercio y el emprendimiento, el acto represent\u00f3 una se\u00f1al de continuidad para una agenda que busca fortalecer la voz de las empresarias dentro del desarrollo regional.<\/p>\n<p>Durante la jornada tambi\u00e9n se reconoci\u00f3 el trabajo de Elibenia Pineda Aguilar, presidenta saliente y fundadora del cap\u00edtulo estatal, quien impuls\u00f3 la consolidaci\u00f3n del organismo en Quintana Roo y sent\u00f3 las bases para ampliar la presencia de mujeres dentro del ecosistema empresarial del estado. Su gesti\u00f3n fue reconocida como una etapa clave para posicionar al organismo como un interlocutor activo entre la iniciativa privada y las instituciones p\u00fablicas.<\/p>\n<div data-sliderid=\"30877\" id=\"penci-post-gallery__30877\" class=\"penci-post-gallery-container justified column-3\" data-height=\"150\" data-margin=\"3\"><a class=\"penci-gallery-ite item-gallery-justified\" href=\"https:\/\/l21.mx\/wp-content\/uploads\/2026\/04\/ccme-1.jpg\" data-rel=\"penci-gallery-image-content\" ><img decoding=\"async\" src=\"https:\/\/l21.mx\/wp-content\/uploads\/2026\/04\/ccme-1-585x338.jpg\" alt=\"\" title=\"ccme-(1)\"><\/a><a class=\"penci-gallery-ite item-gallery-justified\" href=\"https:\/\/l21.mx\/wp-content\/uploads\/2026\/04\/ccme-2.jpg\" data-rel=\"penci-gallery-image-content\" ><img decoding=\"async\" src=\"https:\/\/l21.mx\/wp-content\/uploads\/2026\/04\/ccme-2-585x411.jpg\" alt=\"\" title=\"ccme-(2)\"><\/a><a class=\"penci-gallery-ite item-gallery-justified\" href=\"https:\/\/l21.mx\/wp-content\/uploads\/2026\/04\/ccme-3.jpg\" data-rel=\"penci-gallery-image-content\" ><img decoding=\"async\" src=\"https:\/\/l21.mx\/wp-content\/uploads\/2026\/04\/ccme-3-585x390.jpg\" alt=\"\" title=\"ccme-(3)\"><\/a><a class=\"penci-gallery-ite item-gallery-justified\" href=\"https:\/\/l21.mx\/wp-content\/uploads\/2026\/04\/CCME-asamblea-3.jpg\" data-rel=\"penci-gallery-image-content\" ><img decoding=\"async\" src=\"https:\/\/l21.mx\/wp-content\/uploads\/2026\/04\/CCME-asamblea-3-585x391.jpg\" alt=\"\" title=\"CCME-asamblea-3\"><\/a><a class=\"penci-gallery-ite item-gallery-justified\" href=\"https:\/\/l21.mx\/wp-content\/uploads\/2026\/04\/CCME-asamblea.jpg\" data-rel=\"penci-gallery-image-content\" ><img decoding=\"async\" src=\"https:\/\/l21.mx\/wp-content\/uploads\/2026\/04\/CCME-asamblea-585x391.jpg\" alt=\"\" title=\"CCME-asamblea\"><\/a><a class=\"penci-gallery-ite item-gallery-justified\" href=\"https:\/\/l21.mx\/wp-content\/uploads\/2026\/04\/CCME-nacional.jpg\" data-rel=\"penci-gallery-image-content\" ><img decoding=\"async\" src=\"https:\/\/l21.mx\/wp-content\/uploads\/2026\/04\/CCME-nacional-585x391.jpg\" alt=\"\" title=\"CCME-nacional\"><\/a><a class=\"penci-gallery-ite item-gallery-justified\" href=\"https:\/\/l21.mx\/wp-content\/uploads\/2026\/04\/CCME-toma-de-protesta.jpg\" data-rel=\"penci-gallery-image-content\" ><img decoding=\"async\" src=\"https:\/\/l21.mx\/wp-content\/uploads\/2026\/04\/CCME-toma-de-protesta-585x391.jpg\" alt=\"\" title=\"CCME-toma-de-protesta\"><\/a><a class=\"penci-gallery-ite item-gallery-justified\" href=\"https:\/\/l21.mx\/wp-content\/uploads\/2026\/04\/CCME.jpg\" data-rel=\"penci-gallery-image-content\" ><img decoding=\"async\" src=\"https:\/\/l21.mx\/wp-content\/uploads\/2026\/04\/CCME-585x439.jpg\" alt=\"\" title=\"CCME\"><\/a><\/div>\n<p>Agenda con respaldo<span class=\"Apple-converted-space\">\u00a0<\/span>institucional<\/p>\n<p>El encuentro cont\u00f3 con la presencia de la presidenta municipal de Benito Ju\u00e1rez, Ana Paty Peralta, quien destac\u00f3 la relevancia del trabajo coordinado entre el gobierno y el sector empresarial para generar nuevas oportunidades. Durante su intervenci\u00f3n subray\u00f3 que las mujeres empresarias representan mucho m\u00e1s que actividad econ\u00f3mica para la ciudad.<\/p>\n<p>\u201cLas mujeres empresarias no solo generan econom\u00eda, sino tambi\u00e9n oportunidades, comunidad e inspiraci\u00f3n\u201d, expres\u00f3 la alcaldesa al reiterar que su administraci\u00f3n mantendr\u00e1 una relaci\u00f3n cercana con el organismo para impulsar proyectos que fortalezcan el tejido productivo de Canc\u00fan.<\/p>\n<p>Su mensaje se aline\u00f3 con la visi\u00f3n de una ciudad que ha comenzado a diversificar su econom\u00eda m\u00e1s all\u00e1 del turismo tradicional, integrando nuevas \u00e1reas de desarrollo donde la participaci\u00f3n femenina se vuelve cada vez m\u00e1s visible. Para Canc\u00fan, una ciudad cuya proyecci\u00f3n internacional depende tambi\u00e9n de la fortaleza de su sector empresarial local, la consolidaci\u00f3n de este tipo de organismos representa un activo para la competitividad del destino.<\/p>\n<p>En representaci\u00f3n del gobierno estatal, Ver\u00f3nica Lezama Espinosa, presidenta honoraria del DIF Quintana Roo, destac\u00f3 que el liderazgo femenino se ha convertido en una pieza importante dentro de la transformaci\u00f3n econ\u00f3mica del estado. Se\u00f1al\u00f3 que la capacidad, preparaci\u00f3n y visi\u00f3n de las empresarias quintanarroenses puede convertirse en una fuerza para abrir espacios a nuevas generaciones.<\/p>\n<p>Subray\u00f3 que el crecimiento econ\u00f3mico de Quintana Roo requiere entornos donde m\u00e1s mujeres puedan desarrollar sus proyectos, consolidar sus empresas y participar en la construcci\u00f3n de una econom\u00eda m\u00e1s incluyente en la regi\u00f3n.<\/p>\n<p>Una red que busca crecer<\/p>\n<p>Desde el \u00e1mbito nacional, la presidenta del Consejo Coordinador de Mujeres Empresarias, Norma Alicia Ram\u00edrez Hinojosa, reconoci\u00f3 el trabajo realizado en Quintana Roo y se\u00f1al\u00f3 que el estado se ha convertido en uno de los cap\u00edtulos con mayor dinamismo dentro del organismo. En su mensaje, destac\u00f3 que la articulaci\u00f3n entre empresarias y autoridades puede ser determinante para reducir brechas econ\u00f3micas y fortalecer el liderazgo femenino en el pa\u00eds.<\/p>\n<p>Ram\u00edrez Hinojosa consider\u00f3 que la nueva dirigencia tendr\u00e1 la responsabilidad de consolidar una red que no solo acompa\u00f1e a mujeres empresarias consolidadas, sino que tambi\u00e9n abra camino para emprendedoras que buscan profesionalizar sus proyectos en una de las regiones con mayor crecimiento del pa\u00eds.<\/p>\n<p>Para Mercedes Hern\u00e1ndez Garz\u00f3n, asumir la presidencia representa la oportunidad de dar continuidad a un proyecto colectivo que busca fortalecer la colaboraci\u00f3n entre mujeres l\u00edderes del estado. Su llegada al frente del organismo marca el inicio de una etapa enfocada en ampliar alianzas, impulsar la capacitaci\u00f3n empresarial y crear v\u00ednculos con otros sectores productivos de la Pen\u00ednsula de Yucat\u00e1n.<\/p>\n<p>El nuevo consejo ha planteado una visi\u00f3n en la que Quintana Roo pueda consolidarse como un referente de liderazgo femenino empresarial dentro del sureste mexicano. Esa meta adquiere relevancia en un entorno donde ciudades como Canc\u00fan, Playa del Carmen y Tulum concentran inversiones, talento y oportunidades que pueden traducirse en una mayor participaci\u00f3n de mujeres en la toma de decisiones econ\u00f3micas.<\/p>\n<p>La renovaci\u00f3n del organismo dej\u00f3 ver que el liderazgo femenino ya no es \u00fanicamente una conversaci\u00f3n sobre representaci\u00f3n. En el Caribe Mexicano comienza a entenderse como una parte esencial del desarrollo econ\u00f3mico de una regi\u00f3n que busca crecer con mayor inclusi\u00f3n, innovaci\u00f3n y visi\u00f3n de largo plazo.<span class=\"Apple-converted-space\">\u00a0<\/span><\/p>\n","protected":false},"excerpt":{"rendered":"<p>&nbsp; El CCME Quintana Roo renov\u00f3 su dirigencia con una agenda centrada en fortalecer el papel&hellip;<\/p>\n","protected":false},"author":95,"featured_media":90978,"comment_status":"closed","ping_status":"closed","sticky":false,"template":"","format":"standard","meta":{"_acf_changed":false,"_lmt_disableupdate":"","_lmt_disable":"","_mbp_gutenberg_autopost":false,"footnotes":""},"categories":[4],"tags":[],"class_list":["post-90977","post","type-post","status-publish","format-standard","has-post-thumbnail","hentry","category-empresas-y-negocios"],"acf":[],"yoast_head":"<!-- This site is optimized with the Yoast SEO plugin v27.5 - https:\/\/yoast.com\/product\/yoast-seo-wordpress\/ -->\n<title>Empresarias en expansi\u00f3n | Revista Latitud 21<\/title>\n<meta name=\"description\" content=\"L21, Emprendedores y Negocios en el Caribe Mexicano, es la revista l\u00edder entre el Sector Empresarial y Tur\u00edstico del Caribe Mexicano.\" \/>\n<meta name=\"robots\" content=\"index, follow, max-snippet:-1, max-image-preview:large, max-video-preview:-1\" \/>\n<link rel=\"canonical\" href=\"https:\/\/l21.mx\/?p=90977\" \/>\n<meta name=\"twitter:card\" content=\"summary_large_image\" \/>\n<meta name=\"twitter:title\" content=\"Empresarias en expansi\u00f3n | Revista Latitud 21\" \/>\n<meta name=\"twitter:description\" content=\"L21, Emprendedores y Negocios en el Caribe Mexicano, es la revista l\u00edder entre el Sector Empresarial y Tur\u00edstico del Caribe Mexicano.\" \/>\n<meta name=\"twitter:image\" content=\"https:\/\/l21.mx\/wp-content\/uploads\/2026\/04\/ccme-1.jpg\" \/>\n<meta name=\"twitter:creator\" content=\"@Latitud21mx\" \/>\n<meta name=\"twitter:site\" content=\"@Latitud21mx\" \/>\n<meta name=\"twitter:label1\" content=\"Escrito por\" \/>\n\t<meta name=\"twitter:data1\" content=\"ahernandez@latitud21.com.mx\" \/>\n\t<meta name=\"twitter:label2\" content=\"Tiempo de lectura\" \/>\n\t<meta name=\"twitter:data2\" content=\"4 minutos\" \/>\n<script type=\"application\/ld+json\" class=\"yoast-schema-graph\">{\"@context\":\"https:\\\/\\\/schema.org\",\"@graph\":[{\"@type\":\"Article\",\"@id\":\"https:\\\/\\\/l21.mx\\\/?p=90977#article\",\"isPartOf\":{\"@id\":\"https:\\\/\\\/l21.mx\\\/?p=90977\"},\"author\":{\"name\":\"ahernandez@latitud21.com.mx\",\"@id\":\"https:\\\/\\\/l21.mx\\\/#\\\/schema\\\/person\\\/b3cb342bb947a88e1fc27e05770479da\"},\"headline\":\"Empresarias en expansi\u00f3n\",\"datePublished\":\"2026-04-30T22:34:57+00:00\",\"mainEntityOfPage\":{\"@id\":\"https:\\\/\\\/l21.mx\\\/?p=90977\"},\"wordCount\":898,\"publisher\":{\"@id\":\"https:\\\/\\\/l21.mx\\\/#organization\"},\"image\":{\"@id\":\"https:\\\/\\\/l21.mx\\\/?p=90977#primaryimage\"},\"thumbnailUrl\":\"https:\\\/\\\/l21.mx\\\/wp-content\\\/uploads\\\/2026\\\/04\\\/ccme-1.jpg\",\"articleSection\":[\"Empresas y Negocios\"],\"inLanguage\":\"es\"},{\"@type\":\"WebPage\",\"@id\":\"https:\\\/\\\/l21.mx\\\/?p=90977\",\"url\":\"https:\\\/\\\/l21.mx\\\/?p=90977\",\"name\":\"Empresarias en expansi\u00f3n | Revista Latitud 21\",\"isPartOf\":{\"@id\":\"https:\\\/\\\/l21.mx\\\/#website\"},\"primaryImageOfPage\":{\"@id\":\"https:\\\/\\\/l21.mx\\\/?p=90977#primaryimage\"},\"image\":{\"@id\":\"https:\\\/\\\/l21.mx\\\/?p=90977#primaryimage\"},\"thumbnailUrl\":\"https:\\\/\\\/l21.mx\\\/wp-content\\\/uploads\\\/2026\\\/04\\\/ccme-1.jpg\",\"datePublished\":\"2026-04-30T22:34:57+00:00\",\"description\":\"L21, Emprendedores y Negocios en el Caribe Mexicano, es la revista l\u00edder entre el Sector Empresarial y Tur\u00edstico del Caribe Mexicano.\",\"breadcrumb\":{\"@id\":\"https:\\\/\\\/l21.mx\\\/?p=90977#breadcrumb\"},\"inLanguage\":\"es\",\"potentialAction\":[{\"@type\":\"ReadAction\",\"target\":[\"https:\\\/\\\/l21.mx\\\/?p=90977\"]}]},{\"@type\":\"ImageObject\",\"inLanguage\":\"es\",\"@id\":\"https:\\\/\\\/l21.mx\\\/?p=90977#primaryimage\",\"url\":\"https:\\\/\\\/l21.mx\\\/wp-content\\\/uploads\\\/2026\\\/04\\\/ccme-1.jpg\",\"contentUrl\":\"https:\\\/\\\/l21.mx\\\/wp-content\\\/uploads\\\/2026\\\/04\\\/ccme-1.jpg\",\"width\":1500,\"height\":867},{\"@type\":\"BreadcrumbList\",\"@id\":\"https:\\\/\\\/l21.mx\\\/?p=90977#breadcrumb\",\"itemListElement\":[{\"@type\":\"ListItem\",\"position\":1,\"name\":\"Portada\",\"item\":\"https:\\\/\\\/l21.mx\\\/\"},{\"@type\":\"ListItem\",\"position\":2,\"name\":\"Empresarias en expansi\u00f3n\"}]},{\"@type\":\"WebSite\",\"@id\":\"https:\\\/\\\/l21.mx\\\/#website\",\"url\":\"https:\\\/\\\/l21.mx\\\/\",\"name\":\"Revista Latitud 21\",\"description\":\"Emprendedores  y negocios en el Caribe Mexicano\",\"publisher\":{\"@id\":\"https:\\\/\\\/l21.mx\\\/#organization\"},\"potentialAction\":[{\"@type\":\"SearchAction\",\"target\":{\"@type\":\"EntryPoint\",\"urlTemplate\":\"https:\\\/\\\/l21.mx\\\/?s={search_term_string}\"},\"query-input\":{\"@type\":\"PropertyValueSpecification\",\"valueRequired\":true,\"valueName\":\"search_term_string\"}}],\"inLanguage\":\"es\"},{\"@type\":\"Organization\",\"@id\":\"https:\\\/\\\/l21.mx\\\/#organization\",\"name\":\"Grupo Editorial Latitud 21 SA de CV\",\"url\":\"https:\\\/\\\/l21.mx\\\/\",\"logo\":{\"@type\":\"ImageObject\",\"inLanguage\":\"es\",\"@id\":\"https:\\\/\\\/l21.mx\\\/#\\\/schema\\\/logo\\\/image\\\/\",\"url\":\"https:\\\/\\\/l21.mx\\\/wp-content\\\/uploads\\\/2020\\\/10\\\/logo-l21-baja.jpg\",\"contentUrl\":\"https:\\\/\\\/l21.mx\\\/wp-content\\\/uploads\\\/2020\\\/10\\\/logo-l21-baja.jpg\",\"width\":250,\"height\":250,\"caption\":\"Grupo Editorial Latitud 21 SA de CV\"},\"image\":{\"@id\":\"https:\\\/\\\/l21.mx\\\/#\\\/schema\\\/logo\\\/image\\\/\"},\"sameAs\":[\"https:\\\/\\\/www.facebook.com\\\/RevistaLatitud21\\\/\",\"https:\\\/\\\/x.com\\\/Latitud21mx\"]},{\"@type\":\"Person\",\"@id\":\"https:\\\/\\\/l21.mx\\\/#\\\/schema\\\/person\\\/b3cb342bb947a88e1fc27e05770479da\",\"name\":\"ahernandez@latitud21.com.mx\",\"url\":\"https:\\\/\\\/l21.mx\\\/?author=95\"}]}<\/script>\n<!-- \/ Yoast SEO plugin. -->","yoast_head_json":{"title":"Empresarias en expansi\u00f3n | Revista Latitud 21","description":"L21, Emprendedores y Negocios en el Caribe Mexicano, es la revista l\u00edder entre el Sector Empresarial y Tur\u00edstico del Caribe Mexicano.","robots":{"index":"index","follow":"follow","max-snippet":"max-snippet:-1","max-image-preview":"max-image-preview:large","max-video-preview":"max-video-preview:-1"},"canonical":"https:\/\/l21.mx\/?p=90977","twitter_card":"summary_large_image","twitter_title":"Empresarias en expansi\u00f3n | Revista Latitud 21","twitter_description":"L21, Emprendedores y Negocios en el Caribe Mexicano, es la revista l\u00edder entre el Sector Empresarial y Tur\u00edstico del Caribe Mexicano.","twitter_image":"https:\/\/l21.mx\/wp-content\/uploads\/2026\/04\/ccme-1.jpg","twitter_creator":"@Latitud21mx","twitter_site":"@Latitud21mx","twitter_misc":{"Escrito por":"ahernandez@latitud21.com.mx","Tiempo de lectura":"4 minutos"},"schema":{"@context":"https:\/\/schema.org","@graph":[{"@type":"Article","@id":"https:\/\/l21.mx\/?p=90977#article","isPartOf":{"@id":"https:\/\/l21.mx\/?p=90977"},"author":{"name":"ahernandez@latitud21.com.mx","@id":"https:\/\/l21.mx\/#\/schema\/person\/b3cb342bb947a88e1fc27e05770479da"},"headline":"Empresarias en expansi\u00f3n","datePublished":"2026-04-30T22:34:57+00:00","mainEntityOfPage":{"@id":"https:\/\/l21.mx\/?p=90977"},"wordCount":898,"publisher":{"@id":"https:\/\/l21.mx\/#organization"},"image":{"@id":"https:\/\/l21.mx\/?p=90977#primaryimage"},"thumbnailUrl":"https:\/\/l21.mx\/wp-content\/uploads\/2026\/04\/ccme-1.jpg","articleSection":["Empresas y Negocios"],"inLanguage":"es"},{"@type":"WebPage","@id":"https:\/\/l21.mx\/?p=90977","url":"https:\/\/l21.mx\/?p=90977","name":"Empresarias en expansi\u00f3n | Revista Latitud 21","isPartOf":{"@id":"https:\/\/l21.mx\/#website"},"primaryImageOfPage":{"@id":"https:\/\/l21.mx\/?p=90977#primaryimage"},"image":{"@id":"https:\/\/l21.mx\/?p=90977#primaryimage"},"thumbnailUrl":"https:\/\/l21.mx\/wp-content\/uploads\/2026\/04\/ccme-1.jpg","datePublished":"2026-04-30T22:34:57+00:00","description":"L21, Emprendedores y Negocios en el Caribe Mexicano, es la revista l\u00edder entre el Sector Empresarial y Tur\u00edstico del Caribe Mexicano.","breadcrumb":{"@id":"https:\/\/l21.mx\/?p=90977#breadcrumb"},"inLanguage":"es","potentialAction":[{"@type":"ReadAction","target":["https:\/\/l21.mx\/?p=90977"]}]},{"@type":"ImageObject","inLanguage":"es","@id":"https:\/\/l21.mx\/?p=90977#primaryimage","url":"https:\/\/l21.mx\/wp-content\/uploads\/2026\/04\/ccme-1.jpg","contentUrl":"https:\/\/l21.mx\/wp-content\/uploads\/2026\/04\/ccme-1.jpg","width":1500,"height":867},{"@type":"BreadcrumbList","@id":"https:\/\/l21.mx\/?p=90977#breadcrumb","itemListElement":[{"@type":"ListItem","position":1,"name":"Portada","item":"https:\/\/l21.mx\/"},{"@type":"ListItem","position":2,"name":"Empresarias en expansi\u00f3n"}]},{"@type":"WebSite","@id":"https:\/\/l21.mx\/#website","url":"https:\/\/l21.mx\/","name":"Revista Latitud 21","description":"Emprendedores  y negocios en el Caribe Mexicano","publisher":{"@id":"https:\/\/l21.mx\/#organization"},"potentialAction":[{"@type":"SearchAction","target":{"@type":"EntryPoint","urlTemplate":"https:\/\/l21.mx\/?s={search_term_string}"},"query-input":{"@type":"PropertyValueSpecification","valueRequired":true,"valueName":"search_term_string"}}],"inLanguage":"es"},{"@type":"Organization","@id":"https:\/\/l21.mx\/#organization","name":"Grupo Editorial Latitud 21 SA de CV","url":"https:\/\/l21.mx\/","logo":{"@type":"ImageObject","inLanguage":"es","@id":"https:\/\/l21.mx\/#\/schema\/logo\/image\/","url":"https:\/\/l21.mx\/wp-content\/uploads\/2020\/10\/logo-l21-baja.jpg","contentUrl":"https:\/\/l21.mx\/wp-content\/uploads\/2020\/10\/logo-l21-baja.jpg","width":250,"height":250,"caption":"Grupo Editorial Latitud 21 SA de CV"},"image":{"@id":"https:\/\/l21.mx\/#\/schema\/logo\/image\/"},"sameAs":["https:\/\/www.facebook.com\/RevistaLatitud21\/","https:\/\/x.com\/Latitud21mx"]},{"@type":"Person","@id":"https:\/\/l21.mx\/#\/schema\/person\/b3cb342bb947a88e1fc27e05770479da","name":"ahernandez@latitud21.com.mx","url":"https:\/\/l21.mx\/?author=95"}]}},"amp_enabled":true,"_links":{"self":[{"href":"https:\/\/l21.mx\/index.php?rest_route=\/wp\/v2\/posts\/90977","targetHints":{"allow":["GET"]}}],"collection":[{"href":"https:\/\/l21.mx\/index.php?rest_route=\/wp\/v2\/posts"}],"about":[{"href":"https:\/\/l21.mx\/index.php?rest_route=\/wp\/v2\/types\/post"}],"author":[{"embeddable":true,"href":"https:\/\/l21.mx\/index.php?rest_route=\/wp\/v2\/users\/95"}],"replies":[{"embeddable":true,"href":"https:\/\/l21.mx\/index.php?rest_route=%2Fwp%2Fv2%2Fcomments&post=90977"}],"version-history":[{"count":1,"href":"https:\/\/l21.mx\/index.php?rest_route=\/wp\/v2\/posts\/90977\/revisions"}],"predecessor-version":[{"id":90988,"href":"https:\/\/l21.mx\/index.php?rest_route=\/wp\/v2\/posts\/90977\/revisions\/90988"}],"wp:featuredmedia":[{"embeddable":true,"href":"https:\/\/l21.mx\/index.php?rest_route=\/wp\/v2\/media\/90978"}],"wp:attachment":[{"href":"https:\/\/l21.mx\/index.php?rest_route=%2Fwp%2Fv2%2Fmedia&parent=90977"}],"wp:term":[{"taxonomy":"category","embeddable":true,"href":"https:\/\/l21.mx\/index.php?rest_route=%2Fwp%2Fv2%2Fcategories&post=90977"},{"taxonomy":"post_tag","embeddable":true,"href":"https:\/\/l21.mx\/index.php?rest_route=%2Fwp%2Fv2%2Ftags&post=90977"}],"curies":[{"name":"wp","href":"https:\/\/api.w.org\/{rel}","templated":true}]}}