{"id":90989,"date":"2026-04-30T17:39:17","date_gmt":"2026-04-30T22:39:17","guid":{"rendered":"https:\/\/l21.mx\/?p=90989"},"modified":"2026-04-30T17:39:17","modified_gmt":"2026-04-30T22:39:17","slug":"finanzas-con-rostro-humano","status":"publish","type":"post","link":"https:\/\/l21.mx\/?p=90989","title":{"rendered":"Finanzas con\u00a0rostro humano"},"content":{"rendered":"<p><b>En el marco de su 15 aniversario, Avanza S\u00f3lido reuni\u00f3 en Chiapas a l\u00edderes del sector financiero, especialistas e inversionistas para convertir a Aso-Li Finance Summit 2026 en una conversaci\u00f3n sobre inclusi\u00f3n, sostenibilidad y desarrollo empresarial desde el sur de M\u00e9xico<\/b><\/p>\n<p><b>H<\/b>ay encuentros que nacen para reunir voces. Y hay otros que consiguen convertir esas voces en una conversaci\u00f3n capaz de proyectar futuro.<\/p>\n<p>Lo que ocurri\u00f3 en Tuxtla Guti\u00e9rrez durante el Aso-Li Finance Summit 2026 perteneci\u00f3 claramente a la segunda categor\u00eda: un punto de encuentro donde l\u00edderes empresariales, especialistas financieros, inversionistas, emprendedores y medios nacionales se reunieron para discutir no solo el presente del sector, sino la forma en que las finanzas pueden transformarse en una herramienta real de desarrollo social en el sur del pa\u00eds.<\/p>\n<p>La invitaci\u00f3n de Avanza S\u00f3lido en el marco de su 15 aniversario no solo abri\u00f3 la puerta a una celebraci\u00f3n corporativo; propuso entrar al coraz\u00f3n de un modelo que desde 2011 ha buscado demostrar que el cr\u00e9dito puede ser mucho m\u00e1s que una herramienta bancaria cuando se conecta con territorio, comunidad y visi\u00f3n empresarial.<span class=\"Apple-converted-space\">\u00a0<\/span><\/p>\n<p><a href=\"https:\/\/l21.mx\/wp-content\/uploads\/2026\/04\/IMG_20260413_171520.jpg\" data-rel=\"penci-gallery-image-content\" ><img fetchpriority=\"high\" decoding=\"async\" class=\"aligncenter size-full wp-image-90995\" src=\"https:\/\/l21.mx\/wp-content\/uploads\/2026\/04\/IMG_20260413_171520.jpg\" alt=\"\" width=\"1500\" height=\"677\" srcset=\"https:\/\/l21.mx\/wp-content\/uploads\/2026\/04\/IMG_20260413_171520.jpg 1500w, https:\/\/l21.mx\/wp-content\/uploads\/2026\/04\/IMG_20260413_171520-300x135.jpg 300w, https:\/\/l21.mx\/wp-content\/uploads\/2026\/04\/IMG_20260413_171520-1024x462.jpg 1024w, https:\/\/l21.mx\/wp-content\/uploads\/2026\/04\/IMG_20260413_171520-768x347.jpg 768w, https:\/\/l21.mx\/wp-content\/uploads\/2026\/04\/IMG_20260413_171520-1170x528.jpg 1170w, https:\/\/l21.mx\/wp-content\/uploads\/2026\/04\/IMG_20260413_171520-585x264.jpg 585w\" sizes=\"(max-width: 1500px) 100vw, 1500px\" \/><\/a><\/p>\n<p>Desde Canc\u00fan, viajamos hasta Chiapas para documentar una experiencia que comenz\u00f3 lejos del escenario principal del summit: en comunidades ind\u00edgenas y rurales donde el cr\u00e9dito deja de ser una cifra para convertirse en una historia tangible de crecimiento econ\u00f3mico.<\/p>\n<p>Durante dos d\u00edas, entre comunidades rurales, conversaciones con representantes del ecosistema financiero, emprendedoras, voces del sector p\u00fablico y espacios de networking, Aso-Li Finance Summit 2026 se convirti\u00f3 en algo m\u00e1s amplio que una celebraci\u00f3n institucional: una radiograf\u00eda de c\u00f3mo una firma nacida en el sureste mexicano intenta reposicionar a la regi\u00f3n dentro de una conversaci\u00f3n nacional sobre inclusi\u00f3n financiera, sostenibilidad y desarrollo econ\u00f3mico, que pocas veces ocurre con esta profundidad fuera de las grandes capitales financieras del pa\u00eds.<\/p>\n<p>El territorio detr\u00e1s del discurso<\/p>\n<p>Previo al encuentro financiero, el recorrido por comunidades rurales permiti\u00f3 entender la dimensi\u00f3n humana detr\u00e1s del modelo.<\/p>\n<p>En Zinacant\u00e1n, Ernestina P\u00e9rez de la Torre mantiene la tradici\u00f3n textil del telar de cintura, una actividad que hoy ha logrado proyectar fuera de su comunidad gracias al acceso a financiamiento para adquirir materiales y mejorar su espacio de trabajo.<\/p>\n<p>En Amatenango del Valle, Albertina L\u00f3pez Ram\u00edrez contin\u00faa el trabajo artesanal en barro heredado por generaciones, mientras que la capacitaci\u00f3n comercial le ha permitido encontrar nuevas posibilidades para una actividad hist\u00f3ricamente limitada al mercado local.<\/p>\n<p>En San Crist\u00f3bal de las Casas, Martha Jim\u00e9nez transform\u00f3 un peque\u00f1o taller de confecci\u00f3n en una fuente de ingresos que hoy incluso le ha permitido ampliar su red comercial m\u00e1s all\u00e1 de Chiapas.<\/p>\n<p>Las tres historias son distintas en origen, pero coinciden en un mismo punto: el cr\u00e9dito fue apenas el inicio; el acompa\u00f1amiento fue lo que permiti\u00f3 convertirlo en crecimiento.<\/p>\n<p>Aliados para mejorar vidas<\/p>\n<p>Al d\u00eda siguiente, Tuxtla Guti\u00e9rrez recibi\u00f3 a empresarios, inversionistas y especialistas en una jornada dise\u00f1ada para discutir el nuevo papel del financiamiento regional.<\/p>\n<p>En la apertur del Aso-Li Financie Summit, \u00d3scar Cruz Torres, presidente del consejo de administraci\u00f3n de Avanza S\u00f3lido y vicepresidente nacional de ASOFOM, present\u00f3 el encuentro como una apuesta para colocar al sureste dentro de una conversaci\u00f3n nacional sobre el futuro del financiamiento.<\/p>\n<p>\u201cBuscamos convertirnos en un motor de la inclusi\u00f3n financiera en donde la banca no llega, un verdadero aliado para mujeres y comunidades que buscan oportunidades para mejorar su calidad de vida\u201d, se\u00f1al\u00f3.<\/p>\n<p>Record\u00f3 que hace 15 a\u00f1os la instituci\u00f3n inici\u00f3 con una idea modesta, enfocada en atender a sectores tradicionalmente excluidos del sistema financiero, particularmente mujeres en comunidades rurales.<\/p>\n<p>Con el tiempo, dijo, ese modelo dej\u00f3 de ser \u00fanicamente una operaci\u00f3n crediticia para convertirse en una estructura m\u00e1s amplia que hoy integra educaci\u00f3n financiera, salud, desarrollo productivo y resiliencia clim\u00e1tica.<\/p>\n<p>Actualmente, la organizaci\u00f3n opera en cinco estados del sureste (Chiapas, Tabasco, Campeche, Yucat\u00e1n y Veracruz), con una red de 24 sucursales, m\u00e1s de 58 mil clientes, una cartera superior a 1,400 millones de pesos, respaldada por 24 fondos de inversi\u00f3n nacionales e internacionales y una dispersi\u00f3n acumulada superior a 3,079 millones de pesos en 165 municipios del sureste mexicano, principalmente entre mujeres emprendedoras.<\/p>\n<p>Pero para Cruz, la dimensi\u00f3n financiera por s\u00ed sola no define el proyecto.<\/p>\n<p>Insisti\u00f3 en que el crecimiento corporativo solo tiene sentido cuando es capaz de construir una huella social medible y sostenible en el tiempo.<\/p>\n<p>Tambi\u00e9n dej\u00f3 entrever la siguiente etapa del grupo: fortalecer presencia en el sur-sureste, y continuar evaluando mercados como Quintana Roo y Oaxaca, donde la din\u00e1mica comercial de ciertas comunidades se alinea con el modelo que la firma ha desarrollado en otros estados del pa\u00eds.<\/p>\n<p><a href=\"https:\/\/l21.mx\/wp-content\/uploads\/2026\/04\/IMG_20260413_094548.jpg\" data-rel=\"penci-gallery-image-content\" ><img decoding=\"async\" class=\"aligncenter size-full wp-image-90991\" src=\"https:\/\/l21.mx\/wp-content\/uploads\/2026\/04\/IMG_20260413_094548.jpg\" alt=\"\" width=\"1500\" height=\"677\" srcset=\"https:\/\/l21.mx\/wp-content\/uploads\/2026\/04\/IMG_20260413_094548.jpg 1500w, https:\/\/l21.mx\/wp-content\/uploads\/2026\/04\/IMG_20260413_094548-300x135.jpg 300w, https:\/\/l21.mx\/wp-content\/uploads\/2026\/04\/IMG_20260413_094548-1024x462.jpg 1024w, https:\/\/l21.mx\/wp-content\/uploads\/2026\/04\/IMG_20260413_094548-768x347.jpg 768w, https:\/\/l21.mx\/wp-content\/uploads\/2026\/04\/IMG_20260413_094548-1170x528.jpg 1170w, https:\/\/l21.mx\/wp-content\/uploads\/2026\/04\/IMG_20260413_094548-585x264.jpg 585w\" sizes=\"(max-width: 1500px) 100vw, 1500px\" \/><\/a><\/p>\n<p>Visi\u00f3n que pone a las mujeres en el centro<\/p>\n<p>Diana Jer\u00f3nimo, directora de Impacto Social, coloc\u00f3 sobre la mesa una idea central: la inclusi\u00f3n financiera no puede reducirse a colocar cr\u00e9dito, sino a construir condiciones para que ese financiamiento genere autonom\u00eda.<\/p>\n<p>Al presentar la Memoria de Sostenibilidad 2025, explic\u00f3 que el modelo de la instituci\u00f3n se sostiene en tres pilares que hoy articulan su operaci\u00f3n social: Programa FEM, orientado al fortalecimiento econ\u00f3mico de la mujer; Avanza Tu Salud, enfocado en prevenci\u00f3n y bienestar integral y Avanza Verde, dirigido a resiliencia clim\u00e1tica y sostenibilidad ambiental.<\/p>\n<p>Subray\u00f3 que las mujeres siguen siendo el principal motor econ\u00f3mico dentro de muchas comunidades rurales. \u201cReconocer a la mujer como agente de cambio en sus familias es tambi\u00e9n cerrar una deuda hist\u00f3rica del sistema financiero con ellas\u201d, sostuvo.<\/p>\n<p>Entre los avances presentados destac\u00f3 el programa ASOLI EDUCA, un aula m\u00f3vil equipada con internet satelital que recorre comunidades del sureste para ofrecer formaci\u00f3n en educaci\u00f3n financiera, salud digital, emprendimiento y resiliencia clim\u00e1tica.<\/p>\n<p>Visi\u00f3n institucional<span class=\"Apple-converted-space\">\u00a0<\/span>del entorno<span class=\"Apple-converted-space\">\u00a0<\/span>y respaldo nacional<\/p>\n<p>La secretaria de Anticorrupci\u00f3n y Buen Gobierno de Chiapas, Ana Laura Romero Basurto, asegur\u00f3 que el fortalecimiento de condiciones de seguridad en Chiapas es un elemento decisivo para atraer inversi\u00f3n y generar mayor confianza entre el sector empresarial. Su mensaje fue una invitaci\u00f3n directa para que empresarios de otras regiones comiencen a mirar al estado desde una perspectiva distinta.<\/p>\n<p>La intervenci\u00f3n de Javier Garza Hoeffer, presidente nacional de ASOFOM, reforz\u00f3 esa visi\u00f3n. Se\u00f1al\u00f3 que encuentros como Aso-Li Finance Summit elevan el nivel de la conversaci\u00f3n dentro del sector y permiten discutir con mayor profundidad el papel de las instituciones financieras en la econom\u00eda del pa\u00eds.<\/p>\n<p>Tambi\u00e9n reconoci\u00f3 que Avanza S\u00f3lido ha logrado consolidarse como un ejemplo de c\u00f3mo una SOFOM puede mantener crecimiento sin perder su prop\u00f3sito original.<\/p>\n<p>Para Garza, la colaboraci\u00f3n entre instituciones ser\u00e1 uno de los factores decisivos para la siguiente etapa del sistema financiero mexicano.<\/p>\n<p>Mientras que Claudia Revilla Ostos, directora general de ProDesarrollo, subray\u00f3 la necesidad de impulsar instituciones capaces de combinar rentabilidad con bien com\u00fan.<\/p>\n<div data-sliderid=\"9937\" id=\"penci-post-gallery__9937\" class=\"penci-post-gallery-container justified column-3\" data-height=\"150\" data-margin=\"3\"><a class=\"penci-gallery-ite item-gallery-justified\" href=\"https:\/\/l21.mx\/wp-content\/uploads\/2026\/04\/Oscar-Cruz-2-scaled.jpg\" data-rel=\"penci-gallery-image-content\" ><img decoding=\"async\" src=\"https:\/\/l21.mx\/wp-content\/uploads\/2026\/04\/Oscar-Cruz-2-585x1296.jpg\" alt=\"\" title=\"Oscar-Cruz-(2)\"><\/a><a class=\"penci-gallery-ite item-gallery-justified\" href=\"https:\/\/l21.mx\/wp-content\/uploads\/2026\/04\/emprendedora.jpg\" data-rel=\"penci-gallery-image-content\" ><img decoding=\"async\" src=\"https:\/\/l21.mx\/wp-content\/uploads\/2026\/04\/emprendedora-585x264.jpg\" alt=\"\" title=\"emprendedora\"><\/a><a class=\"penci-gallery-ite item-gallery-justified\" href=\"https:\/\/l21.mx\/wp-content\/uploads\/2026\/04\/IMG_20260413_094548.jpg\" data-rel=\"penci-gallery-image-content\" ><img decoding=\"async\" src=\"https:\/\/l21.mx\/wp-content\/uploads\/2026\/04\/IMG_20260413_094548-585x264.jpg\" alt=\"\" title=\"IMG_20260413_094548\"><\/a><a class=\"penci-gallery-ite item-gallery-justified\" href=\"https:\/\/l21.mx\/wp-content\/uploads\/2026\/04\/IMG_20260413_101305.jpg\" data-rel=\"penci-gallery-image-content\" ><img decoding=\"async\" src=\"https:\/\/l21.mx\/wp-content\/uploads\/2026\/04\/IMG_20260413_101305-585x264.jpg\" alt=\"\" title=\"IMG_20260413_101305\"><\/a><a class=\"penci-gallery-ite item-gallery-justified\" href=\"https:\/\/l21.mx\/wp-content\/uploads\/2026\/04\/IMG_20260413_153242.jpg\" data-rel=\"penci-gallery-image-content\" ><img decoding=\"async\" src=\"https:\/\/l21.mx\/wp-content\/uploads\/2026\/04\/IMG_20260413_153242-585x264.jpg\" alt=\"\" title=\"IMG_20260413_153242\"><\/a><a class=\"penci-gallery-ite item-gallery-justified\" href=\"https:\/\/l21.mx\/wp-content\/uploads\/2026\/04\/Oscar-Cruz-1.jpg\" data-rel=\"penci-gallery-image-content\" ><img decoding=\"async\" src=\"https:\/\/l21.mx\/wp-content\/uploads\/2026\/04\/Oscar-Cruz-1-585x264.jpg\" alt=\"\" title=\"Oscar-Cruz-(1)\"><\/a><\/div>\n<p>Nuevas miradas del sector<\/p>\n<p>A lo largo del summit, los espacios de networking, ponencias y paneles trazaron una conversaci\u00f3n m\u00e1s amplia sobre el rumbo del entorno empresarial. Claudia Revilla Ostos puso el foco en cerrar brechas dentro del sector; Karla Berman habl\u00f3 de la importancia de asumir riesgos para crecer, y Brenda Estefan abord\u00f3 los retos del nuevo orden econ\u00f3mico frente a un contexto geopol\u00edtico cambiante. Por su parte, Elena Calatayud destac\u00f3 el papel de la inteligencia artificial como una herramienta para anticipar el futuro.<\/p>\n<p>En el panel \u201cEl nuevo ADN empresarial\u201d, Ver\u00f3nica S\u00e1nchez, Mar\u00eda Arias y \u00d3scar Ochoa coincidieron en que liderazgo, cultura y sostenibilidad se han vuelto ejes centrales de transformaci\u00f3n.<\/p>\n<p>As\u00ed, Aso-Li Finance Summit no solo celebr\u00f3 15 a\u00f1os de una instituci\u00f3n financiera.<\/p>\n<p>Tambi\u00e9n dej\u00f3 una idea flotando entre quienes estuvieron ah\u00ed: que cuando el conocimiento circula, las alianzas se fortalecen y el prop\u00f3sito es claro, las finanzas pueden dejar de ser solamente negocio para convertirse en una fuerza capaz de transformar territorios. <span class=\"Apple-converted-space\">\u00a0<\/span><\/p>\n<p>&nbsp;<\/p>\n","protected":false},"excerpt":{"rendered":"<p>En el marco de su 15 aniversario, Avanza S\u00f3lido reuni\u00f3 en Chiapas a l\u00edderes del sector&hellip;<\/p>\n","protected":false},"author":95,"featured_media":90991,"comment_status":"closed","ping_status":"closed","sticky":false,"template":"","format":"standard","meta":{"_acf_changed":false,"_lmt_disableupdate":"","_lmt_disable":"","_mbp_gutenberg_autopost":false,"footnotes":""},"categories":[4],"tags":[],"class_list":["post-90989","post","type-post","status-publish","format-standard","has-post-thumbnail","hentry","category-empresas-y-negocios"],"acf":[],"yoast_head":"<!-- This site is optimized with the Yoast SEO plugin v27.5 - https:\/\/yoast.com\/product\/yoast-seo-wordpress\/ -->\n<title>Finanzas con\u00a0rostro humano | Revista Latitud 21<\/title>\n<meta name=\"description\" content=\"L21, Emprendedores y Negocios en el Caribe Mexicano, es la revista l\u00edder entre el Sector Empresarial y Tur\u00edstico del Caribe Mexicano.\" \/>\n<meta name=\"robots\" content=\"index, follow, max-snippet:-1, max-image-preview:large, max-video-preview:-1\" \/>\n<link rel=\"canonical\" href=\"https:\/\/l21.mx\/?p=90989\" \/>\n<meta name=\"twitter:card\" content=\"summary_large_image\" \/>\n<meta name=\"twitter:title\" content=\"Finanzas con\u00a0rostro humano | Revista Latitud 21\" \/>\n<meta name=\"twitter:description\" content=\"L21, Emprendedores y Negocios en el Caribe Mexicano, es la revista l\u00edder entre el Sector Empresarial y Tur\u00edstico del Caribe Mexicano.\" \/>\n<meta name=\"twitter:image\" content=\"https:\/\/l21.mx\/wp-content\/uploads\/2026\/04\/IMG_20260413_094548.jpg\" \/>\n<meta name=\"twitter:creator\" content=\"@Latitud21mx\" \/>\n<meta name=\"twitter:site\" content=\"@Latitud21mx\" \/>\n<meta name=\"twitter:label1\" content=\"Escrito por\" \/>\n\t<meta name=\"twitter:data1\" content=\"ahernandez@latitud21.com.mx\" \/>\n\t<meta name=\"twitter:label2\" content=\"Tiempo de lectura\" \/>\n\t<meta name=\"twitter:data2\" content=\"7 minutos\" \/>\n<script type=\"application\/ld+json\" class=\"yoast-schema-graph\">{\"@context\":\"https:\\\/\\\/schema.org\",\"@graph\":[{\"@type\":\"Article\",\"@id\":\"https:\\\/\\\/l21.mx\\\/?p=90989#article\",\"isPartOf\":{\"@id\":\"https:\\\/\\\/l21.mx\\\/?p=90989\"},\"author\":{\"name\":\"ahernandez@latitud21.com.mx\",\"@id\":\"https:\\\/\\\/l21.mx\\\/#\\\/schema\\\/person\\\/b3cb342bb947a88e1fc27e05770479da\"},\"headline\":\"Finanzas con\u00a0rostro humano\",\"datePublished\":\"2026-04-30T22:39:17+00:00\",\"mainEntityOfPage\":{\"@id\":\"https:\\\/\\\/l21.mx\\\/?p=90989\"},\"wordCount\":1378,\"publisher\":{\"@id\":\"https:\\\/\\\/l21.mx\\\/#organization\"},\"image\":{\"@id\":\"https:\\\/\\\/l21.mx\\\/?p=90989#primaryimage\"},\"thumbnailUrl\":\"https:\\\/\\\/l21.mx\\\/wp-content\\\/uploads\\\/2026\\\/04\\\/IMG_20260413_094548.jpg\",\"articleSection\":[\"Empresas y Negocios\"],\"inLanguage\":\"es\"},{\"@type\":\"WebPage\",\"@id\":\"https:\\\/\\\/l21.mx\\\/?p=90989\",\"url\":\"https:\\\/\\\/l21.mx\\\/?p=90989\",\"name\":\"Finanzas con\u00a0rostro humano | Revista Latitud 21\",\"isPartOf\":{\"@id\":\"https:\\\/\\\/l21.mx\\\/#website\"},\"primaryImageOfPage\":{\"@id\":\"https:\\\/\\\/l21.mx\\\/?p=90989#primaryimage\"},\"image\":{\"@id\":\"https:\\\/\\\/l21.mx\\\/?p=90989#primaryimage\"},\"thumbnailUrl\":\"https:\\\/\\\/l21.mx\\\/wp-content\\\/uploads\\\/2026\\\/04\\\/IMG_20260413_094548.jpg\",\"datePublished\":\"2026-04-30T22:39:17+00:00\",\"description\":\"L21, Emprendedores y Negocios en el Caribe Mexicano, es la revista l\u00edder entre el Sector Empresarial y Tur\u00edstico del Caribe Mexicano.\",\"breadcrumb\":{\"@id\":\"https:\\\/\\\/l21.mx\\\/?p=90989#breadcrumb\"},\"inLanguage\":\"es\",\"potentialAction\":[{\"@type\":\"ReadAction\",\"target\":[\"https:\\\/\\\/l21.mx\\\/?p=90989\"]}]},{\"@type\":\"ImageObject\",\"inLanguage\":\"es\",\"@id\":\"https:\\\/\\\/l21.mx\\\/?p=90989#primaryimage\",\"url\":\"https:\\\/\\\/l21.mx\\\/wp-content\\\/uploads\\\/2026\\\/04\\\/IMG_20260413_094548.jpg\",\"contentUrl\":\"https:\\\/\\\/l21.mx\\\/wp-content\\\/uploads\\\/2026\\\/04\\\/IMG_20260413_094548.jpg\",\"width\":1500,\"height\":677},{\"@type\":\"BreadcrumbList\",\"@id\":\"https:\\\/\\\/l21.mx\\\/?p=90989#breadcrumb\",\"itemListElement\":[{\"@type\":\"ListItem\",\"position\":1,\"name\":\"Portada\",\"item\":\"https:\\\/\\\/l21.mx\\\/\"},{\"@type\":\"ListItem\",\"position\":2,\"name\":\"Finanzas con\u00a0rostro humano\"}]},{\"@type\":\"WebSite\",\"@id\":\"https:\\\/\\\/l21.mx\\\/#website\",\"url\":\"https:\\\/\\\/l21.mx\\\/\",\"name\":\"Revista Latitud 21\",\"description\":\"Emprendedores  y negocios en el Caribe Mexicano\",\"publisher\":{\"@id\":\"https:\\\/\\\/l21.mx\\\/#organization\"},\"potentialAction\":[{\"@type\":\"SearchAction\",\"target\":{\"@type\":\"EntryPoint\",\"urlTemplate\":\"https:\\\/\\\/l21.mx\\\/?s={search_term_string}\"},\"query-input\":{\"@type\":\"PropertyValueSpecification\",\"valueRequired\":true,\"valueName\":\"search_term_string\"}}],\"inLanguage\":\"es\"},{\"@type\":\"Organization\",\"@id\":\"https:\\\/\\\/l21.mx\\\/#organization\",\"name\":\"Grupo Editorial Latitud 21 SA de CV\",\"url\":\"https:\\\/\\\/l21.mx\\\/\",\"logo\":{\"@type\":\"ImageObject\",\"inLanguage\":\"es\",\"@id\":\"https:\\\/\\\/l21.mx\\\/#\\\/schema\\\/logo\\\/image\\\/\",\"url\":\"https:\\\/\\\/l21.mx\\\/wp-content\\\/uploads\\\/2020\\\/10\\\/logo-l21-baja.jpg\",\"contentUrl\":\"https:\\\/\\\/l21.mx\\\/wp-content\\\/uploads\\\/2020\\\/10\\\/logo-l21-baja.jpg\",\"width\":250,\"height\":250,\"caption\":\"Grupo Editorial Latitud 21 SA de CV\"},\"image\":{\"@id\":\"https:\\\/\\\/l21.mx\\\/#\\\/schema\\\/logo\\\/image\\\/\"},\"sameAs\":[\"https:\\\/\\\/www.facebook.com\\\/RevistaLatitud21\\\/\",\"https:\\\/\\\/x.com\\\/Latitud21mx\"]},{\"@type\":\"Person\",\"@id\":\"https:\\\/\\\/l21.mx\\\/#\\\/schema\\\/person\\\/b3cb342bb947a88e1fc27e05770479da\",\"name\":\"ahernandez@latitud21.com.mx\",\"url\":\"https:\\\/\\\/l21.mx\\\/?author=95\"}]}<\/script>\n<!-- \/ Yoast SEO plugin. -->","yoast_head_json":{"title":"Finanzas con\u00a0rostro humano | Revista Latitud 21","description":"L21, Emprendedores y Negocios en el Caribe Mexicano, es la revista l\u00edder entre el Sector Empresarial y Tur\u00edstico del Caribe Mexicano.","robots":{"index":"index","follow":"follow","max-snippet":"max-snippet:-1","max-image-preview":"max-image-preview:large","max-video-preview":"max-video-preview:-1"},"canonical":"https:\/\/l21.mx\/?p=90989","twitter_card":"summary_large_image","twitter_title":"Finanzas con\u00a0rostro humano | Revista Latitud 21","twitter_description":"L21, Emprendedores y Negocios en el Caribe Mexicano, es la revista l\u00edder entre el Sector Empresarial y Tur\u00edstico del Caribe Mexicano.","twitter_image":"https:\/\/l21.mx\/wp-content\/uploads\/2026\/04\/IMG_20260413_094548.jpg","twitter_creator":"@Latitud21mx","twitter_site":"@Latitud21mx","twitter_misc":{"Escrito por":"ahernandez@latitud21.com.mx","Tiempo de lectura":"7 minutos"},"schema":{"@context":"https:\/\/schema.org","@graph":[{"@type":"Article","@id":"https:\/\/l21.mx\/?p=90989#article","isPartOf":{"@id":"https:\/\/l21.mx\/?p=90989"},"author":{"name":"ahernandez@latitud21.com.mx","@id":"https:\/\/l21.mx\/#\/schema\/person\/b3cb342bb947a88e1fc27e05770479da"},"headline":"Finanzas con\u00a0rostro humano","datePublished":"2026-04-30T22:39:17+00:00","mainEntityOfPage":{"@id":"https:\/\/l21.mx\/?p=90989"},"wordCount":1378,"publisher":{"@id":"https:\/\/l21.mx\/#organization"},"image":{"@id":"https:\/\/l21.mx\/?p=90989#primaryimage"},"thumbnailUrl":"https:\/\/l21.mx\/wp-content\/uploads\/2026\/04\/IMG_20260413_094548.jpg","articleSection":["Empresas y Negocios"],"inLanguage":"es"},{"@type":"WebPage","@id":"https:\/\/l21.mx\/?p=90989","url":"https:\/\/l21.mx\/?p=90989","name":"Finanzas con\u00a0rostro humano | Revista Latitud 21","isPartOf":{"@id":"https:\/\/l21.mx\/#website"},"primaryImageOfPage":{"@id":"https:\/\/l21.mx\/?p=90989#primaryimage"},"image":{"@id":"https:\/\/l21.mx\/?p=90989#primaryimage"},"thumbnailUrl":"https:\/\/l21.mx\/wp-content\/uploads\/2026\/04\/IMG_20260413_094548.jpg","datePublished":"2026-04-30T22:39:17+00:00","description":"L21, Emprendedores y Negocios en el Caribe Mexicano, es la revista l\u00edder entre el Sector Empresarial y Tur\u00edstico del Caribe Mexicano.","breadcrumb":{"@id":"https:\/\/l21.mx\/?p=90989#breadcrumb"},"inLanguage":"es","potentialAction":[{"@type":"ReadAction","target":["https:\/\/l21.mx\/?p=90989"]}]},{"@type":"ImageObject","inLanguage":"es","@id":"https:\/\/l21.mx\/?p=90989#primaryimage","url":"https:\/\/l21.mx\/wp-content\/uploads\/2026\/04\/IMG_20260413_094548.jpg","contentUrl":"https:\/\/l21.mx\/wp-content\/uploads\/2026\/04\/IMG_20260413_094548.jpg","width":1500,"height":677},{"@type":"BreadcrumbList","@id":"https:\/\/l21.mx\/?p=90989#breadcrumb","itemListElement":[{"@type":"ListItem","position":1,"name":"Portada","item":"https:\/\/l21.mx\/"},{"@type":"ListItem","position":2,"name":"Finanzas con\u00a0rostro humano"}]},{"@type":"WebSite","@id":"https:\/\/l21.mx\/#website","url":"https:\/\/l21.mx\/","name":"Revista Latitud 21","description":"Emprendedores  y negocios en el Caribe Mexicano","publisher":{"@id":"https:\/\/l21.mx\/#organization"},"potentialAction":[{"@type":"SearchAction","target":{"@type":"EntryPoint","urlTemplate":"https:\/\/l21.mx\/?s={search_term_string}"},"query-input":{"@type":"PropertyValueSpecification","valueRequired":true,"valueName":"search_term_string"}}],"inLanguage":"es"},{"@type":"Organization","@id":"https:\/\/l21.mx\/#organization","name":"Grupo Editorial Latitud 21 SA de CV","url":"https:\/\/l21.mx\/","logo":{"@type":"ImageObject","inLanguage":"es","@id":"https:\/\/l21.mx\/#\/schema\/logo\/image\/","url":"https:\/\/l21.mx\/wp-content\/uploads\/2020\/10\/logo-l21-baja.jpg","contentUrl":"https:\/\/l21.mx\/wp-content\/uploads\/2020\/10\/logo-l21-baja.jpg","width":250,"height":250,"caption":"Grupo Editorial Latitud 21 SA de CV"},"image":{"@id":"https:\/\/l21.mx\/#\/schema\/logo\/image\/"},"sameAs":["https:\/\/www.facebook.com\/RevistaLatitud21\/","https:\/\/x.com\/Latitud21mx"]},{"@type":"Person","@id":"https:\/\/l21.mx\/#\/schema\/person\/b3cb342bb947a88e1fc27e05770479da","name":"ahernandez@latitud21.com.mx","url":"https:\/\/l21.mx\/?author=95"}]}},"amp_enabled":true,"_links":{"self":[{"href":"https:\/\/l21.mx\/index.php?rest_route=\/wp\/v2\/posts\/90989","targetHints":{"allow":["GET"]}}],"collection":[{"href":"https:\/\/l21.mx\/index.php?rest_route=\/wp\/v2\/posts"}],"about":[{"href":"https:\/\/l21.mx\/index.php?rest_route=\/wp\/v2\/types\/post"}],"author":[{"embeddable":true,"href":"https:\/\/l21.mx\/index.php?rest_route=\/wp\/v2\/users\/95"}],"replies":[{"embeddable":true,"href":"https:\/\/l21.mx\/index.php?rest_route=%2Fwp%2Fv2%2Fcomments&post=90989"}],"version-history":[{"count":1,"href":"https:\/\/l21.mx\/index.php?rest_route=\/wp\/v2\/posts\/90989\/revisions"}],"predecessor-version":[{"id":91000,"href":"https:\/\/l21.mx\/index.php?rest_route=\/wp\/v2\/posts\/90989\/revisions\/91000"}],"wp:featuredmedia":[{"embeddable":true,"href":"https:\/\/l21.mx\/index.php?rest_route=\/wp\/v2\/media\/90991"}],"wp:attachment":[{"href":"https:\/\/l21.mx\/index.php?rest_route=%2Fwp%2Fv2%2Fmedia&parent=90989"}],"wp:term":[{"taxonomy":"category","embeddable":true,"href":"https:\/\/l21.mx\/index.php?rest_route=%2Fwp%2Fv2%2Fcategories&post=90989"},{"taxonomy":"post_tag","embeddable":true,"href":"https:\/\/l21.mx\/index.php?rest_route=%2Fwp%2Fv2%2Ftags&post=90989"}],"curies":[{"name":"wp","href":"https:\/\/api.w.org\/{rel}","templated":true}]}}