{"id":91027,"date":"2026-04-30T17:46:38","date_gmt":"2026-04-30T22:46:38","guid":{"rendered":"https:\/\/l21.mx\/?p=91027"},"modified":"2026-04-30T17:46:38","modified_gmt":"2026-04-30T22:46:38","slug":"turismo-con-raices","status":"publish","type":"post","link":"https:\/\/l21.mx\/?p=91027","title":{"rendered":"Turismo con ra\u00edces"},"content":{"rendered":"<p>&nbsp;<\/p>\n<p><span class=\"Apple-converted-space\">\u00a0<\/span>lu\u2019um kuxtal<\/p>\n<p>El reconocimiento internacional otorgado a Co\u2019ox Mayab en los Premios WTM Latin America coloc\u00f3 a Yucat\u00e1n como ejemplo de turismo comunitario en Am\u00e9rica Latina. La organizaci\u00f3n fue distinguida por su modelo de colaboraci\u00f3n entre comunidades que integran experiencias culturales y naturales con beneficios econ\u00f3micos directos para sus habitantes. El premio refuerza el valor de un turismo que preserva identidad, patrimonio y medio ambiente, al tiempo que abre nuevas oportunidades para peque\u00f1as empresas locales. Este logro ampl\u00eda la proyecci\u00f3n internacional del estado en un segmento cada vez m\u00e1s valorado por viajeros que buscan experiencias aut\u00e9nticas y sostenibles.<\/p>\n","protected":false},"excerpt":{"rendered":"<p>&nbsp; \u00a0lu\u2019um kuxtal El reconocimiento internacional otorgado a Co\u2019ox Mayab en los Premios WTM Latin America&hellip;<\/p>\n","protected":false},"author":95,"featured_media":91023,"comment_status":"closed","ping_status":"closed","sticky":false,"template":"","format":"standard","meta":{"_acf_changed":false,"_lmt_disableupdate":"","_lmt_disable":"","_mbp_gutenberg_autopost":false,"footnotes":""},"categories":[223],"tags":[],"class_list":["post-91027","post","type-post","status-publish","format-standard","has-post-thumbnail","hentry","category-meridiano-87"],"acf":[],"yoast_head":"<!-- This site is optimized with the Yoast SEO plugin v27.5 - https:\/\/yoast.com\/product\/yoast-seo-wordpress\/ -->\n<title>Turismo con ra\u00edces | Revista Latitud 21<\/title>\n<meta name=\"description\" content=\"L21, Emprendedores y Negocios en el Caribe Mexicano, es la revista l\u00edder entre el Sector Empresarial y Tur\u00edstico del Caribe Mexicano.\" \/>\n<meta name=\"robots\" content=\"index, follow, max-snippet:-1, max-image-preview:large, max-video-preview:-1\" \/>\n<link rel=\"canonical\" href=\"https:\/\/l21.mx\/?p=91027\" \/>\n<meta name=\"twitter:card\" content=\"summary_large_image\" \/>\n<meta name=\"twitter:title\" content=\"Turismo con ra\u00edces | Revista Latitud 21\" \/>\n<meta name=\"twitter:description\" content=\"L21, Emprendedores y Negocios en el Caribe Mexicano, es la revista l\u00edder entre el Sector Empresarial y Tur\u00edstico del Caribe Mexicano.\" \/>\n<meta name=\"twitter:image\" content=\"https:\/\/l21.mx\/wp-content\/uploads\/2026\/04\/Turismo-con-raices.jpg\" \/>\n<meta name=\"twitter:creator\" content=\"@Latitud21mx\" \/>\n<meta name=\"twitter:site\" content=\"@Latitud21mx\" \/>\n<meta name=\"twitter:label1\" content=\"Escrito por\" \/>\n\t<meta name=\"twitter:data1\" content=\"ahernandez@latitud21.com.mx\" \/>\n\t<meta name=\"twitter:label2\" content=\"Tiempo de lectura\" \/>\n\t<meta name=\"twitter:data2\" content=\"1 minuto\" \/>\n<script type=\"application\/ld+json\" class=\"yoast-schema-graph\">{\"@context\":\"https:\\\/\\\/schema.org\",\"@graph\":[{\"@type\":\"Article\",\"@id\":\"https:\\\/\\\/l21.mx\\\/?p=91027#article\",\"isPartOf\":{\"@id\":\"https:\\\/\\\/l21.mx\\\/?p=91027\"},\"author\":{\"name\":\"ahernandez@latitud21.com.mx\",\"@id\":\"https:\\\/\\\/l21.mx\\\/#\\\/schema\\\/person\\\/b3cb342bb947a88e1fc27e05770479da\"},\"headline\":\"Turismo con ra\u00edces\",\"datePublished\":\"2026-04-30T22:46:38+00:00\",\"mainEntityOfPage\":{\"@id\":\"https:\\\/\\\/l21.mx\\\/?p=91027\"},\"wordCount\":115,\"publisher\":{\"@id\":\"https:\\\/\\\/l21.mx\\\/#organization\"},\"image\":{\"@id\":\"https:\\\/\\\/l21.mx\\\/?p=91027#primaryimage\"},\"thumbnailUrl\":\"https:\\\/\\\/l21.mx\\\/wp-content\\\/uploads\\\/2026\\\/04\\\/Turismo-con-raices.jpg\",\"articleSection\":[\"Meridiano 87\"],\"inLanguage\":\"es\"},{\"@type\":\"WebPage\",\"@id\":\"https:\\\/\\\/l21.mx\\\/?p=91027\",\"url\":\"https:\\\/\\\/l21.mx\\\/?p=91027\",\"name\":\"Turismo con ra\u00edces | Revista Latitud 21\",\"isPartOf\":{\"@id\":\"https:\\\/\\\/l21.mx\\\/#website\"},\"primaryImageOfPage\":{\"@id\":\"https:\\\/\\\/l21.mx\\\/?p=91027#primaryimage\"},\"image\":{\"@id\":\"https:\\\/\\\/l21.mx\\\/?p=91027#primaryimage\"},\"thumbnailUrl\":\"https:\\\/\\\/l21.mx\\\/wp-content\\\/uploads\\\/2026\\\/04\\\/Turismo-con-raices.jpg\",\"datePublished\":\"2026-04-30T22:46:38+00:00\",\"description\":\"L21, Emprendedores y Negocios en el Caribe Mexicano, es la revista l\u00edder entre el Sector Empresarial y Tur\u00edstico del Caribe Mexicano.\",\"breadcrumb\":{\"@id\":\"https:\\\/\\\/l21.mx\\\/?p=91027#breadcrumb\"},\"inLanguage\":\"es\",\"potentialAction\":[{\"@type\":\"ReadAction\",\"target\":[\"https:\\\/\\\/l21.mx\\\/?p=91027\"]}]},{\"@type\":\"ImageObject\",\"inLanguage\":\"es\",\"@id\":\"https:\\\/\\\/l21.mx\\\/?p=91027#primaryimage\",\"url\":\"https:\\\/\\\/l21.mx\\\/wp-content\\\/uploads\\\/2026\\\/04\\\/Turismo-con-raices.jpg\",\"contentUrl\":\"https:\\\/\\\/l21.mx\\\/wp-content\\\/uploads\\\/2026\\\/04\\\/Turismo-con-raices.jpg\",\"width\":1500,\"height\":1215},{\"@type\":\"BreadcrumbList\",\"@id\":\"https:\\\/\\\/l21.mx\\\/?p=91027#breadcrumb\",\"itemListElement\":[{\"@type\":\"ListItem\",\"position\":1,\"name\":\"Portada\",\"item\":\"https:\\\/\\\/l21.mx\\\/\"},{\"@type\":\"ListItem\",\"position\":2,\"name\":\"Turismo con ra\u00edces\"}]},{\"@type\":\"WebSite\",\"@id\":\"https:\\\/\\\/l21.mx\\\/#website\",\"url\":\"https:\\\/\\\/l21.mx\\\/\",\"name\":\"Revista Latitud 21\",\"description\":\"Emprendedores  y negocios en el Caribe Mexicano\",\"publisher\":{\"@id\":\"https:\\\/\\\/l21.mx\\\/#organization\"},\"potentialAction\":[{\"@type\":\"SearchAction\",\"target\":{\"@type\":\"EntryPoint\",\"urlTemplate\":\"https:\\\/\\\/l21.mx\\\/?s={search_term_string}\"},\"query-input\":{\"@type\":\"PropertyValueSpecification\",\"valueRequired\":true,\"valueName\":\"search_term_string\"}}],\"inLanguage\":\"es\"},{\"@type\":\"Organization\",\"@id\":\"https:\\\/\\\/l21.mx\\\/#organization\",\"name\":\"Grupo Editorial Latitud 21 SA de CV\",\"url\":\"https:\\\/\\\/l21.mx\\\/\",\"logo\":{\"@type\":\"ImageObject\",\"inLanguage\":\"es\",\"@id\":\"https:\\\/\\\/l21.mx\\\/#\\\/schema\\\/logo\\\/image\\\/\",\"url\":\"https:\\\/\\\/l21.mx\\\/wp-content\\\/uploads\\\/2020\\\/10\\\/logo-l21-baja.jpg\",\"contentUrl\":\"https:\\\/\\\/l21.mx\\\/wp-content\\\/uploads\\\/2020\\\/10\\\/logo-l21-baja.jpg\",\"width\":250,\"height\":250,\"caption\":\"Grupo Editorial Latitud 21 SA de CV\"},\"image\":{\"@id\":\"https:\\\/\\\/l21.mx\\\/#\\\/schema\\\/logo\\\/image\\\/\"},\"sameAs\":[\"https:\\\/\\\/www.facebook.com\\\/RevistaLatitud21\\\/\",\"https:\\\/\\\/x.com\\\/Latitud21mx\"]},{\"@type\":\"Person\",\"@id\":\"https:\\\/\\\/l21.mx\\\/#\\\/schema\\\/person\\\/b3cb342bb947a88e1fc27e05770479da\",\"name\":\"ahernandez@latitud21.com.mx\",\"url\":\"https:\\\/\\\/l21.mx\\\/?author=95\"}]}<\/script>\n<!-- \/ Yoast SEO plugin. -->","yoast_head_json":{"title":"Turismo con ra\u00edces | Revista Latitud 21","description":"L21, Emprendedores y Negocios en el Caribe Mexicano, es la revista l\u00edder entre el Sector Empresarial y Tur\u00edstico del Caribe Mexicano.","robots":{"index":"index","follow":"follow","max-snippet":"max-snippet:-1","max-image-preview":"max-image-preview:large","max-video-preview":"max-video-preview:-1"},"canonical":"https:\/\/l21.mx\/?p=91027","twitter_card":"summary_large_image","twitter_title":"Turismo con ra\u00edces | Revista Latitud 21","twitter_description":"L21, Emprendedores y Negocios en el Caribe Mexicano, es la revista l\u00edder entre el Sector Empresarial y Tur\u00edstico del Caribe Mexicano.","twitter_image":"https:\/\/l21.mx\/wp-content\/uploads\/2026\/04\/Turismo-con-raices.jpg","twitter_creator":"@Latitud21mx","twitter_site":"@Latitud21mx","twitter_misc":{"Escrito por":"ahernandez@latitud21.com.mx","Tiempo de lectura":"1 minuto"},"schema":{"@context":"https:\/\/schema.org","@graph":[{"@type":"Article","@id":"https:\/\/l21.mx\/?p=91027#article","isPartOf":{"@id":"https:\/\/l21.mx\/?p=91027"},"author":{"name":"ahernandez@latitud21.com.mx","@id":"https:\/\/l21.mx\/#\/schema\/person\/b3cb342bb947a88e1fc27e05770479da"},"headline":"Turismo con ra\u00edces","datePublished":"2026-04-30T22:46:38+00:00","mainEntityOfPage":{"@id":"https:\/\/l21.mx\/?p=91027"},"wordCount":115,"publisher":{"@id":"https:\/\/l21.mx\/#organization"},"image":{"@id":"https:\/\/l21.mx\/?p=91027#primaryimage"},"thumbnailUrl":"https:\/\/l21.mx\/wp-content\/uploads\/2026\/04\/Turismo-con-raices.jpg","articleSection":["Meridiano 87"],"inLanguage":"es"},{"@type":"WebPage","@id":"https:\/\/l21.mx\/?p=91027","url":"https:\/\/l21.mx\/?p=91027","name":"Turismo con ra\u00edces | Revista Latitud 21","isPartOf":{"@id":"https:\/\/l21.mx\/#website"},"primaryImageOfPage":{"@id":"https:\/\/l21.mx\/?p=91027#primaryimage"},"image":{"@id":"https:\/\/l21.mx\/?p=91027#primaryimage"},"thumbnailUrl":"https:\/\/l21.mx\/wp-content\/uploads\/2026\/04\/Turismo-con-raices.jpg","datePublished":"2026-04-30T22:46:38+00:00","description":"L21, Emprendedores y Negocios en el Caribe Mexicano, es la revista l\u00edder entre el Sector Empresarial y Tur\u00edstico del Caribe Mexicano.","breadcrumb":{"@id":"https:\/\/l21.mx\/?p=91027#breadcrumb"},"inLanguage":"es","potentialAction":[{"@type":"ReadAction","target":["https:\/\/l21.mx\/?p=91027"]}]},{"@type":"ImageObject","inLanguage":"es","@id":"https:\/\/l21.mx\/?p=91027#primaryimage","url":"https:\/\/l21.mx\/wp-content\/uploads\/2026\/04\/Turismo-con-raices.jpg","contentUrl":"https:\/\/l21.mx\/wp-content\/uploads\/2026\/04\/Turismo-con-raices.jpg","width":1500,"height":1215},{"@type":"BreadcrumbList","@id":"https:\/\/l21.mx\/?p=91027#breadcrumb","itemListElement":[{"@type":"ListItem","position":1,"name":"Portada","item":"https:\/\/l21.mx\/"},{"@type":"ListItem","position":2,"name":"Turismo con ra\u00edces"}]},{"@type":"WebSite","@id":"https:\/\/l21.mx\/#website","url":"https:\/\/l21.mx\/","name":"Revista Latitud 21","description":"Emprendedores  y negocios en el Caribe Mexicano","publisher":{"@id":"https:\/\/l21.mx\/#organization"},"potentialAction":[{"@type":"SearchAction","target":{"@type":"EntryPoint","urlTemplate":"https:\/\/l21.mx\/?s={search_term_string}"},"query-input":{"@type":"PropertyValueSpecification","valueRequired":true,"valueName":"search_term_string"}}],"inLanguage":"es"},{"@type":"Organization","@id":"https:\/\/l21.mx\/#organization","name":"Grupo Editorial Latitud 21 SA de CV","url":"https:\/\/l21.mx\/","logo":{"@type":"ImageObject","inLanguage":"es","@id":"https:\/\/l21.mx\/#\/schema\/logo\/image\/","url":"https:\/\/l21.mx\/wp-content\/uploads\/2020\/10\/logo-l21-baja.jpg","contentUrl":"https:\/\/l21.mx\/wp-content\/uploads\/2020\/10\/logo-l21-baja.jpg","width":250,"height":250,"caption":"Grupo Editorial Latitud 21 SA de CV"},"image":{"@id":"https:\/\/l21.mx\/#\/schema\/logo\/image\/"},"sameAs":["https:\/\/www.facebook.com\/RevistaLatitud21\/","https:\/\/x.com\/Latitud21mx"]},{"@type":"Person","@id":"https:\/\/l21.mx\/#\/schema\/person\/b3cb342bb947a88e1fc27e05770479da","name":"ahernandez@latitud21.com.mx","url":"https:\/\/l21.mx\/?author=95"}]}},"amp_enabled":true,"_links":{"self":[{"href":"https:\/\/l21.mx\/index.php?rest_route=\/wp\/v2\/posts\/91027","targetHints":{"allow":["GET"]}}],"collection":[{"href":"https:\/\/l21.mx\/index.php?rest_route=\/wp\/v2\/posts"}],"about":[{"href":"https:\/\/l21.mx\/index.php?rest_route=\/wp\/v2\/types\/post"}],"author":[{"embeddable":true,"href":"https:\/\/l21.mx\/index.php?rest_route=\/wp\/v2\/users\/95"}],"replies":[{"embeddable":true,"href":"https:\/\/l21.mx\/index.php?rest_route=%2Fwp%2Fv2%2Fcomments&post=91027"}],"version-history":[{"count":1,"href":"https:\/\/l21.mx\/index.php?rest_route=\/wp\/v2\/posts\/91027\/revisions"}],"predecessor-version":[{"id":91030,"href":"https:\/\/l21.mx\/index.php?rest_route=\/wp\/v2\/posts\/91027\/revisions\/91030"}],"wp:featuredmedia":[{"embeddable":true,"href":"https:\/\/l21.mx\/index.php?rest_route=\/wp\/v2\/media\/91023"}],"wp:attachment":[{"href":"https:\/\/l21.mx\/index.php?rest_route=%2Fwp%2Fv2%2Fmedia&parent=91027"}],"wp:term":[{"taxonomy":"category","embeddable":true,"href":"https:\/\/l21.mx\/index.php?rest_route=%2Fwp%2Fv2%2Fcategories&post=91027"},{"taxonomy":"post_tag","embeddable":true,"href":"https:\/\/l21.mx\/index.php?rest_route=%2Fwp%2Fv2%2Ftags&post=91027"}],"curies":[{"name":"wp","href":"https:\/\/api.w.org\/{rel}","templated":true}]}}