{"id":91051,"date":"2026-04-30T17:55:21","date_gmt":"2026-04-30T22:55:21","guid":{"rendered":"https:\/\/l21.mx\/?p=91051"},"modified":"2026-04-30T17:55:21","modified_gmt":"2026-04-30T22:55:21","slug":"lectura-estrategica-de-las-finanzas","status":"publish","type":"post","link":"https:\/\/l21.mx\/?p=91051","title":{"rendered":"Lectura\u00a0estrat\u00e9gica de las finanzas"},"content":{"rendered":"<p><b>Con un nuevo liderazgo, el Instituto Mexicano de Ejecutivos de Finanzas (IMEF) en Quintana Roo impulsa una agenda centrada en an\u00e1lisis econ\u00f3mico, formaci\u00f3n de talento y vinculaci\u00f3n institucional.<\/b><\/p>\n<p><b>E<\/b>n un estado donde la actividad tur\u00edstica define buena parte del ritmo empresarial, la lectura de los indicadores econ\u00f3micos no puede limitarse a una visi\u00f3n nacional. Quintana Roo exige un an\u00e1lisis propio, capaz de interpretar una econom\u00eda marcada por la conectividad internacional, la inversi\u00f3n extranjera y una industria de servicios que responde con rapidez a los cambios globales. Bajo esa premisa, el Instituto Mexicano de Ejecutivos de Finanzas (IMEF) renov\u00f3 su Consejo Directivo en el estado, abriendo una nueva etapa orientada a fortalecer la cultura financiera, ampliar su presencia regional y consolidar al organismo como una referencia t\u00e9cnica para la toma de decisiones en el Caribe mexicano.<\/p>\n<p>Con la llegada de \u00c1ngel Gerardo Dzib Flores a la presidencia local y el respaldo de Gabriela Guti\u00e9rrez Mora, presidenta nacional del instituto, el organismo plantea una agenda que combina formaci\u00f3n, an\u00e1lisis econ\u00f3mico y vinculaci\u00f3n institucional, en un momento en que la regi\u00f3n demanda informaci\u00f3n m\u00e1s especializada para responder a un entorno econ\u00f3mico global cada vez m\u00e1s complejo.<\/p>\n<p style=\"text-align: center;\"><strong>Regi\u00f3n estrat\u00e9gica<span class=\"Apple-converted-space\">\u00a0<\/span>para el pa\u00eds<\/strong><\/p>\n<p>Desde la presidencia nacional del IMEF, Gabriela Guti\u00e9rrez Mora destac\u00f3 que Quintana Roo ocupa una posici\u00f3n singular dentro del panorama econ\u00f3mico mexicano. M\u00e1s all\u00e1 de su peso tur\u00edstico, la entidad representa un punto estrat\u00e9gico por su conectividad a\u00e9rea, su capacidad de atraer capital y su papel como motor de crecimiento en el sureste del pa\u00eds.<\/p>\n<p>Dijo que el valor del IMEF radica en ofrecer informaci\u00f3n confiable en un contexto de creciente incertidumbre. Cada mes, el organismo realiza una encuesta de perspectivas econ\u00f3micas en la que participan decenas de economistas especializados que eval\u00faan variables como crecimiento del PIB, inflaci\u00f3n, tipo de cambio, pol\u00edtica monetaria, empleo y balance fiscal.<\/p>\n<p>A este ejercicio se suma el Indicador IMEF, construido a partir de la participaci\u00f3n de cientos de empresas del pa\u00eds que reportan el comportamiento de todos los sectores. La combinaci\u00f3n de ambos instrumentos permite al instituto elaborar an\u00e1lisis coyunturales que sirven como referencia para empresas, gobiernos y tomadores de decisiones.<\/p>\n<p>Guti\u00e9rrez Mora subraya que esta informaci\u00f3n cobra especial relevancia en regiones como Quintana Roo, donde factores internacionales como conflictos geopol\u00edticos, alertas de viaje o variaciones en los mercados globales pueden tener efectos directos sobre la actividad tur\u00edstica y la confianza de inversi\u00f3n.<\/p>\n<p>A\u00f1adi\u00f3 que M\u00e9xico mantiene condiciones que lo convierten en un destino atractivo para la inversi\u00f3n, y dentro de ese escenario Quintana Roo conserva una posici\u00f3n privilegiada por su infraestructura y su exposici\u00f3n al turismo mundial.<\/p>\n<p>No obstante, advierte que el verdadero reto para el estado, como para el pa\u00eds, ser\u00e1 convertir ese crecimiento en desarrollo m\u00e1s equilibrado. En ese punto, la educaci\u00f3n financiera y la inclusi\u00f3n se han convertido en uno de los ejes prioritarios del instituto a nivel nacional, con iniciativas que buscan llevar conocimiento econ\u00f3mico no solo al sector corporativo, sino tambi\u00e9n a comunidades y segmentos tradicionalmente alejados de estas herramientas.<span class=\"Apple-converted-space\">\u00a0<\/span> <span class=\"Apple-converted-space\">\u00a0<\/span><\/p>\n<p style=\"text-align: center;\"><strong>Q. Roo, liderazgo hacia<span class=\"Apple-converted-space\">\u00a0<\/span>la consolidaci\u00f3n<\/strong><\/p>\n<p>\u00c1ngel Gerardo Dzib Flores asumi\u00f3 la presidencia del IMEF Quintana Roo en una etapa clave para el crecimiento del organismo en la entidad.<span class=\"Apple-converted-space\">\u00a0<\/span><\/p>\n<p>Aunque el grupo local es uno de los m\u00e1s j\u00f3venes dentro de la estructura nacional -se form\u00f3 en 2024-, el nuevo presidente considera que precisamente esa condici\u00f3n representa una oportunidad para consolidar una presencia m\u00e1s s\u00f3lida dentro del ecosistema empresarial del estado.<\/p>\n<p>Entre los objetivos centrales de esta nueva etapa se encuentra ampliar la membres\u00eda, fortalecer la difusi\u00f3n de informaci\u00f3n econ\u00f3mica y acercar los an\u00e1lisis financieros a un mayor n\u00famero de sectores productivos.<span class=\"Apple-converted-space\">\u00a0<\/span><\/p>\n<p>Dzib sostiene que una de las tareas m\u00e1s importantes ser\u00e1 adaptar ese conocimiento a una econom\u00eda donde predominan hoteles, servicios, agencias de viaje y actividades vinculadas al turismo internacional, permitiendo que la informaci\u00f3n sea realmente funcional para quienes toman decisiones en Quintana Roo.<\/p>\n<p>Adem\u00e1s del an\u00e1lisis econ\u00f3mico, la nueva dirigencia local busca fortalecer la relaci\u00f3n entre empresa, academia y gobierno. En ese sentido, el organismo ya trabaja con universidades del estado para impulsar programas de mentor\u00eda, conferencias y formaci\u00f3n para j\u00f3venes interesados en el \u00e1mbito financiero.<\/p>\n<p>El modelo contempla la integraci\u00f3n de estudiantes de distintas disciplinas al trabajo del instituto, especialmente a trav\u00e9s del IMEF Universitario, una plataforma de la que form\u00f3 parte el propio Dzib Flores, y que permite a nuevas generaciones involucrarse desde etapas tempranas en la discusi\u00f3n econ\u00f3mica y empresarial. La intenci\u00f3n es generar un relevo profesional m\u00e1s preparado y al mismo tiempo construir una comunidad financiera m\u00e1s robusta en la regi\u00f3n.<\/p>\n<p>A ello se suma el inter\u00e9s por consolidar puentes con organismos empresariales como el Consejo Coordinador Empresarial y Coparmex, con la finalidad de fortalecer la presencia del instituto dentro de los espacios donde se discuten decisiones relevantes para el desarrollo del estado.<\/p>\n","protected":false},"excerpt":{"rendered":"<p>Con un nuevo liderazgo, el Instituto Mexicano de Ejecutivos de Finanzas (IMEF) en Quintana Roo impulsa&hellip;<\/p>\n","protected":false},"author":95,"featured_media":91052,"comment_status":"closed","ping_status":"closed","sticky":false,"template":"","format":"standard","meta":{"_acf_changed":false,"_lmt_disableupdate":"","_lmt_disable":"","_mbp_gutenberg_autopost":false,"footnotes":""},"categories":[36],"tags":[],"class_list":["post-91051","post","type-post","status-publish","format-standard","has-post-thumbnail","hentry","category-encuentros"],"acf":[],"yoast_head":"<!-- This site is optimized with the Yoast SEO plugin v27.5 - https:\/\/yoast.com\/product\/yoast-seo-wordpress\/ -->\n<title>Lectura\u00a0estrat\u00e9gica de las finanzas | Revista Latitud 21<\/title>\n<meta name=\"description\" content=\"L21, Emprendedores y Negocios en el Caribe Mexicano, es la revista l\u00edder entre el Sector Empresarial y Tur\u00edstico del Caribe Mexicano.\" \/>\n<meta name=\"robots\" content=\"index, follow, max-snippet:-1, max-image-preview:large, max-video-preview:-1\" \/>\n<link rel=\"canonical\" href=\"https:\/\/l21.mx\/?p=91051\" \/>\n<meta name=\"twitter:card\" content=\"summary_large_image\" \/>\n<meta name=\"twitter:title\" content=\"Lectura\u00a0estrat\u00e9gica de las finanzas | Revista Latitud 21\" \/>\n<meta name=\"twitter:description\" content=\"L21, Emprendedores y Negocios en el Caribe Mexicano, es la revista l\u00edder entre el Sector Empresarial y Tur\u00edstico del Caribe Mexicano.\" \/>\n<meta name=\"twitter:image\" content=\"https:\/\/l21.mx\/wp-content\/uploads\/2026\/04\/encuentros-l21-mayo-2026.jpg\" \/>\n<meta name=\"twitter:creator\" content=\"@Latitud21mx\" \/>\n<meta name=\"twitter:site\" content=\"@Latitud21mx\" \/>\n<meta name=\"twitter:label1\" content=\"Escrito por\" \/>\n\t<meta name=\"twitter:data1\" content=\"ahernandez@latitud21.com.mx\" \/>\n\t<meta name=\"twitter:label2\" content=\"Tiempo de lectura\" \/>\n\t<meta name=\"twitter:data2\" content=\"4 minutos\" \/>\n<script type=\"application\/ld+json\" class=\"yoast-schema-graph\">{\"@context\":\"https:\\\/\\\/schema.org\",\"@graph\":[{\"@type\":\"Article\",\"@id\":\"https:\\\/\\\/l21.mx\\\/?p=91051#article\",\"isPartOf\":{\"@id\":\"https:\\\/\\\/l21.mx\\\/?p=91051\"},\"author\":{\"name\":\"ahernandez@latitud21.com.mx\",\"@id\":\"https:\\\/\\\/l21.mx\\\/#\\\/schema\\\/person\\\/b3cb342bb947a88e1fc27e05770479da\"},\"headline\":\"Lectura\u00a0estrat\u00e9gica de las finanzas\",\"datePublished\":\"2026-04-30T22:55:21+00:00\",\"mainEntityOfPage\":{\"@id\":\"https:\\\/\\\/l21.mx\\\/?p=91051\"},\"wordCount\":893,\"publisher\":{\"@id\":\"https:\\\/\\\/l21.mx\\\/#organization\"},\"image\":{\"@id\":\"https:\\\/\\\/l21.mx\\\/?p=91051#primaryimage\"},\"thumbnailUrl\":\"https:\\\/\\\/l21.mx\\\/wp-content\\\/uploads\\\/2026\\\/04\\\/encuentros-l21-mayo-2026.jpg\",\"articleSection\":[\"Encuentros\"],\"inLanguage\":\"es\"},{\"@type\":\"WebPage\",\"@id\":\"https:\\\/\\\/l21.mx\\\/?p=91051\",\"url\":\"https:\\\/\\\/l21.mx\\\/?p=91051\",\"name\":\"Lectura\u00a0estrat\u00e9gica de las finanzas | Revista Latitud 21\",\"isPartOf\":{\"@id\":\"https:\\\/\\\/l21.mx\\\/#website\"},\"primaryImageOfPage\":{\"@id\":\"https:\\\/\\\/l21.mx\\\/?p=91051#primaryimage\"},\"image\":{\"@id\":\"https:\\\/\\\/l21.mx\\\/?p=91051#primaryimage\"},\"thumbnailUrl\":\"https:\\\/\\\/l21.mx\\\/wp-content\\\/uploads\\\/2026\\\/04\\\/encuentros-l21-mayo-2026.jpg\",\"datePublished\":\"2026-04-30T22:55:21+00:00\",\"description\":\"L21, Emprendedores y Negocios en el Caribe Mexicano, es la revista l\u00edder entre el Sector Empresarial y Tur\u00edstico del Caribe Mexicano.\",\"breadcrumb\":{\"@id\":\"https:\\\/\\\/l21.mx\\\/?p=91051#breadcrumb\"},\"inLanguage\":\"es\",\"potentialAction\":[{\"@type\":\"ReadAction\",\"target\":[\"https:\\\/\\\/l21.mx\\\/?p=91051\"]}]},{\"@type\":\"ImageObject\",\"inLanguage\":\"es\",\"@id\":\"https:\\\/\\\/l21.mx\\\/?p=91051#primaryimage\",\"url\":\"https:\\\/\\\/l21.mx\\\/wp-content\\\/uploads\\\/2026\\\/04\\\/encuentros-l21-mayo-2026.jpg\",\"contentUrl\":\"https:\\\/\\\/l21.mx\\\/wp-content\\\/uploads\\\/2026\\\/04\\\/encuentros-l21-mayo-2026.jpg\",\"width\":1294,\"height\":993},{\"@type\":\"BreadcrumbList\",\"@id\":\"https:\\\/\\\/l21.mx\\\/?p=91051#breadcrumb\",\"itemListElement\":[{\"@type\":\"ListItem\",\"position\":1,\"name\":\"Portada\",\"item\":\"https:\\\/\\\/l21.mx\\\/\"},{\"@type\":\"ListItem\",\"position\":2,\"name\":\"Lectura\u00a0estrat\u00e9gica de las finanzas\"}]},{\"@type\":\"WebSite\",\"@id\":\"https:\\\/\\\/l21.mx\\\/#website\",\"url\":\"https:\\\/\\\/l21.mx\\\/\",\"name\":\"Revista Latitud 21\",\"description\":\"Emprendedores  y negocios en el Caribe Mexicano\",\"publisher\":{\"@id\":\"https:\\\/\\\/l21.mx\\\/#organization\"},\"potentialAction\":[{\"@type\":\"SearchAction\",\"target\":{\"@type\":\"EntryPoint\",\"urlTemplate\":\"https:\\\/\\\/l21.mx\\\/?s={search_term_string}\"},\"query-input\":{\"@type\":\"PropertyValueSpecification\",\"valueRequired\":true,\"valueName\":\"search_term_string\"}}],\"inLanguage\":\"es\"},{\"@type\":\"Organization\",\"@id\":\"https:\\\/\\\/l21.mx\\\/#organization\",\"name\":\"Grupo Editorial Latitud 21 SA de CV\",\"url\":\"https:\\\/\\\/l21.mx\\\/\",\"logo\":{\"@type\":\"ImageObject\",\"inLanguage\":\"es\",\"@id\":\"https:\\\/\\\/l21.mx\\\/#\\\/schema\\\/logo\\\/image\\\/\",\"url\":\"https:\\\/\\\/l21.mx\\\/wp-content\\\/uploads\\\/2020\\\/10\\\/logo-l21-baja.jpg\",\"contentUrl\":\"https:\\\/\\\/l21.mx\\\/wp-content\\\/uploads\\\/2020\\\/10\\\/logo-l21-baja.jpg\",\"width\":250,\"height\":250,\"caption\":\"Grupo Editorial Latitud 21 SA de CV\"},\"image\":{\"@id\":\"https:\\\/\\\/l21.mx\\\/#\\\/schema\\\/logo\\\/image\\\/\"},\"sameAs\":[\"https:\\\/\\\/www.facebook.com\\\/RevistaLatitud21\\\/\",\"https:\\\/\\\/x.com\\\/Latitud21mx\"]},{\"@type\":\"Person\",\"@id\":\"https:\\\/\\\/l21.mx\\\/#\\\/schema\\\/person\\\/b3cb342bb947a88e1fc27e05770479da\",\"name\":\"ahernandez@latitud21.com.mx\",\"url\":\"https:\\\/\\\/l21.mx\\\/?author=95\"}]}<\/script>\n<!-- \/ Yoast SEO plugin. -->","yoast_head_json":{"title":"Lectura\u00a0estrat\u00e9gica de las finanzas | Revista Latitud 21","description":"L21, Emprendedores y Negocios en el Caribe Mexicano, es la revista l\u00edder entre el Sector Empresarial y Tur\u00edstico del Caribe Mexicano.","robots":{"index":"index","follow":"follow","max-snippet":"max-snippet:-1","max-image-preview":"max-image-preview:large","max-video-preview":"max-video-preview:-1"},"canonical":"https:\/\/l21.mx\/?p=91051","twitter_card":"summary_large_image","twitter_title":"Lectura\u00a0estrat\u00e9gica de las finanzas | Revista Latitud 21","twitter_description":"L21, Emprendedores y Negocios en el Caribe Mexicano, es la revista l\u00edder entre el Sector Empresarial y Tur\u00edstico del Caribe Mexicano.","twitter_image":"https:\/\/l21.mx\/wp-content\/uploads\/2026\/04\/encuentros-l21-mayo-2026.jpg","twitter_creator":"@Latitud21mx","twitter_site":"@Latitud21mx","twitter_misc":{"Escrito por":"ahernandez@latitud21.com.mx","Tiempo de lectura":"4 minutos"},"schema":{"@context":"https:\/\/schema.org","@graph":[{"@type":"Article","@id":"https:\/\/l21.mx\/?p=91051#article","isPartOf":{"@id":"https:\/\/l21.mx\/?p=91051"},"author":{"name":"ahernandez@latitud21.com.mx","@id":"https:\/\/l21.mx\/#\/schema\/person\/b3cb342bb947a88e1fc27e05770479da"},"headline":"Lectura\u00a0estrat\u00e9gica de las finanzas","datePublished":"2026-04-30T22:55:21+00:00","mainEntityOfPage":{"@id":"https:\/\/l21.mx\/?p=91051"},"wordCount":893,"publisher":{"@id":"https:\/\/l21.mx\/#organization"},"image":{"@id":"https:\/\/l21.mx\/?p=91051#primaryimage"},"thumbnailUrl":"https:\/\/l21.mx\/wp-content\/uploads\/2026\/04\/encuentros-l21-mayo-2026.jpg","articleSection":["Encuentros"],"inLanguage":"es"},{"@type":"WebPage","@id":"https:\/\/l21.mx\/?p=91051","url":"https:\/\/l21.mx\/?p=91051","name":"Lectura\u00a0estrat\u00e9gica de las finanzas | Revista Latitud 21","isPartOf":{"@id":"https:\/\/l21.mx\/#website"},"primaryImageOfPage":{"@id":"https:\/\/l21.mx\/?p=91051#primaryimage"},"image":{"@id":"https:\/\/l21.mx\/?p=91051#primaryimage"},"thumbnailUrl":"https:\/\/l21.mx\/wp-content\/uploads\/2026\/04\/encuentros-l21-mayo-2026.jpg","datePublished":"2026-04-30T22:55:21+00:00","description":"L21, Emprendedores y Negocios en el Caribe Mexicano, es la revista l\u00edder entre el Sector Empresarial y Tur\u00edstico del Caribe Mexicano.","breadcrumb":{"@id":"https:\/\/l21.mx\/?p=91051#breadcrumb"},"inLanguage":"es","potentialAction":[{"@type":"ReadAction","target":["https:\/\/l21.mx\/?p=91051"]}]},{"@type":"ImageObject","inLanguage":"es","@id":"https:\/\/l21.mx\/?p=91051#primaryimage","url":"https:\/\/l21.mx\/wp-content\/uploads\/2026\/04\/encuentros-l21-mayo-2026.jpg","contentUrl":"https:\/\/l21.mx\/wp-content\/uploads\/2026\/04\/encuentros-l21-mayo-2026.jpg","width":1294,"height":993},{"@type":"BreadcrumbList","@id":"https:\/\/l21.mx\/?p=91051#breadcrumb","itemListElement":[{"@type":"ListItem","position":1,"name":"Portada","item":"https:\/\/l21.mx\/"},{"@type":"ListItem","position":2,"name":"Lectura\u00a0estrat\u00e9gica de las finanzas"}]},{"@type":"WebSite","@id":"https:\/\/l21.mx\/#website","url":"https:\/\/l21.mx\/","name":"Revista Latitud 21","description":"Emprendedores  y negocios en el Caribe Mexicano","publisher":{"@id":"https:\/\/l21.mx\/#organization"},"potentialAction":[{"@type":"SearchAction","target":{"@type":"EntryPoint","urlTemplate":"https:\/\/l21.mx\/?s={search_term_string}"},"query-input":{"@type":"PropertyValueSpecification","valueRequired":true,"valueName":"search_term_string"}}],"inLanguage":"es"},{"@type":"Organization","@id":"https:\/\/l21.mx\/#organization","name":"Grupo Editorial Latitud 21 SA de CV","url":"https:\/\/l21.mx\/","logo":{"@type":"ImageObject","inLanguage":"es","@id":"https:\/\/l21.mx\/#\/schema\/logo\/image\/","url":"https:\/\/l21.mx\/wp-content\/uploads\/2020\/10\/logo-l21-baja.jpg","contentUrl":"https:\/\/l21.mx\/wp-content\/uploads\/2020\/10\/logo-l21-baja.jpg","width":250,"height":250,"caption":"Grupo Editorial Latitud 21 SA de CV"},"image":{"@id":"https:\/\/l21.mx\/#\/schema\/logo\/image\/"},"sameAs":["https:\/\/www.facebook.com\/RevistaLatitud21\/","https:\/\/x.com\/Latitud21mx"]},{"@type":"Person","@id":"https:\/\/l21.mx\/#\/schema\/person\/b3cb342bb947a88e1fc27e05770479da","name":"ahernandez@latitud21.com.mx","url":"https:\/\/l21.mx\/?author=95"}]}},"amp_enabled":true,"_links":{"self":[{"href":"https:\/\/l21.mx\/index.php?rest_route=\/wp\/v2\/posts\/91051","targetHints":{"allow":["GET"]}}],"collection":[{"href":"https:\/\/l21.mx\/index.php?rest_route=\/wp\/v2\/posts"}],"about":[{"href":"https:\/\/l21.mx\/index.php?rest_route=\/wp\/v2\/types\/post"}],"author":[{"embeddable":true,"href":"https:\/\/l21.mx\/index.php?rest_route=\/wp\/v2\/users\/95"}],"replies":[{"embeddable":true,"href":"https:\/\/l21.mx\/index.php?rest_route=%2Fwp%2Fv2%2Fcomments&post=91051"}],"version-history":[{"count":1,"href":"https:\/\/l21.mx\/index.php?rest_route=\/wp\/v2\/posts\/91051\/revisions"}],"predecessor-version":[{"id":91055,"href":"https:\/\/l21.mx\/index.php?rest_route=\/wp\/v2\/posts\/91051\/revisions\/91055"}],"wp:featuredmedia":[{"embeddable":true,"href":"https:\/\/l21.mx\/index.php?rest_route=\/wp\/v2\/media\/91052"}],"wp:attachment":[{"href":"https:\/\/l21.mx\/index.php?rest_route=%2Fwp%2Fv2%2Fmedia&parent=91051"}],"wp:term":[{"taxonomy":"category","embeddable":true,"href":"https:\/\/l21.mx\/index.php?rest_route=%2Fwp%2Fv2%2Fcategories&post=91051"},{"taxonomy":"post_tag","embeddable":true,"href":"https:\/\/l21.mx\/index.php?rest_route=%2Fwp%2Fv2%2Ftags&post=91051"}],"curies":[{"name":"wp","href":"https:\/\/api.w.org\/{rel}","templated":true}]}}