{"id":91136,"date":"2026-04-30T18:18:03","date_gmt":"2026-04-30T23:18:03","guid":{"rendered":"https:\/\/l21.mx\/?p=91136"},"modified":"2026-04-30T18:18:03","modified_gmt":"2026-04-30T23:18:03","slug":"15-17-de-mayo-rodeo-de-lanchas-mexicanas","status":"publish","type":"post","link":"https:\/\/l21.mx\/?p=91136","title":{"rendered":"15-17 de mayo \u2022 Rodeo de Lanchas Mexicanas"},"content":{"rendered":"<p>&nbsp;<\/p>\n<p>&nbsp;<\/p>\n<p><b>Cozumel celebrar\u00e1 la edici\u00f3n 55 del Rodeo de Lanchas Mexicanas, una de las tradiciones n\u00e1uticas m\u00e1s emblem\u00e1ticas de Quintana Roo. El torneo de pesca deportiva reunir\u00e1 a participantes locales y visitantes en un fin de semana que combina competencia, convivencia y promoci\u00f3n tur\u00edstica para la isla. Tras la participaci\u00f3n de 110 embarcaciones en la edici\u00f3n anterior, los organizadores esperan superar la cifra este a\u00f1o. Adem\u00e1s del impacto deportivo, el evento representa una importante oportunidad para la actividad hotelera, restaurantera y comercial del destino.<\/b><\/p>\n","protected":false},"excerpt":{"rendered":"<p>&nbsp; &nbsp; Cozumel celebrar\u00e1 la edici\u00f3n 55 del Rodeo de Lanchas Mexicanas, una de las tradiciones&hellip;<\/p>\n","protected":false},"author":95,"featured_media":91110,"comment_status":"closed","ping_status":"closed","sticky":false,"template":"","format":"standard","meta":{"_acf_changed":false,"_lmt_disableupdate":"","_lmt_disable":"","_mbp_gutenberg_autopost":false,"footnotes":""},"categories":[476],"tags":[],"class_list":["post-91136","post","type-post","status-publish","format-standard","has-post-thumbnail","hentry","category-agenda"],"acf":[],"yoast_head":"<!-- This site is optimized with the Yoast SEO plugin v27.5 - https:\/\/yoast.com\/product\/yoast-seo-wordpress\/ -->\n<title>15-17 de mayo \u2022 Rodeo de Lanchas Mexicanas | Revista Latitud 21<\/title>\n<meta name=\"description\" content=\"L21, Emprendedores y Negocios en el Caribe Mexicano, es la revista l\u00edder entre el Sector Empresarial y Tur\u00edstico del Caribe Mexicano.\" \/>\n<meta name=\"robots\" content=\"index, follow, max-snippet:-1, max-image-preview:large, max-video-preview:-1\" \/>\n<link rel=\"canonical\" href=\"https:\/\/l21.mx\/?p=91136\" \/>\n<meta name=\"twitter:card\" content=\"summary_large_image\" \/>\n<meta name=\"twitter:title\" content=\"15-17 de mayo \u2022 Rodeo de Lanchas Mexicanas | Revista Latitud 21\" \/>\n<meta name=\"twitter:description\" content=\"L21, Emprendedores y Negocios en el Caribe Mexicano, es la revista l\u00edder entre el Sector Empresarial y Tur\u00edstico del Caribe Mexicano.\" \/>\n<meta name=\"twitter:image\" content=\"https:\/\/l21.mx\/wp-content\/uploads\/2026\/04\/rodeo-de-lanchas.jpg\" \/>\n<meta name=\"twitter:creator\" content=\"@Latitud21mx\" \/>\n<meta name=\"twitter:site\" content=\"@Latitud21mx\" \/>\n<meta name=\"twitter:label1\" content=\"Escrito por\" \/>\n\t<meta name=\"twitter:data1\" content=\"ahernandez@latitud21.com.mx\" \/>\n\t<meta name=\"twitter:label2\" content=\"Tiempo de lectura\" \/>\n\t<meta name=\"twitter:data2\" content=\"1 minuto\" \/>\n<script type=\"application\/ld+json\" class=\"yoast-schema-graph\">{\"@context\":\"https:\\\/\\\/schema.org\",\"@graph\":[{\"@type\":\"Article\",\"@id\":\"https:\\\/\\\/l21.mx\\\/?p=91136#article\",\"isPartOf\":{\"@id\":\"https:\\\/\\\/l21.mx\\\/?p=91136\"},\"author\":{\"name\":\"ahernandez@latitud21.com.mx\",\"@id\":\"https:\\\/\\\/l21.mx\\\/#\\\/schema\\\/person\\\/b3cb342bb947a88e1fc27e05770479da\"},\"headline\":\"15-17 de mayo \u2022 Rodeo de Lanchas Mexicanas\",\"datePublished\":\"2026-04-30T23:18:03+00:00\",\"mainEntityOfPage\":{\"@id\":\"https:\\\/\\\/l21.mx\\\/?p=91136\"},\"wordCount\":100,\"publisher\":{\"@id\":\"https:\\\/\\\/l21.mx\\\/#organization\"},\"image\":{\"@id\":\"https:\\\/\\\/l21.mx\\\/?p=91136#primaryimage\"},\"thumbnailUrl\":\"https:\\\/\\\/l21.mx\\\/wp-content\\\/uploads\\\/2026\\\/04\\\/rodeo-de-lanchas.jpg\",\"articleSection\":[\"Agenda\"],\"inLanguage\":\"es\"},{\"@type\":\"WebPage\",\"@id\":\"https:\\\/\\\/l21.mx\\\/?p=91136\",\"url\":\"https:\\\/\\\/l21.mx\\\/?p=91136\",\"name\":\"15-17 de mayo \u2022 Rodeo de Lanchas Mexicanas | Revista Latitud 21\",\"isPartOf\":{\"@id\":\"https:\\\/\\\/l21.mx\\\/#website\"},\"primaryImageOfPage\":{\"@id\":\"https:\\\/\\\/l21.mx\\\/?p=91136#primaryimage\"},\"image\":{\"@id\":\"https:\\\/\\\/l21.mx\\\/?p=91136#primaryimage\"},\"thumbnailUrl\":\"https:\\\/\\\/l21.mx\\\/wp-content\\\/uploads\\\/2026\\\/04\\\/rodeo-de-lanchas.jpg\",\"datePublished\":\"2026-04-30T23:18:03+00:00\",\"description\":\"L21, Emprendedores y Negocios en el Caribe Mexicano, es la revista l\u00edder entre el Sector Empresarial y Tur\u00edstico del Caribe Mexicano.\",\"breadcrumb\":{\"@id\":\"https:\\\/\\\/l21.mx\\\/?p=91136#breadcrumb\"},\"inLanguage\":\"es\",\"potentialAction\":[{\"@type\":\"ReadAction\",\"target\":[\"https:\\\/\\\/l21.mx\\\/?p=91136\"]}]},{\"@type\":\"ImageObject\",\"inLanguage\":\"es\",\"@id\":\"https:\\\/\\\/l21.mx\\\/?p=91136#primaryimage\",\"url\":\"https:\\\/\\\/l21.mx\\\/wp-content\\\/uploads\\\/2026\\\/04\\\/rodeo-de-lanchas.jpg\",\"contentUrl\":\"https:\\\/\\\/l21.mx\\\/wp-content\\\/uploads\\\/2026\\\/04\\\/rodeo-de-lanchas.jpg\",\"width\":1500,\"height\":844},{\"@type\":\"BreadcrumbList\",\"@id\":\"https:\\\/\\\/l21.mx\\\/?p=91136#breadcrumb\",\"itemListElement\":[{\"@type\":\"ListItem\",\"position\":1,\"name\":\"Portada\",\"item\":\"https:\\\/\\\/l21.mx\\\/\"},{\"@type\":\"ListItem\",\"position\":2,\"name\":\"15-17 de mayo \u2022 Rodeo de Lanchas Mexicanas\"}]},{\"@type\":\"WebSite\",\"@id\":\"https:\\\/\\\/l21.mx\\\/#website\",\"url\":\"https:\\\/\\\/l21.mx\\\/\",\"name\":\"Revista Latitud 21\",\"description\":\"Emprendedores  y negocios en el Caribe Mexicano\",\"publisher\":{\"@id\":\"https:\\\/\\\/l21.mx\\\/#organization\"},\"potentialAction\":[{\"@type\":\"SearchAction\",\"target\":{\"@type\":\"EntryPoint\",\"urlTemplate\":\"https:\\\/\\\/l21.mx\\\/?s={search_term_string}\"},\"query-input\":{\"@type\":\"PropertyValueSpecification\",\"valueRequired\":true,\"valueName\":\"search_term_string\"}}],\"inLanguage\":\"es\"},{\"@type\":\"Organization\",\"@id\":\"https:\\\/\\\/l21.mx\\\/#organization\",\"name\":\"Grupo Editorial Latitud 21 SA de CV\",\"url\":\"https:\\\/\\\/l21.mx\\\/\",\"logo\":{\"@type\":\"ImageObject\",\"inLanguage\":\"es\",\"@id\":\"https:\\\/\\\/l21.mx\\\/#\\\/schema\\\/logo\\\/image\\\/\",\"url\":\"https:\\\/\\\/l21.mx\\\/wp-content\\\/uploads\\\/2020\\\/10\\\/logo-l21-baja.jpg\",\"contentUrl\":\"https:\\\/\\\/l21.mx\\\/wp-content\\\/uploads\\\/2020\\\/10\\\/logo-l21-baja.jpg\",\"width\":250,\"height\":250,\"caption\":\"Grupo Editorial Latitud 21 SA de CV\"},\"image\":{\"@id\":\"https:\\\/\\\/l21.mx\\\/#\\\/schema\\\/logo\\\/image\\\/\"},\"sameAs\":[\"https:\\\/\\\/www.facebook.com\\\/RevistaLatitud21\\\/\",\"https:\\\/\\\/x.com\\\/Latitud21mx\"]},{\"@type\":\"Person\",\"@id\":\"https:\\\/\\\/l21.mx\\\/#\\\/schema\\\/person\\\/b3cb342bb947a88e1fc27e05770479da\",\"name\":\"ahernandez@latitud21.com.mx\",\"url\":\"https:\\\/\\\/l21.mx\\\/?author=95\"}]}<\/script>\n<!-- \/ Yoast SEO plugin. -->","yoast_head_json":{"title":"15-17 de mayo \u2022 Rodeo de Lanchas Mexicanas | Revista Latitud 21","description":"L21, Emprendedores y Negocios en el Caribe Mexicano, es la revista l\u00edder entre el Sector Empresarial y Tur\u00edstico del Caribe Mexicano.","robots":{"index":"index","follow":"follow","max-snippet":"max-snippet:-1","max-image-preview":"max-image-preview:large","max-video-preview":"max-video-preview:-1"},"canonical":"https:\/\/l21.mx\/?p=91136","twitter_card":"summary_large_image","twitter_title":"15-17 de mayo \u2022 Rodeo de Lanchas Mexicanas | Revista Latitud 21","twitter_description":"L21, Emprendedores y Negocios en el Caribe Mexicano, es la revista l\u00edder entre el Sector Empresarial y Tur\u00edstico del Caribe Mexicano.","twitter_image":"https:\/\/l21.mx\/wp-content\/uploads\/2026\/04\/rodeo-de-lanchas.jpg","twitter_creator":"@Latitud21mx","twitter_site":"@Latitud21mx","twitter_misc":{"Escrito por":"ahernandez@latitud21.com.mx","Tiempo de lectura":"1 minuto"},"schema":{"@context":"https:\/\/schema.org","@graph":[{"@type":"Article","@id":"https:\/\/l21.mx\/?p=91136#article","isPartOf":{"@id":"https:\/\/l21.mx\/?p=91136"},"author":{"name":"ahernandez@latitud21.com.mx","@id":"https:\/\/l21.mx\/#\/schema\/person\/b3cb342bb947a88e1fc27e05770479da"},"headline":"15-17 de mayo \u2022 Rodeo de Lanchas Mexicanas","datePublished":"2026-04-30T23:18:03+00:00","mainEntityOfPage":{"@id":"https:\/\/l21.mx\/?p=91136"},"wordCount":100,"publisher":{"@id":"https:\/\/l21.mx\/#organization"},"image":{"@id":"https:\/\/l21.mx\/?p=91136#primaryimage"},"thumbnailUrl":"https:\/\/l21.mx\/wp-content\/uploads\/2026\/04\/rodeo-de-lanchas.jpg","articleSection":["Agenda"],"inLanguage":"es"},{"@type":"WebPage","@id":"https:\/\/l21.mx\/?p=91136","url":"https:\/\/l21.mx\/?p=91136","name":"15-17 de mayo \u2022 Rodeo de Lanchas Mexicanas | Revista Latitud 21","isPartOf":{"@id":"https:\/\/l21.mx\/#website"},"primaryImageOfPage":{"@id":"https:\/\/l21.mx\/?p=91136#primaryimage"},"image":{"@id":"https:\/\/l21.mx\/?p=91136#primaryimage"},"thumbnailUrl":"https:\/\/l21.mx\/wp-content\/uploads\/2026\/04\/rodeo-de-lanchas.jpg","datePublished":"2026-04-30T23:18:03+00:00","description":"L21, Emprendedores y Negocios en el Caribe Mexicano, es la revista l\u00edder entre el Sector Empresarial y Tur\u00edstico del Caribe Mexicano.","breadcrumb":{"@id":"https:\/\/l21.mx\/?p=91136#breadcrumb"},"inLanguage":"es","potentialAction":[{"@type":"ReadAction","target":["https:\/\/l21.mx\/?p=91136"]}]},{"@type":"ImageObject","inLanguage":"es","@id":"https:\/\/l21.mx\/?p=91136#primaryimage","url":"https:\/\/l21.mx\/wp-content\/uploads\/2026\/04\/rodeo-de-lanchas.jpg","contentUrl":"https:\/\/l21.mx\/wp-content\/uploads\/2026\/04\/rodeo-de-lanchas.jpg","width":1500,"height":844},{"@type":"BreadcrumbList","@id":"https:\/\/l21.mx\/?p=91136#breadcrumb","itemListElement":[{"@type":"ListItem","position":1,"name":"Portada","item":"https:\/\/l21.mx\/"},{"@type":"ListItem","position":2,"name":"15-17 de mayo \u2022 Rodeo de Lanchas Mexicanas"}]},{"@type":"WebSite","@id":"https:\/\/l21.mx\/#website","url":"https:\/\/l21.mx\/","name":"Revista Latitud 21","description":"Emprendedores  y negocios en el Caribe Mexicano","publisher":{"@id":"https:\/\/l21.mx\/#organization"},"potentialAction":[{"@type":"SearchAction","target":{"@type":"EntryPoint","urlTemplate":"https:\/\/l21.mx\/?s={search_term_string}"},"query-input":{"@type":"PropertyValueSpecification","valueRequired":true,"valueName":"search_term_string"}}],"inLanguage":"es"},{"@type":"Organization","@id":"https:\/\/l21.mx\/#organization","name":"Grupo Editorial Latitud 21 SA de CV","url":"https:\/\/l21.mx\/","logo":{"@type":"ImageObject","inLanguage":"es","@id":"https:\/\/l21.mx\/#\/schema\/logo\/image\/","url":"https:\/\/l21.mx\/wp-content\/uploads\/2020\/10\/logo-l21-baja.jpg","contentUrl":"https:\/\/l21.mx\/wp-content\/uploads\/2020\/10\/logo-l21-baja.jpg","width":250,"height":250,"caption":"Grupo Editorial Latitud 21 SA de CV"},"image":{"@id":"https:\/\/l21.mx\/#\/schema\/logo\/image\/"},"sameAs":["https:\/\/www.facebook.com\/RevistaLatitud21\/","https:\/\/x.com\/Latitud21mx"]},{"@type":"Person","@id":"https:\/\/l21.mx\/#\/schema\/person\/b3cb342bb947a88e1fc27e05770479da","name":"ahernandez@latitud21.com.mx","url":"https:\/\/l21.mx\/?author=95"}]}},"amp_enabled":true,"_links":{"self":[{"href":"https:\/\/l21.mx\/index.php?rest_route=\/wp\/v2\/posts\/91136","targetHints":{"allow":["GET"]}}],"collection":[{"href":"https:\/\/l21.mx\/index.php?rest_route=\/wp\/v2\/posts"}],"about":[{"href":"https:\/\/l21.mx\/index.php?rest_route=\/wp\/v2\/types\/post"}],"author":[{"embeddable":true,"href":"https:\/\/l21.mx\/index.php?rest_route=\/wp\/v2\/users\/95"}],"replies":[{"embeddable":true,"href":"https:\/\/l21.mx\/index.php?rest_route=%2Fwp%2Fv2%2Fcomments&post=91136"}],"version-history":[{"count":1,"href":"https:\/\/l21.mx\/index.php?rest_route=\/wp\/v2\/posts\/91136\/revisions"}],"predecessor-version":[{"id":91139,"href":"https:\/\/l21.mx\/index.php?rest_route=\/wp\/v2\/posts\/91136\/revisions\/91139"}],"wp:featuredmedia":[{"embeddable":true,"href":"https:\/\/l21.mx\/index.php?rest_route=\/wp\/v2\/media\/91110"}],"wp:attachment":[{"href":"https:\/\/l21.mx\/index.php?rest_route=%2Fwp%2Fv2%2Fmedia&parent=91136"}],"wp:term":[{"taxonomy":"category","embeddable":true,"href":"https:\/\/l21.mx\/index.php?rest_route=%2Fwp%2Fv2%2Fcategories&post=91136"},{"taxonomy":"post_tag","embeddable":true,"href":"https:\/\/l21.mx\/index.php?rest_route=%2Fwp%2Fv2%2Ftags&post=91136"}],"curies":[{"name":"wp","href":"https:\/\/api.w.org\/{rel}","templated":true}]}}