{"id":91343,"date":"2026-06-01T19:43:27","date_gmt":"2026-06-02T00:43:27","guid":{"rendered":"https:\/\/l21.mx\/?p=91343"},"modified":"2026-06-01T19:43:27","modified_gmt":"2026-06-02T00:43:27","slug":"fortalece-q-roo-finanzas-municipales-con-convenios-de-predial","status":"publish","type":"post","link":"https:\/\/l21.mx\/?p=91343","title":{"rendered":"Fortalece Q. Roo finanzas municipales con convenios de predial"},"content":{"rendered":"<p style=\"font-weight: 400;\">\n<p style=\"font-weight: 400;\">\n<p style=\"font-weight: 400;\">\n<p style=\"font-weight: 400;\">Chetumal, Q. Roo.- El Gobierno del Estado de Quintana Roo, a trav\u00e9s de la Secretar\u00eda de Finanzas y Planeaci\u00f3n (SEFIPLAN) y el Servicio de Administraci\u00f3n Tributaria de Quintana Roo (SATQ), impulsa la firma de convenios de coordinaci\u00f3n para el cobro del impuesto predial, con el objetivo de fortalecer las finanzas municipales y traducir estos recursos en m\u00e1s y mejores servicios para las y los ciudadanos.<\/p>\n<p style=\"font-weight: 400;\">Este esquema permite a los municipios mejorar su recaudaci\u00f3n de predial, al tiempo de incrementar sus participaciones federales y acceder a incentivos del Fondo de Fomento Municipal, fortaleciendo as\u00ed sus ingresos propios.<\/p>\n<p style=\"font-weight: 400;\">Durante m\u00e1s de una d\u00e9cada, ning\u00fan municipio de Quintana Roo hab\u00eda accedido a estos incentivos. Con la firma de convenios por parte de los municipios de Jos\u00e9 Mar\u00eda Morelos, L\u00e1zaro C\u00e1rdenas, Felipe Carrillo Puerto, Playa del Carmen y Oth\u00f3n P. Blanco, podr\u00e1n recibir alrededor de 66 millones de pesos adicionales en 2026, recursos que anteriormente se perd\u00edan.<\/p>\n<p style=\"font-weight: 400;\">Para las y los contribuyentes, estos convenios representan una mejora significativa, ya que el SATQ apoyar\u00e1 en la recepci\u00f3n de pagos, brindando m\u00e1s opciones y canales \u00e1giles, accesibles y transparentes que faciliten el cumplimiento de sus contribuciones.<\/p>\n<p style=\"font-weight: 400;\">\n<p style=\"font-weight: 400;\">\n","protected":false},"excerpt":{"rendered":"<p>Chetumal, Q. Roo.- El Gobierno del Estado de Quintana Roo, a trav\u00e9s de la Secretar\u00eda de&hellip;<\/p>\n","protected":false},"author":95,"featured_media":91344,"comment_status":"closed","ping_status":"closed","sticky":false,"template":"","format":"standard","meta":{"_acf_changed":false,"_lmt_disableupdate":"","_lmt_disable":"","_mbp_gutenberg_autopost":false,"footnotes":""},"categories":[23],"tags":[],"class_list":["post-91343","post","type-post","status-publish","format-standard","has-post-thumbnail","hentry","category-noticias"],"acf":[],"_links":{"self":[{"href":"https:\/\/l21.mx\/index.php?rest_route=\/wp\/v2\/posts\/91343","targetHints":{"allow":["GET"]}}],"collection":[{"href":"https:\/\/l21.mx\/index.php?rest_route=\/wp\/v2\/posts"}],"about":[{"href":"https:\/\/l21.mx\/index.php?rest_route=\/wp\/v2\/types\/post"}],"author":[{"embeddable":true,"href":"https:\/\/l21.mx\/index.php?rest_route=\/wp\/v2\/users\/95"}],"replies":[{"embeddable":true,"href":"https:\/\/l21.mx\/index.php?rest_route=%2Fwp%2Fv2%2Fcomments&post=91343"}],"version-history":[{"count":0,"href":"https:\/\/l21.mx\/index.php?rest_route=\/wp\/v2\/posts\/91343\/revisions"}],"wp:featuredmedia":[{"embeddable":true,"href":"https:\/\/l21.mx\/index.php?rest_route=\/wp\/v2\/media\/91344"}],"wp:attachment":[{"href":"https:\/\/l21.mx\/index.php?rest_route=%2Fwp%2Fv2%2Fmedia&parent=91343"}],"wp:term":[{"taxonomy":"category","embeddable":true,"href":"https:\/\/l21.mx\/index.php?rest_route=%2Fwp%2Fv2%2Fcategories&post=91343"},{"taxonomy":"post_tag","embeddable":true,"href":"https:\/\/l21.mx\/index.php?rest_route=%2Fwp%2Fv2%2Ftags&post=91343"}],"curies":[{"name":"wp","href":"https:\/\/api.w.org\/{rel}","templated":true}]}}