{"id":91355,"date":"2026-06-01T19:47:59","date_gmt":"2026-06-02T00:47:59","guid":{"rendered":"https:\/\/l21.mx\/?p=91355"},"modified":"2026-06-01T19:47:59","modified_gmt":"2026-06-02T00:47:59","slug":"refuerzan-acciones-aduaneras-para-frenar-mercancia-ilegal","status":"publish","type":"post","link":"https:\/\/l21.mx\/?p=91355","title":{"rendered":"Refuerzan acciones aduaneras para frenar mercanc\u00eda ilegal"},"content":{"rendered":"<p style=\"font-weight: 400;\">Chetumal, Quintana Roo. &#8211; El Gobierno del Estado de Quintana Roo, a trav\u00e9s de la Secretar\u00eda de Finanzas y Planeaci\u00f3n (SEFIPLAN), informa que, a partir de la primera quincena de mayo de 2026, por conducto de la Direcci\u00f3n de Comercio Exterior, dependiente de Subsecretaria de Ingresos, pondr\u00e1 en marcha acciones de verificaci\u00f3n en materia de comercio exterior, orientadas a fortalecer el cumplimiento de las obligaciones fiscales y aduaneras.<\/p>\n<p style=\"font-weight: 400;\">El programa contempla visitas domiciliarias, auditor\u00edas, revisiones en centros de almacenamiento, establecimientos comerciales, as\u00ed como la verificaci\u00f3n de mercanc\u00edas en transporte y de la legal estancia de veh\u00edculos de procedencia extranjera.<\/p>\n<p style=\"font-weight: 400;\">El prop\u00f3sito de estas acciones es claro: proteger la econom\u00eda de las familias quintanarroenses, fortalecer la competencia leal entre los negocios y cerrar el paso a la introducci\u00f3n ilegal de mercanc\u00edas contribuyendo as\u00ed a un desarrollo m\u00e1s justo y equilibrado, con una visi\u00f3n de gobierno cercano y honesto, encabezado por la gobernadora Mara Lezama.<\/p>\n<div data-sliderid=\"19806\" id=\"penci-post-gallery__19806\" class=\"penci-post-gallery-container justified column-2\" data-height=\"150\" data-margin=\"3\"><a class=\"penci-gallery-ite item-gallery-justified\" href=\"https:\/\/l21.mx\/wp-content\/uploads\/2026\/06\/LAMINA1.jpeg\" data-rel=\"penci-gallery-image-content\" ><img decoding=\"async\" src=\"https:\/\/l21.mx\/wp-content\/uploads\/2026\/06\/LAMINA1-585x712.jpeg\" alt=\"\" title=\"L\u00c1MINA1\"><\/a><a class=\"penci-gallery-ite item-gallery-justified\" href=\"https:\/\/l21.mx\/wp-content\/uploads\/2026\/06\/LAMINA2.jpeg\" data-rel=\"penci-gallery-image-content\" ><img decoding=\"async\" src=\"https:\/\/l21.mx\/wp-content\/uploads\/2026\/06\/LAMINA2-585x713.jpeg\" alt=\"\" title=\"L\u00c1MINA2\"><\/a><a class=\"penci-gallery-ite item-gallery-justified\" href=\"https:\/\/l21.mx\/wp-content\/uploads\/2026\/06\/LAMINA3.jpeg\" data-rel=\"penci-gallery-image-content\" ><img decoding=\"async\" src=\"https:\/\/l21.mx\/wp-content\/uploads\/2026\/06\/LAMINA3-585x713.jpeg\" alt=\"\" title=\"L\u00c1MINA3\"><\/a><a class=\"penci-gallery-ite item-gallery-justified\" href=\"https:\/\/l21.mx\/wp-content\/uploads\/2026\/06\/LAMINA4.jpeg\" data-rel=\"penci-gallery-image-content\" ><img decoding=\"async\" src=\"https:\/\/l21.mx\/wp-content\/uploads\/2026\/06\/LAMINA4-585x713.jpeg\" alt=\"\" title=\"L\u00c1MINA4\"><\/a><a class=\"penci-gallery-ite item-gallery-justified\" href=\"https:\/\/l21.mx\/wp-content\/uploads\/2026\/06\/LAMINA5.jpeg\" data-rel=\"penci-gallery-image-content\" ><img decoding=\"async\" src=\"https:\/\/l21.mx\/wp-content\/uploads\/2026\/06\/LAMINA5-585x713.jpeg\" alt=\"\" title=\"L\u00c1MINA5\"><\/a><\/div>\n","protected":false},"excerpt":{"rendered":"<p>Chetumal, Quintana Roo. &#8211; El Gobierno del Estado de Quintana Roo, a trav\u00e9s de la Secretar\u00eda&hellip;<\/p>\n","protected":false},"author":95,"featured_media":91356,"comment_status":"closed","ping_status":"closed","sticky":false,"template":"","format":"standard","meta":{"_acf_changed":false,"_lmt_disableupdate":"","_lmt_disable":"","_mbp_gutenberg_autopost":false,"footnotes":""},"categories":[23],"tags":[],"class_list":["post-91355","post","type-post","status-publish","format-standard","has-post-thumbnail","hentry","category-noticias"],"acf":[],"_links":{"self":[{"href":"https:\/\/l21.mx\/index.php?rest_route=\/wp\/v2\/posts\/91355","targetHints":{"allow":["GET"]}}],"collection":[{"href":"https:\/\/l21.mx\/index.php?rest_route=\/wp\/v2\/posts"}],"about":[{"href":"https:\/\/l21.mx\/index.php?rest_route=\/wp\/v2\/types\/post"}],"author":[{"embeddable":true,"href":"https:\/\/l21.mx\/index.php?rest_route=\/wp\/v2\/users\/95"}],"replies":[{"embeddable":true,"href":"https:\/\/l21.mx\/index.php?rest_route=%2Fwp%2Fv2%2Fcomments&post=91355"}],"version-history":[{"count":0,"href":"https:\/\/l21.mx\/index.php?rest_route=\/wp\/v2\/posts\/91355\/revisions"}],"wp:featuredmedia":[{"embeddable":true,"href":"https:\/\/l21.mx\/index.php?rest_route=\/wp\/v2\/media\/91356"}],"wp:attachment":[{"href":"https:\/\/l21.mx\/index.php?rest_route=%2Fwp%2Fv2%2Fmedia&parent=91355"}],"wp:term":[{"taxonomy":"category","embeddable":true,"href":"https:\/\/l21.mx\/index.php?rest_route=%2Fwp%2Fv2%2Fcategories&post=91355"},{"taxonomy":"post_tag","embeddable":true,"href":"https:\/\/l21.mx\/index.php?rest_route=%2Fwp%2Fv2%2Ftags&post=91355"}],"curies":[{"name":"wp","href":"https:\/\/api.w.org\/{rel}","templated":true}]}}